{"id":646540,"date":"2026-08-26T01:10:28","date_gmt":"2026-08-26T01:10:28","guid":{"rendered":"https:\/\/www.europesays.com\/pl\/646540\/"},"modified":"2026-08-26T01:10:28","modified_gmt":"2026-08-26T01:10:28","slug":"policzyli-ile-kosztowaly-weta-prezydenta-realizuje-trzy-podstawowe-cele","status":"publish","type":"post","link":"https:\/\/www.europesays.com\/pl\/646540\/","title":{"rendered":"Policzyli, ile kosztowa\u0142y weta prezydenta. &#8222;Realizuje trzy podstawowe cele&#8221;"},"content":{"rendered":"<p class=\"font-primary mb-8 text-lg leading-[1.55] [&amp;_a]:text-[#23437D] [&amp;_a]:underline [&amp;_a]:font-bold\">&#8211; Prezydent Nawrocki realizuje swoj\u0105 polityk\u0119. Trudno, \u017ceby realizowa\u0142 polityk\u0119 korzystn\u0105 dla rz\u0105du. Wiem, \u017ce bardzo cz\u0119sto podnoszony jest argument, \u017ce jest to polityka ze szkod\u0105 dla Polek i Polak\u00f3w. Oczywi\u015bcie, \u017ce jest ze szkod\u0105 dla Polek i Polak\u00f3w &#8211; oceni\u0142 w Polskim Radiu 24 Piotr Ma\u015blak, dziennikarz TVP. <\/p>\n<p class=\"text-dark text-center text-lg leading-[1.35] font-semibold italic md:!text-2xl\">Mam takie g\u0142\u0119bokie przekonanie, \u017ce ju\u017c dawno istotna si\u0142a polityczna w Polsce nie traktuje priorytetowo potrzeb Polek i Polak\u00f3w<\/p>\n<p>&#8222;Prezydent realizuje trzy podstawowe cele&#8221;<\/p>\n<p class=\"font-primary mb-8 text-lg leading-[1.55] [&amp;_a]:text-[#23437D] [&amp;_a]:underline [&amp;_a]:font-bold\">Go\u015b\u0107 Polskiego Radia 24, odnosz\u0105c si\u0119 do danych resortu finans\u00f3w, wskaza\u0142, \u017ce nale\u017ca\u0142oby si\u0119 pochyli\u0107 nad ka\u017cdym wetem osobno. &#8211; Prezydent, ujmuj\u0105c to og\u00f3lnie, realizuje trzy podstawowe cele: ten jego osobisty, czyli druga kadencja w Pa\u0142acu Prezydenckim. Teraz jak zrealizowa\u0107 ten cel? Tutaj przychodzi cel drugi, czyli zabieganie o poparcie Konfederacji &#8211; wyja\u015bni\u0142.<\/p>\n<p>Redakcja poleca<\/p>\n<p class=\"font-primary mb-8 text-lg leading-[1.55] [&amp;_a]:text-[#23437D] [&amp;_a]:underline [&amp;_a]:font-bold\">&#8211; W tym kontek\u015bcie, je\u017celi spojrzymy na decyzje prezydenta, brak podatku (od nadzwyczajnych zysk\u00f3w w sektorze paliwowym &#8211; red.), mimo \u017ce jest podatkiem od koncernu, jest uk\u0142onem w stron\u0119 Konfederacji Mentzena. W tym kontek\u015bcie podniesienie akcyzy na alkohol, czyli weto do tej decyzji jest r\u00f3wnie\u017c oczywi\u015bcie uk\u0142onem w t\u0119 stron\u0119 &#8211; zaznaczy\u0142.<\/p>\n<p class=\"font-primary mb-8 text-lg leading-[1.55] [&amp;_a]:text-[#23437D] [&amp;_a]:underline [&amp;_a]:font-bold\">Dziennikarz TVP wskaza\u0142, \u017ce trzecim celem prezydenta jest &#8222;szkodzi\u0107, jak tylko si\u0119 da rz\u0105dowi Donalda Tuska&#8221;. &#8211; Bez wzgl\u0119du na to, jakie to za sob\u0105 niesie koszty &#8211; zaznaczy\u0142. <\/p>\n<p>Ile kosztowa\u0142y weta Karola Nawrockiego?<\/p>\n<p class=\"font-primary mb-8 text-lg leading-[1.55] [&amp;_a]:text-[#23437D] [&amp;_a]:underline [&amp;_a]:font-bold\">We wtorek &#8222;Rzeczpospolita&#8221; poda\u0142a, powo\u0142uj\u0105c si\u0119 na dane Ministerstwa Finans\u00f3w, \u017ce<a href=\"https:\/\/polskieradio24.pl\/polska\/tyle-kosztuja-weta-nawrockiego-budzet-traci-miliardy-fitch-ostrzega-polske\" rel=\"nofollow noopener\" target=\"_blank\"> tylko sze\u015b\u0107 zawetowanych przez prezydenta Karola Nawrockiego ustaw uszczupli bud\u017cet pa\u0144stwa o osiem miliard\u00f3w z\u0142otych.<\/a> <\/p>\n<p class=\"font-primary mb-8 text-lg leading-[1.55] [&amp;_a]:text-[#23437D] [&amp;_a]:underline [&amp;_a]:font-bold\">Jak wyliczono, zawetowanie ustawy o podatku od nadzwyczajnych zysk\u00f3w koncern\u00f3w paliwowych to koszt 3,8 miliarda z\u0142otych. Przypomnijmy, opodatkowane mia\u0142y by\u0107 zyski koncern\u00f3w po gwa\u0142townym wzro\u015bcie cen ropy w zwi\u0105zku z wybuchem konfliktu na Bliskim Wschodzie. Karol Nawrocki skierowa\u0142 t\u0119 ustaw\u0119 do Trybuna\u0142u Konstytucyjnego.<\/p>\n<p>Redakcja poleca<\/p>\n","protected":false},"excerpt":{"rendered":"&#8211; Prezydent Nawrocki realizuje swoj\u0105 polityk\u0119. Trudno, \u017ceby realizowa\u0142 polityk\u0119 korzystn\u0105 dla rz\u0105du. Wiem, \u017ce bardzo cz\u0119sto podnoszony&hellip;\n","protected":false},"author":2,"featured_media":646541,"comment_status":"","ping_status":"","sticky":false,"template":"","format":"standard","meta":{"footnotes":"","_share_on_mastodon":"0"},"categories":[62712],"tags":[690,1006,88176,1005,90958],"class_list":["post-646540","post","type-post","status-publish","format-standard","has-post-thumbnail","category-karol-nawrocki","tag-karol-nawrocki","tag-konfederacja","tag-polskie-radio-24","tag-prezydent","tag-temat-dnia"],"share_on_mastodon":{"url":"https:\/\/pubeurope.com\/@pl\/117159147715837465","error":""},"_links":{"self":[{"href":"https:\/\/www.europesays.com\/pl\/wp-json\/wp\/v2\/posts\/646540","targetHints":{"allow":["GET"]}}],"collection":[{"href":"https:\/\/www.europesays.com\/pl\/wp-json\/wp\/v2\/posts"}],"about":[{"href":"https:\/\/www.europesays.com\/pl\/wp-json\/wp\/v2\/types\/post"}],"author":[{"embeddable":true,"href":"https:\/\/www.europesays.com\/pl\/wp-json\/wp\/v2\/users\/2"}],"replies":[{"embeddable":true,"href":"https:\/\/www.europesays.com\/pl\/wp-json\/wp\/v2\/comments?post=646540"}],"version-history":[{"count":0,"href":"https:\/\/www.europesays.com\/pl\/wp-json\/wp\/v2\/posts\/646540\/revisions"}],"wp:featuredmedia":[{"embeddable":true,"href":"https:\/\/www.europesays.com\/pl\/wp-json\/wp\/v2\/media\/646541"}],"wp:attachment":[{"href":"https:\/\/www.europesays.com\/pl\/wp-json\/wp\/v2\/media?parent=646540"}],"wp:term":[{"taxonomy":"category","embeddable":true,"href":"https:\/\/www.europesays.com\/pl\/wp-json\/wp\/v2\/categories?post=646540"},{"taxonomy":"post_tag","embeddable":true,"href":"https:\/\/www.europesays.com\/pl\/wp-json\/wp\/v2\/tags?post=646540"}],"curies":[{"name":"wp","href":"https:\/\/api.w.org\/{rel}","templated":true}]}}