{"id":646564,"date":"2026-08-26T01:30:26","date_gmt":"2026-08-26T01:30:26","guid":{"rendered":"https:\/\/www.europesays.com\/pl\/646564\/"},"modified":"2026-08-26T01:30:26","modified_gmt":"2026-08-26T01:30:26","slug":"warszawskie-dni-rodzinne-2026-bezplatne-atrakcje-we-wszystkich-dzielnicach","status":"publish","type":"post","link":"https:\/\/www.europesays.com\/pl\/646564\/","title":{"rendered":"Warszawskie Dni Rodzinne 2026. Bezp\u0142atne atrakcje we wszystkich dzielnicach"},"content":{"rendered":"<p>W tym artykule przeczytasz mi\u0119dzy innymi o:<\/p>\n<p>kiedy odb\u0119d\u0105 si\u0119 Warszawskie Dni Rodzinne 2026,jakie atrakcje przygotowano dla rodzin,jak zapisa\u0107 si\u0119 na bezp\u0142atne zaj\u0119cia,dlaczego warto si\u0119 pospieszy\u0107,gdzie odb\u0119dzie si\u0119 fina\u0142 wydarzenia.Warszawa stawia na rodzinny weekend<\/p>\n<p>Warszawskie Dni Rodzinne to coroczna inicjatywa skierowana do rodzin, kt\u00f3re chc\u0105 wsp\u00f3lnie sp\u0119dzi\u0107 czas aktywnie, tw\u00f3rczo i bez ponoszenia koszt\u00f3w. Tegoroczna edycja odb\u0119dzie si\u0119 od 18 do 20 wrze\u015bnia.<\/p>\n<p>Z przygotowanej oferty mog\u0105 korzysta\u0107 mieszka\u0144cy wszystkich dzielnic Warszawy, w tym r\u00f3wnie\u017c Bia\u0142o\u0142\u0119ki. Organizatorzy zapowiadaj\u0105 r\u00f3\u017cnorodne zaj\u0119cia przygotowane przez sto\u0142eczne instytucje i partner\u00f3w wydarzenia.<\/p>\n<p>W programie znajd\u0105 si\u0119 propozycje zar\u00f3wno dla dzieci, jak i ca\u0142ych rodzin. To okazja, by spr\u00f3bowa\u0107 nowych aktywno\u015bci, wzi\u0105\u0107 udzia\u0142 w zaj\u0119ciach sportowych i kreatywnych oraz sp\u0119dzi\u0107 wsp\u00f3lnie czas poza domem.<\/p>\n<p>Zapisy ju\u017c trwaj\u0105. Liczy si\u0119 kolejno\u015b\u0107<\/p>\n<p>Zapisy na zaj\u0119cia rozpocz\u0119\u0142y si\u0119 24 sierpnia o godz. 10:00. Wszystkie zaj\u0119cia s\u0105 bezp\u0142atne, jednak ze wzgl\u0119du na ograniczon\u0105 liczb\u0119 miejsc obowi\u0105zuj\u0105 wcze\u015bniejsze zg\u0142oszenia.<\/p>\n<p>O wpisaniu na list\u0119 uczestnik\u00f3w decyduje kolejno\u015b\u0107 zg\u0142osze\u0144, dlatego osoby zainteresowane konkretnymi zaj\u0119ciami nie powinny zwleka\u0107 z rejestracj\u0105.<\/p>\n<p>Zapisy prowadzone s\u0105 za po\u015brednictwem formularza dost\u0119pnego na stronie organizatora.\u00a0<\/p>\n<p><a href=\"https:\/\/warszawskiednirodzinne.pl\/wydarzenia-2026\" rel=\"nofollow noopener\" target=\"_blank\">LINK DO ZAPISU<\/a><\/p>\n<p>Wielki fina\u0142 na b\u0142oniach Stadionu Narodowego<\/p>\n<p>Warszawskie Dni Rodzinne zako\u0144cz\u0105 si\u0119 wyj\u0105tkowym wydarzeniem. Fina\u0142em tegorocznej edycji b\u0119dzie piknik organizowany z okazji Narodowego Dnia Sportu na b\u0142oniach Stadionu Narodowego.<\/p>\n<p>B\u0119dzie to okazja do aktywnego sp\u0119dzenia czasu w gronie rodziny oraz skorzystania z dodatkowych atrakcji zwi\u0105zanych ze sportem i rekreacj\u0105.<\/p>\n<p>Kto organizuje Warszawskie Dni Rodzinne?<\/p>\n<p>Organizatorem wydarzenia jest Fundacja Zwalcz Nud\u0119. Warszawskie Dni Rodzinne odbywaj\u0105 si\u0119 pod honorowym patronatem Prezydenta m.st. Warszawy.<\/p>\n<p>Dla rodzin z Bia\u0142o\u0142\u0119ki to kolejna okazja, aby skorzysta\u0107 z bezp\u0142atnej oferty przygotowanej w ramach miejskiego wydarzenia i znale\u017a\u0107 co\u015b interesuj\u0105cego dla swoich dzieci.<\/p>\n<p>Warszawskie Dni Rodzinne odb\u0119d\u0105 si\u0119 18\u201320 wrze\u015bnia 2026 roku. Zapisy rozpocz\u0119\u0142y si\u0119 24 sierpnia o godz. 10:00. Liczba miejsc na poszczeg\u00f3lne zaj\u0119cia jest ograniczona.<\/p>\n","protected":false},"excerpt":{"rendered":"W tym artykule przeczytasz mi\u0119dzy innymi o: kiedy odb\u0119d\u0105 si\u0119 Warszawskie Dni Rodzinne 2026,jakie atrakcje przygotowano dla rodzin,jak&hellip;\n","protected":false},"author":2,"featured_media":646565,"comment_status":"","ping_status":"","sticky":false,"template":"","format":"standard","meta":{"footnotes":"","_share_on_mastodon":"0"},"categories":[51605],"tags":[57900,42,38,40,39,41,435,10937,102170],"class_list":["post-646564","post","type-post","status-publish","format-standard","has-post-thumbnail","category-warszawa","tag-bemowo","tag-pl","tag-poland","tag-polish","tag-polska","tag-polski","tag-warszawa","tag-wola","tag-zoliborz-i-bielany"],"share_on_mastodon":{"url":"https:\/\/pubeurope.com\/@pl\/117159226892588139","error":""},"_links":{"self":[{"href":"https:\/\/www.europesays.com\/pl\/wp-json\/wp\/v2\/posts\/646564","targetHints":{"allow":["GET"]}}],"collection":[{"href":"https:\/\/www.europesays.com\/pl\/wp-json\/wp\/v2\/posts"}],"about":[{"href":"https:\/\/www.europesays.com\/pl\/wp-json\/wp\/v2\/types\/post"}],"author":[{"embeddable":true,"href":"https:\/\/www.europesays.com\/pl\/wp-json\/wp\/v2\/users\/2"}],"replies":[{"embeddable":true,"href":"https:\/\/www.europesays.com\/pl\/wp-json\/wp\/v2\/comments?post=646564"}],"version-history":[{"count":0,"href":"https:\/\/www.europesays.com\/pl\/wp-json\/wp\/v2\/posts\/646564\/revisions"}],"wp:featuredmedia":[{"embeddable":true,"href":"https:\/\/www.europesays.com\/pl\/wp-json\/wp\/v2\/media\/646565"}],"wp:attachment":[{"href":"https:\/\/www.europesays.com\/pl\/wp-json\/wp\/v2\/media?parent=646564"}],"wp:term":[{"taxonomy":"category","embeddable":true,"href":"https:\/\/www.europesays.com\/pl\/wp-json\/wp\/v2\/categories?post=646564"},{"taxonomy":"post_tag","embeddable":true,"href":"https:\/\/www.europesays.com\/pl\/wp-json\/wp\/v2\/tags?post=646564"}],"curies":[{"name":"wp","href":"https:\/\/api.w.org\/{rel}","templated":true}]}}