{"id":646722,"date":"2026-08-26T03:34:17","date_gmt":"2026-08-26T03:34:17","guid":{"rendered":"https:\/\/www.europesays.com\/pl\/646722\/"},"modified":"2026-08-26T03:34:17","modified_gmt":"2026-08-26T03:34:17","slug":"polska-na-progu-duzej-zmiany-w-pogodzie-takie-sa-prognozy-na-dzis-mapy","status":"publish","type":"post","link":"https:\/\/www.europesays.com\/pl\/646722\/","title":{"rendered":"Polska na progu du\u017cej zmiany w pogodzie. Takie s\u0105 prognozy na dzi\u015b [MAPY]"},"content":{"rendered":"<p>Od rana Polska jest podzielona. Na po\u0142udniu zbiera si\u0119 du\u017co chmur, czasami pada s\u0142aby <a href=\"https:\/\/wiadomosci.onet.pl\/deszcz\" id=\"e721dea0-e92b-4925-ae00-3579c6acb70a\" rel=\"nofollow noopener\" target=\"_blank\">deszcz<\/a>, ale temperatura oscyluje w granicach 13\u201415 st. C. Poza tym si\u0119 wypogadza, lecz punktowo pojawi\u0142y si\u0119 mg\u0142y i zn\u00f3w zrobi\u0142o si\u0119 zimno. Termometry miejscami wskazuj\u0105 mniej ni\u017c 10 st. C.Policzyli\u015bmy, kt\u00f3re miasta najgorzej znosz\u0105 upa\u0142y. Sprawd\u017a nasz ranking.<img class=\"ods-a-photo ods-a-photo--background\" src=\"https:\/\/www.europesays.com\/pl\/wp-content\/uploads\/2026\/08\/1787715255_607_PMkk9lBaHR0cHM6Ly9vY2RuLmV1L3B1bHNjbXMvTURBXy9iYTBhZWM2NzBiOTI0NDA0N2U0NDJjMTg2MmUzMDQwYS5wbmeRlQLNA.jpeg\" height=\"199\" width=\"450\" alt=\"Indeks podatno\u015bci na upa\u0142y\" loading=\"lazy\" fetchpriority=\"low\" decoding=\"async\"\/>Lato b\u0119dzie dzi\u015b jeszcze mia\u0142o problemy. Cz\u0119\u015b\u0107 kraju z deszczem i ch\u0142odem. Mamy pogod\u0119Kolejne godziny nie przynios\u0105 wi\u0119kszych zmian w <a href=\"https:\/\/wiadomosci.onet.pl\/pogoda\" id=\"66929309-82cc-4700-a8de-de67ecda4396\" rel=\"nofollow noopener\" target=\"_blank\">pogodzie<\/a>. Na po\u0142udniu nadal spodziewamy si\u0119 najwi\u0119kszego zachmurzenia i niekiedy kropi\u0105cego deszczu. Z up\u0142ywem godzin powinno jednak przybywa\u0107 <a href=\"https:\/\/wiadomosci.onet.pl\/slonce-gwiazda\" id=\"4140b1ed-66a0-4858-9d4f-a77406de725b\" rel=\"nofollow noopener\" target=\"_blank\">s\u0142o\u0144ca<\/a> i do wieczora du\u017co chmur pozostanie g\u0142\u00f3wnie nad Przedg\u00f3rzem Sudeckim i Tatrami. Niewielkie opady niewykluczone s\u0105 dzi\u015b te\u017c na p\u00f3\u0142nocnym wschodzie. Na pozosta\u0142ym obszarze kraju dzie\u0144 zapowiada si\u0119 dzi\u015b przyjemnie, pogodnie i sucho.<img class=\"ods-a-photo ods-a-photo--background\" src=\"https:\/\/www.europesays.com\/pl\/wp-content\/uploads\/2026\/08\/2NGk9lBaHR0cHM6Ly9vY2RuLmV1L3B1bHNjbXMvTURBXy84Njg0Mjc4ODUwOTY3NmFhMDM2ZDdkNjgwMjE4YTRlZi5wbmeRkwXNB.jpeg\" height=\"1155\" width=\"940\" alt=\"W \u015brod\u0119 popada\u0107 mo\u017ce na p\u00f3\u0142nocnym wschodzie i po\u0142udniu, ale b\u0119d\u0105 to niewielkie opady\" loading=\"lazy\" fetchpriority=\"auto\" decoding=\"auto\"\/><\/p>\n<p>Arkadiusz P\u0142achta \/ Onet<\/p>\n<p>W \u015brod\u0119 popada\u0107 mo\u017ce na p\u00f3\u0142nocnym wschodzie i po\u0142udniu, ale b\u0119d\u0105 to niewielkie opady<\/p>\n<p>Temperatura maksymalna wyniesie dzi\u015b od zaledwie 17\u201418 st. C w rejonach podg\u00f3rskich, 19\u201420 st. C nad morzem, na Suwalszczy\u017anie i G\u00f3rnym \u015al\u0105sku, do 21\u201424 st. C na pozosta\u0142ym obszarze kraju.<\/p>\n<p>Dalszy ci\u0105g artyku\u0142u pod materia\u0142em wideo<\/p>\n<p>Wiatr powieje s\u0142abo b\u0105d\u017a umiarkowanie, z kierunk\u00f3w wschodnich i p\u00f3\u0142nocnych. Biomet zacznie si\u0119 dzi\u015b poprawia\u0107 i tylko na po\u0142udniu mo\u017ce pozosta\u0107 niekorzystny. Rano i wieczorem dominowa\u0107 ma odczucie ch\u0142odu i zimna, natomiast w pe\u0142ni dnia r\u00f3wnie\u017c odczucie komfortu termicznego, a w regionach najbardziej s\u0142onecznych przej\u015bciowo tak\u017ce ciep\u0142a.<\/p>\n<p>Noc z uspokojeniem pogody. Niemal wsz\u0119dzie zrobi si\u0119 pogodnie i sucho, ale b\u0119dzie ch\u0142odno<\/p>\n<p>W nocy prawie w ca\u0142ej Polsce b\u0119dzie pogodnie i bez opad\u00f3w, z ma\u0142ym i umiarkowanym zachmurzeniem. Jedynie w g\u00f3rach oraz u ich podn\u00f3\u017ca od czasu do czasu zbierze si\u0119 troch\u0119 wi\u0119cej chmur i niewykluczone s\u0105 w\u00f3wczas drobne, przelotne opady deszczu.<\/p>\n<p><img class=\"ods-a-photo ods-a-photo--background\" src=\"https:\/\/www.europesays.com\/pl\/wp-content\/uploads\/2026\/08\/yZtk9lBaHR0cHM6Ly9vY2RuLmV1L3B1bHNjbXMvTURBXy9hMDc4NDZkMGMwMzVhN2ZjNzM5NWVkMWE4OTM4MDVhYS5wbmeRkwXNB.jpeg\" height=\"1155\" width=\"940\" alt=\"Noc zapowiada si\u0119 rze\u015bko, ale na przewa\u017caj\u0105cym obszarze kraju pogodnie\" loading=\"lazy\" fetchpriority=\"auto\" decoding=\"auto\"\/><\/p>\n<p>Arkadiusz P\u0142achta \/ Onet<\/p>\n<p>Noc zapowiada si\u0119 rze\u015bko, ale na przewa\u017caj\u0105cym obszarze kraju pogodnie<\/p>\n<p>Temperatura minimalna b\u0119dzie do\u015b\u0107 wyr\u00f3wnana i wyniesie od 8 do 12 st. C, przy czym lokalnie na wschodzie mo\u017cliwe s\u0105 wi\u0119ksze spadki, do ok. 6 st. C. Wiatr s\u0142aby b\u0105d\u017a umiarkowany, wschodni oraz p\u00f3\u0142nocno-wschodni.<\/p>\n","protected":false},"excerpt":{"rendered":"Od rana Polska jest podzielona. Na po\u0142udniu zbiera si\u0119 du\u017co chmur, czasami pada s\u0142aby deszcz, ale temperatura oscyluje&hellip;\n","protected":false},"author":2,"featured_media":646723,"comment_status":"","ping_status":"","sticky":false,"template":"","format":"standard","meta":{"footnotes":"","_share_on_mastodon":"0"},"categories":[12],"tags":[61195,169,48,3865,46,42,78,38,40,39,41,47,1984],"class_list":["post-646722","post","type-post","status-publish","format-standard","has-post-thumbnail","category-polska","tag-bottomfeed_styl","tag-deszcz","tag-nat_styl","tag-ochlodzenie","tag-omp","tag-pl","tag-pogoda","tag-poland","tag-polish","tag-polska","tag-polski","tag-screening_general","tag-slonce"],"share_on_mastodon":{"url":"https:\/\/pubeurope.com\/@pl\/117159715692767861","error":""},"_links":{"self":[{"href":"https:\/\/www.europesays.com\/pl\/wp-json\/wp\/v2\/posts\/646722","targetHints":{"allow":["GET"]}}],"collection":[{"href":"https:\/\/www.europesays.com\/pl\/wp-json\/wp\/v2\/posts"}],"about":[{"href":"https:\/\/www.europesays.com\/pl\/wp-json\/wp\/v2\/types\/post"}],"author":[{"embeddable":true,"href":"https:\/\/www.europesays.com\/pl\/wp-json\/wp\/v2\/users\/2"}],"replies":[{"embeddable":true,"href":"https:\/\/www.europesays.com\/pl\/wp-json\/wp\/v2\/comments?post=646722"}],"version-history":[{"count":0,"href":"https:\/\/www.europesays.com\/pl\/wp-json\/wp\/v2\/posts\/646722\/revisions"}],"wp:featuredmedia":[{"embeddable":true,"href":"https:\/\/www.europesays.com\/pl\/wp-json\/wp\/v2\/media\/646723"}],"wp:attachment":[{"href":"https:\/\/www.europesays.com\/pl\/wp-json\/wp\/v2\/media?parent=646722"}],"wp:term":[{"taxonomy":"category","embeddable":true,"href":"https:\/\/www.europesays.com\/pl\/wp-json\/wp\/v2\/categories?post=646722"},{"taxonomy":"post_tag","embeddable":true,"href":"https:\/\/www.europesays.com\/pl\/wp-json\/wp\/v2\/tags?post=646722"}],"curies":[{"name":"wp","href":"https:\/\/api.w.org\/{rel}","templated":true}]}}