{"id":646766,"date":"2026-08-26T04:05:11","date_gmt":"2026-08-26T04:05:11","guid":{"rendered":"https:\/\/www.europesays.com\/pl\/646766\/"},"modified":"2026-08-26T04:05:11","modified_gmt":"2026-08-26T04:05:11","slug":"warszawa-zakupi-system-antydronowy-za-1-mln-zl-ochroni-centrum-stolicy-2","status":"publish","type":"post","link":"https:\/\/www.europesays.com\/pl\/646766\/","title":{"rendered":"Warszawa zakupi system antydronowy za 1 mln z\u0142. Ochroni centrum stolicy"},"content":{"rendered":"<p>Sto\u0142eczne Centrum Bezpiecze\u0144stwa planuje zakup systemu wykrywania i klasyfikacji bezza\u0142ogowych statk\u00f3w powietrznych. Wdro\u017cenie sprz\u0119tu o warto\u015bci 1 mln z\u0142 zaplanowano jeszcze na ten rok. <\/p>\n<p>Dalszy ci\u0105g artyku\u0142u pod materia\u0142em wideo<\/p>\n<p>80 proc. kwoty zostanie sfinansowane z Programu Ochrony Ludno\u015bci i Obrony Cywilnej, a pozosta\u0142e 20 proc. pokryje bud\u017cet Warszawy.<\/p>\n<p>Warszawa kupi system antydronowy za 1 mln z\u0142. Zabezpieczy kluczowe lokalizacje<\/p>\n<p>G\u0142\u00f3wnym celem inwestycji jest sta\u0142e monitorowanie przestrzeni powietrznej oraz szybka rejestracja aktywno\u015bci dron\u00f3w, co ma skr\u00f3ci\u0107 czas reakcji s\u0142u\u017cb. Cytowana przez &#8222;GW&#8221; rzeczniczka miasta Monika Beuth zwraca uwag\u0119, \u017ce dotychczasowe zg\u0142oszenia opiera\u0142y si\u0119 g\u0142\u00f3wnie na relacjach \u015bwiadk\u00f3w.<\/p>\n<p>&#8222;Fronty Wojny&#8221;. Tworzy wyj\u0105tkowy projekt w polskiej armii. Us\u0142ysza\u0142a tylko: dzia\u0142aj<img class=\"ods-a-photo ods-a-photo--background\" src=\"https:\/\/www.europesays.com\/pl\/wp-content\/uploads\/2026\/08\/OqWk9lBaHR0cHM6Ly9vY2RuLmV1L3B1bHNjbXMvTURBXy81ZDFhNTkzMjlmMDc3ZTRkMzhhOTc1NGFmYmM1ZDcxZi5qcGeRlQLNA.jpeg\" height=\"341\" width=\"450\" alt=\"shutterstock 1172312794\" loading=\"lazy\" fetchpriority=\"low\" decoding=\"async\"\/><\/p>\n<p>System ma zabezpieczy\u0107 centraln\u0105 cz\u0119\u015b\u0107 stolicy. Z ustale\u0144 dziennika wynika, \u017ce chodzi o kilka kluczowych lokalizacji. Kierownik Sto\u0142ecznego Centrum Bezpiecze\u0144stwa, Jaros\u0142aw Misztal, nie podaje dok\u0142adnej listy obiekt\u00f3w, jednak wskazuje na obszary obj\u0119te ochron\u0105 S\u0142u\u017cby Ochrony Pa\u0144stwa, Kancelari\u0119 Sejmu czy same urz\u0119dy miejskie.<\/p>\n<p>Decyzja o zakupie jest odpowiedzi\u0105 na rosn\u0105c\u0105 liczb\u0119 incydent\u00f3w wlatywania nieznanych obiekt\u00f3w w strefy chronione \u2014 podaje &#8222;GW&#8221;.<\/p>\n","protected":false},"excerpt":{"rendered":"Sto\u0142eczne Centrum Bezpiecze\u0144stwa planuje zakup systemu wykrywania i klasyfikacji bezza\u0142ogowych statk\u00f3w powietrznych. Wdro\u017cenie sprz\u0119tu o warto\u015bci 1 mln&hellip;\n","protected":false},"author":2,"featured_media":646767,"comment_status":"","ping_status":"","sticky":false,"template":"","format":"standard","meta":{"footnotes":"","_share_on_mastodon":"0"},"categories":[51605],"tags":[61195,144,48,768,9936,46,42,38,40,39,41,47,435],"class_list":["post-646766","post","type-post","status-publish","format-standard","has-post-thumbnail","category-warszawa","tag-bottomfeed_styl","tag-drony","tag-nat_styl","tag-obronnosc","tag-ochrona","tag-omp","tag-pl","tag-poland","tag-polish","tag-polska","tag-polski","tag-screening_general","tag-warszawa"],"share_on_mastodon":{"url":"https:\/\/pubeurope.com\/@pl\/117159837229770903","error":""},"_links":{"self":[{"href":"https:\/\/www.europesays.com\/pl\/wp-json\/wp\/v2\/posts\/646766","targetHints":{"allow":["GET"]}}],"collection":[{"href":"https:\/\/www.europesays.com\/pl\/wp-json\/wp\/v2\/posts"}],"about":[{"href":"https:\/\/www.europesays.com\/pl\/wp-json\/wp\/v2\/types\/post"}],"author":[{"embeddable":true,"href":"https:\/\/www.europesays.com\/pl\/wp-json\/wp\/v2\/users\/2"}],"replies":[{"embeddable":true,"href":"https:\/\/www.europesays.com\/pl\/wp-json\/wp\/v2\/comments?post=646766"}],"version-history":[{"count":0,"href":"https:\/\/www.europesays.com\/pl\/wp-json\/wp\/v2\/posts\/646766\/revisions"}],"wp:featuredmedia":[{"embeddable":true,"href":"https:\/\/www.europesays.com\/pl\/wp-json\/wp\/v2\/media\/646767"}],"wp:attachment":[{"href":"https:\/\/www.europesays.com\/pl\/wp-json\/wp\/v2\/media?parent=646766"}],"wp:term":[{"taxonomy":"category","embeddable":true,"href":"https:\/\/www.europesays.com\/pl\/wp-json\/wp\/v2\/categories?post=646766"},{"taxonomy":"post_tag","embeddable":true,"href":"https:\/\/www.europesays.com\/pl\/wp-json\/wp\/v2\/tags?post=646766"}],"curies":[{"name":"wp","href":"https:\/\/api.w.org\/{rel}","templated":true}]}}