{"id":646854,"date":"2026-08-26T05:05:15","date_gmt":"2026-08-26T05:05:15","guid":{"rendered":"https:\/\/www.europesays.com\/pl\/646854\/"},"modified":"2026-08-26T05:05:15","modified_gmt":"2026-08-26T05:05:15","slug":"w-takim-stroju-aryna-sabalenka-zagrala-na-us-open-burza-w-sieci-najgorszy","status":"publish","type":"post","link":"https:\/\/www.europesays.com\/pl\/646854\/","title":{"rendered":"W takim stroju Aryna Sabalenka zagra\u0142a na US Open. Burza w sieci. &#8222;Najgorszy&#8221;"},"content":{"rendered":"<p>We wtorek Aryna Sabalenka wyst\u0105pi\u0142a razem z Novakiem Djokoviciem w mik\u015bcie na US Open. Bia\u0142orusinka i Serb przegrali z duetem Katerina Siniakova \u2014 Henry Patten.<\/p>\n<p>Dalszy ci\u0105g artyku\u0142u pod materia\u0142em wideoInternauci krytykuj\u0105 str\u00f3j Aryny Sabalenki na US OpenKilka tygodni temu Sabalenka ujawni\u0142a, \u017ce na tegorocznym US Open wyst\u0105pi w czarnej siateczkowej sukience z bia\u0142ym akcentem, pomara\u0144czowym biustonoszu sportowym i spodenkach w tym samym kolorze. <a href=\"https:\/\/przegladsportowy.onet.pl\/ofsajd\/takiego-stroju-aryna-sabalenka-jeszcze-nie-miala-w-sieci-wrze-przed-us-open\/njd1kct\" id=\"bc3e759f-6f97-4a56-a1c7-ebf33f7dab31\" rel=\"nofollow noopener\" target=\"_blank\">Ju\u017c wtedy internauci krytykowali projekt Nike<\/a>. Nie inaczej jest teraz.Bia\u0142orusinka przyku\u0142a uwag\u0119 nie tylko ekstrawaganckim strojem, ale te\u017c okaza\u0142\u0105 bi\u017cuteri\u0105, kt\u00f3r\u0105 stworzy\u0142a we wsp\u00f3\u0142pracy z mark\u0105 Material Good specjalnie na nowojorski turniej wielkoszlemowy (<a href=\"https:\/\/przegladsportowy.onet.pl\/ofsajd\/aryna-sabalenka-kocha-luksus-w-tym-pojawila-sie-na-korcie-podczas-us-open\/jdmrksx\" id=\"994168b1-6c0d-4b47-af5e-ec610342d61b\" rel=\"nofollow noopener\" target=\"_blank\">wi\u0119cej na ten temat pisali\u015bmy tutaj<\/a>).<\/p>\n<p>Na portalu X zaroi\u0142o si\u0119 od komentarzy, w kt\u00f3rych internauci negatywnie wypowiedzieli si\u0119 na temat stroju tenisistki.<\/p>\n<p>&#8222;Nie no ten str\u00f3j jest tragiczny&#8221;, &#8222;Czekam a\u017c ta siateczka zacznie si\u0119 jej rwa\u0107&#8221;, &#8222;Wygl\u0105da jak sie\u0107 rybacka za\u0142o\u017cona na stanik sportowy i kr\u00f3tkie spodenki&#8221;, &#8222;\u015amiem twierdzi\u0107, \u017ce to najgorszy zestaw wszech czas\u00f3w&#8221;, &#8222;To jest okropne! Czy ona nie mog\u0142a odm\u00f3wi\u0107 za\u0142o\u017cenia tego?&#8221;, &#8222;Najgorszy str\u00f3j tenisowy, jaki kiedykolwiek widzia\u0142em&#8221;, &#8222;To jest tak z\u0142e&#8221;, &#8222;To nie wygl\u0105da dobrze&#8221;, &#8222;Nie jestem fanem tego stroju&#8221; \u2014 pisali internauci.<\/p>\n<p><img class=\"ods-a-photo ods-a-photo--background\" src=\"https:\/\/www.europesays.com\/pl\/wp-content\/uploads\/2026\/08\/g66k9lBaHR0cHM6Ly9vY2RuLmV1L3B1bHNjbXMvTURBXy9jZGFlNGMzMTQ4NTgwNDdhOGZiMzQ1NGQ4ZjMxODZhMy5qcGeRkwXNB.jpeg\" height=\"627\" width=\"940\" alt=\"Aryna Sabalenka i Novak Djokovi\u0107\" loading=\"lazy\" fetchpriority=\"auto\" decoding=\"auto\"\/><\/p>\n<p>Sarah Stier \/ Getty Images<\/p>\n<p>Aryna Sabalenka i Novak Djokovi\u0107<\/p>\n<p><img class=\"ods-a-photo ods-a-photo--background\" src=\"https:\/\/www.europesays.com\/pl\/wp-content\/uploads\/2026\/08\/sANk9lBaHR0cHM6Ly9vY2RuLmV1L3B1bHNjbXMvTURBXy9jOTEzMWY1NTk1ZDg2ZjQ0NDcwNmFmYTA5ZTMzOWExYy5qcGeRkwXNB.jpeg\" height=\"627\" width=\"940\" alt=\"Aryna Sabalenka i Novak Djokovi\u0107\" loading=\"lazy\" fetchpriority=\"auto\" decoding=\"auto\"\/><\/p>\n<p>Sarah Stier \/ Getty Images<\/p>\n<p>Aryna Sabalenka i Novak Djokovi\u0107<\/p>\n","protected":false},"excerpt":{"rendered":"We wtorek Aryna Sabalenka wyst\u0105pi\u0142a razem z Novakiem Djokoviciem w mik\u015bcie na US Open. Bia\u0142orusinka i Serb przegrali&hellip;\n","protected":false},"author":2,"featured_media":646855,"comment_status":"","ping_status":"","sticky":false,"template":"","format":"standard","meta":{"footnotes":"","_share_on_mastodon":"0"},"categories":[24],"tags":[1352,61195,48,129,46,42,38,40,39,41,47,127,126,156,22568,130],"class_list":["post-646854","post","type-post","status-publish","format-standard","has-post-thumbnail","category-sport","tag-aryna_sabalenka","tag-bottomfeed_styl","tag-nat_styl","tag-ofsajd","tag-omp","tag-pl","tag-poland","tag-polish","tag-polska","tag-polski","tag-screening_general","tag-sport","tag-sports","tag-tenis","tag-us_open","tag-wiadomosci_sportowe"],"share_on_mastodon":{"url":"https:\/\/pubeurope.com\/@pl\/117160073694306166","error":""},"_links":{"self":[{"href":"https:\/\/www.europesays.com\/pl\/wp-json\/wp\/v2\/posts\/646854","targetHints":{"allow":["GET"]}}],"collection":[{"href":"https:\/\/www.europesays.com\/pl\/wp-json\/wp\/v2\/posts"}],"about":[{"href":"https:\/\/www.europesays.com\/pl\/wp-json\/wp\/v2\/types\/post"}],"author":[{"embeddable":true,"href":"https:\/\/www.europesays.com\/pl\/wp-json\/wp\/v2\/users\/2"}],"replies":[{"embeddable":true,"href":"https:\/\/www.europesays.com\/pl\/wp-json\/wp\/v2\/comments?post=646854"}],"version-history":[{"count":0,"href":"https:\/\/www.europesays.com\/pl\/wp-json\/wp\/v2\/posts\/646854\/revisions"}],"wp:featuredmedia":[{"embeddable":true,"href":"https:\/\/www.europesays.com\/pl\/wp-json\/wp\/v2\/media\/646855"}],"wp:attachment":[{"href":"https:\/\/www.europesays.com\/pl\/wp-json\/wp\/v2\/media?parent=646854"}],"wp:term":[{"taxonomy":"category","embeddable":true,"href":"https:\/\/www.europesays.com\/pl\/wp-json\/wp\/v2\/categories?post=646854"},{"taxonomy":"post_tag","embeddable":true,"href":"https:\/\/www.europesays.com\/pl\/wp-json\/wp\/v2\/tags?post=646854"}],"curies":[{"name":"wp","href":"https:\/\/api.w.org\/{rel}","templated":true}]}}