{"id":646906,"date":"2026-08-26T05:37:17","date_gmt":"2026-08-26T05:37:17","guid":{"rendered":"https:\/\/www.europesays.com\/pl\/646906\/"},"modified":"2026-08-26T05:37:17","modified_gmt":"2026-08-26T05:37:17","slug":"kryzys-migracyjny-w-ceucie-minister-z-maroka-wysuwa-roszczenia-wobec-hiszpanii","status":"publish","type":"post","link":"https:\/\/www.europesays.com\/pl\/646906\/","title":{"rendered":"Kryzys migracyjny w Ceucie. Minister z Maroka wysuwa roszczenia wobec Hiszpanii"},"content":{"rendered":"<p>Maroka\u0144skie media, relacjonuj\u0105c we wtorek uroczysto\u015b\u0107 w pa\u0142acu kr\u00f3lewskim w Rabacie, odnotowa\u0142y, \u017ce Toufiq o\u015bwiadczy\u0142, \u017ce popiera &#8222;oswobodzenie&#8221; Ceuty, okre\u015blaj\u0105c j\u0105 mianem &#8222;terytorium maroka\u0144skiego&#8221;.<\/p>\n<p>Dalszy ci\u0105g artyku\u0142u pod materia\u0142em wideo<\/p>\n<p>Wed\u0142ug maroka\u0144skiego portalu Assahifa ranga s\u0142\u00f3w ministra Toufiqa jest wysoka, gdy\u017c pad\u0142y one &#8222;w czasie wydarzenia instytucjonalnego, kt\u00f3remu przewodniczy\u0142 monarcha&#8221;.<\/p>\n<p>Pojawiaj\u0105 si\u0119 kolejne roszczenia<\/p>\n<p>S\u0142owa ministra dotycz\u0105ce hiszpa\u0144skiej eksklawy to druga w ostatnich dniach wypowied\u017a przedstawiciela rz\u0105du Maroka z \u017c\u0105daniami w sprawie Ceuty i Melilli. W pi\u0105tek podobne roszczenia przedstawi\u0142 w rozmowie z publiczn\u0105 telewizj\u0105 2M minister sprawiedliwo\u015bci Abdellatif Ouahbi. Nazwa\u0142 je &#8222;maroka\u0144skim prawem historycznym i geograficznym&#8221; do Ceuty i drugiej eksklawy \u2014 Melilli.<\/p>\n<p>Wyrazi\u0142 nadziej\u0119 na &#8222;mo\u017cliwo\u015b\u0107 dialogu&#8221; z w\u0142adzami Hiszpanii w sprawie okre\u015blenia statusu Melilli oraz Ceuty.<\/p>\n<p>Ceuta: lekcje dla Europy, lekcje dla Polski<\/p>\n<p class=\"ods-o-frame-in-text__paragraph\"><a href=\"https:\/\/www.onet.pl\/informacje\/onetwiadomosci\/ceuta-lekcje-dla-europy-lekcje-dla-polski-roman-graczyk-komentuje\/ln10dth,79cfc278?tpcc=202608_bloczek_newsroom\" id=\"85b93c03-2de5-484c-ad9c-bcc06a0f1ff2\" rel=\"nofollow noopener\" target=\"_blank\">Przeczytaj komentarz Romana Graczyka!<\/a> <\/p>\n<p><img class=\"ods-a-photo ods-a-photo--background\" src=\"https:\/\/www.europesays.com\/pl\/wp-content\/uploads\/2026\/08\/7Fmk9lGaHR0cHM6Ly9vY2RuLmV1L3B1bHNjbXMvTURBXy8yOTE4YjkxMy02MWNjLTRiMTktOTM5Yi0wYzJhZGQ0NmFjMGUuanBlZ.jpeg\" height=\"300\" width=\"450\" alt=\"epa13190325 - SPAIN MIGRATION (Migrants wait for shelter and legal processing in Ceuta)\" loading=\"lazy\" fetchpriority=\"low\" decoding=\"async\"\/><\/p>\n<p>MSZ Hiszpanii w pi\u0105tek przekaza\u0142o rz\u0105dowi Maroka odpowied\u017a na roszczenia terytorialne. Poinformowa\u0142o w niej Rabat, \u017ce Melilla i Ceuta &#8222;s\u0105 hiszpa\u0144skimi miastami&#8221;, kt\u00f3re stanowi\u0105 &#8222;integraln\u0105 cz\u0119\u015b\u0107 Hiszpanii&#8221;.<\/p>\n<p>Kryzys migracyjny w Ceucie<a href=\"https:\/\/wiadomosci.onet.pl\/swiat\/kryzys-migracyjny-w-hiszpanii-wyjasniamy-co-sie-dzieje-w-ceucie\/7dwns4e\" id=\"ef8da4c1-4a2f-441b-9f5c-7f047282b073\" rel=\"nofollow noopener\" target=\"_blank\">30 i 31 lipca do Ceuty wdar\u0142o si\u0119, korzystaj\u0105c z bierno\u015bci maroka\u0144skich s\u0142u\u017cb granicznych, oko\u0142o 80 tys. migrant\u00f3w.<\/a> Cho\u0107 w ci\u0105gu kolejnych dni zawr\u00f3ci\u0142o do Maroka ponad 70 tys. os\u00f3b, to nadal tysi\u0105ce nielegalnych przybysz\u00f3w destabilizuj\u0105 \u017cycie eksklawy, koczuj\u0105c w miejscach publicznych, m.in. na ulicach, pla\u017cy i cmentarzu.Pomimo<a href=\"https:\/\/wiadomosci.onet.pl\/swiat\/hiszpania-przejmuje-kontrole-nad-ceuta-rzad-zmuszony-do-drastycznych-krokow\/kck4f5t\" id=\"896f085a-dbfe-4899-9993-dcb34e33f1db\" rel=\"nofollow noopener\" target=\"_blank\"> przej\u0119cia we wtorek nadzoru nad eksklaw\u0105 przez rz\u0105d Hiszpanii Pedra Sancheza <\/a>sytuacja w autonomicznym mie\u015bcie jest niespokojna. P\u00f3\u017anym popo\u0142udniem dosz\u0142o do kilku demonstracji mieszka\u0144c\u00f3w Ceuty \u017c\u0105daj\u0105cych natychmiastowego wydalenia afryka\u0144skich przybysz\u00f3w.<\/p>\n<p>Zgodnie z szacunkami pozarz\u0105dowej organizacji praw cz\u0142owieka Caminando Fronteras w trakcie masowej przeprawy do Ceuty pod koniec lipca zgin\u0119\u0142o co najmniej 145 migrant\u00f3w.<\/p>\n","protected":false},"excerpt":{"rendered":"Maroka\u0144skie media, relacjonuj\u0105c we wtorek uroczysto\u015b\u0107 w pa\u0142acu kr\u00f3lewskim w Rabacie, odnotowa\u0142y, \u017ce Toufiq o\u015bwiadczy\u0142, \u017ce popiera &#8222;oswobodzenie&#8221;&hellip;\n","protected":false},"author":2,"featured_media":646907,"comment_status":"","ping_status":"","sticky":false,"template":"","format":"standard","meta":{"footnotes":"","_share_on_mastodon":"0"},"categories":[14],"tags":[61195,32,33,117048,27,267,34,35,21441,409,28,31,48,25,46,40,41,47,80,29,30,26,82,83,84],"class_list":["post-646906","post","type-post","status-publish","format-standard","has-post-thumbnail","category-swiat","tag-bottomfeed_styl","tag-breaking-news","tag-breakingnews","tag-ceuta","tag-headlines","tag-hiszpania","tag-latest-news","tag-latestnews","tag-maroko","tag-migracja","tag-naglowki","tag-najwazniejsze-artykuly","tag-nat_styl","tag-news","tag-omp","tag-polish","tag-polski","tag-screening_general","tag-swiat","tag-top-stories","tag-topstories","tag-wiadomosci","tag-world","tag-world-news","tag-worldnews"],"share_on_mastodon":{"url":"https:\/\/pubeurope.com\/@pl\/117160198917852104","error":""},"_links":{"self":[{"href":"https:\/\/www.europesays.com\/pl\/wp-json\/wp\/v2\/posts\/646906","targetHints":{"allow":["GET"]}}],"collection":[{"href":"https:\/\/www.europesays.com\/pl\/wp-json\/wp\/v2\/posts"}],"about":[{"href":"https:\/\/www.europesays.com\/pl\/wp-json\/wp\/v2\/types\/post"}],"author":[{"embeddable":true,"href":"https:\/\/www.europesays.com\/pl\/wp-json\/wp\/v2\/users\/2"}],"replies":[{"embeddable":true,"href":"https:\/\/www.europesays.com\/pl\/wp-json\/wp\/v2\/comments?post=646906"}],"version-history":[{"count":0,"href":"https:\/\/www.europesays.com\/pl\/wp-json\/wp\/v2\/posts\/646906\/revisions"}],"wp:featuredmedia":[{"embeddable":true,"href":"https:\/\/www.europesays.com\/pl\/wp-json\/wp\/v2\/media\/646907"}],"wp:attachment":[{"href":"https:\/\/www.europesays.com\/pl\/wp-json\/wp\/v2\/media?parent=646906"}],"wp:term":[{"taxonomy":"category","embeddable":true,"href":"https:\/\/www.europesays.com\/pl\/wp-json\/wp\/v2\/categories?post=646906"},{"taxonomy":"post_tag","embeddable":true,"href":"https:\/\/www.europesays.com\/pl\/wp-json\/wp\/v2\/tags?post=646906"}],"curies":[{"name":"wp","href":"https:\/\/api.w.org\/{rel}","templated":true}]}}