{"id":646950,"date":"2026-08-26T06:11:11","date_gmt":"2026-08-26T06:11:11","guid":{"rendered":"https:\/\/www.europesays.com\/pl\/646950\/"},"modified":"2026-08-26T06:11:11","modified_gmt":"2026-08-26T06:11:11","slug":"brakujace-dekrety-putina-uderzenie-ukrainy-nowy-plan-usa-na-iran-podsumowanie-nocy-wiadomosci-onet","status":"publish","type":"post","link":"https:\/\/www.europesays.com\/pl\/646950\/","title":{"rendered":"Brakuj\u0105ce dekrety Putina, uderzenie Ukrainy, nowy plan USA na Iran. Podsumowanie nocy &#8211; Wiadomo\u015bci Onet"},"content":{"rendered":"<ol>\n<li><a href=\"https:\/\/news.google.com\/rss\/articles\/CBMitgFBVV95cUxPX3F5VE5VZkpHTlFFMVUzbVh2MUJxVUFnSTlFa0VkOFRRRWNJdEs4WXdXaW9kTXM3b1k1dXlIY0d0bkZJdm5kbTkycHBpWTBNV2Y2OVpYN2RqR2x1SnZTQXNiWWRiSXZlRkdqcThaY2dNeTB1TzNDQ3U2X0VtaDM1ZV9QanJ4WVFkZ05qemlDM0RTZ1J3RkNBOXN2bWctOXplQ1BFT2lCUlB4SXkwYTBReklXc0tzUQ?oc=5\" target=\"_blank\" rel=\"nofollow noopener\">Brakuj\u0105ce dekrety Putina, uderzenie Ukrainy, nowy plan USA na Iran. Podsumowanie nocy<\/a>&nbsp;&nbsp;Wiadomo\u015bci Onet<\/li>\n<li><a href=\"https:\/\/news.google.com\/rss\/articles\/CBMirwFBVV95cUxQYzNQRGhtdUpSNmROR1hrVndFZXRlc3dyelVvb3RaNUx4TXR6Y2hVUThSaGtNWE9LR1N3NXpTTTQ0ZzlLcDlSNlVnVXZwTVhHRDA5dmF3Zll0T19kazIzbzkxS1lTLWVBMDBpZ1hTZGhWVElaNVFseFNLZXQzMGs0RnBEbzRqcndzUUNLTmZ0Q3NtVTBEcVJudUN5akxCeUZEeUFFNHk1UkpjQWdyQ2xz?oc=5\" target=\"_blank\" rel=\"nofollow noopener\">Dzia\u0142o si\u0119 w nocy. Ataki Ukrainy i Rosji, reakcja Iranu na gro\u017aby USA<\/a>&nbsp;&nbsp;WP Wiadomo\u015bci<\/li>\n<li><a href=\"https:\/\/news.google.com\/rss\/articles\/CBMilAFBVV95cUxPWkczX3lZZUNGZXphbDRwdjlWSXFnNWZxbWpWbi1hME5Ya1UwVGNkUXQ2R1pMMnhCX003Yi1zb01pdVhDMTVzWUxPQ2wwTTRhdm5veTlTMlNrLVRvZHlzN2pCNlZIVzZxY2JiQ2dJVXJFelFNdHVERzZtTTBWbU9oaDg4LXVHem1SeUdMMndjcnNGU2Rn?oc=5\" target=\"_blank\" rel=\"nofollow noopener\">[WOJNA] Co\u015b wielkiego dzieje si\u0119 w ci\u0105gu najbli\u017cszych 2 godzin.<\/a>&nbsp;&nbsp;Wykop<\/li>\n<li><a href=\"https:\/\/news.google.com\/rss\/articles\/CBMitwFBVV95cUxOM0NzVjFGUVA2LXNDVmpJaXVWbjZzTDRSNFNRcHFkTjBHamd0VVF4b2pvUDVVYXJFOUJSSUI4bDAxQmp0TGpPSnoxLWk1YXZtbC1xUktUS1R4R1Bib3JIMjVfbG1odHViMWhLbFRIS25KLXhfNmpmZlA5cnhfQUpUQzRBX09kZldidGk3ZUFHNDhCSEU3NHJCVThWZFN3T2IwdXhFa2pRanRYeDNsYU1xeHZxSlRrdVU?oc=5\" target=\"_blank\" rel=\"nofollow noopener\">Podsumowanie nocy. Brakuj\u0105ce dekrety Putina, uderzenie Ukrainy, nowy plan USA na Iran<\/a>&nbsp;&nbsp;GAZETA dziennik Polonii w Kanadzie<\/li>\n<li><a href=\"https:\/\/news.google.com\/rss\/articles\/CBMiiAFBVV95cUxNMzhLMWR0NHVobnp6Qm1KWnluZUY3Q1RfeDY5Y2hKZmJyY0liTzQ1aHdEb05fcnptSW84UGE5QnZDbjlEbXlwVWNuT1N3Si1WcTVSTzJSaUphUkFKX2RBSG9MWVBvWEtCcVUwNFVEYnV0aFZ2N2Z6MDJ4ODZLNVV5b1l3WXlwc2pq?oc=5\" target=\"_blank\" rel=\"nofollow noopener\">#wojna #rosja #ukraina czy to oznacza, \u017ce putin znowu jest w\u015bciek\u0142y i&#8230; (@twoj_starrry)<\/a>&nbsp;&nbsp;Wykop<\/li>\n<\/ol>\n","protected":false},"excerpt":{"rendered":"Brakuj\u0105ce dekrety Putina, uderzenie Ukrainy, nowy plan USA na Iran. Podsumowanie nocy&nbsp;&nbsp;Wiadomo\u015bci Onet Dzia\u0142o si\u0119 w nocy. Ataki&hellip;\n","protected":false},"author":2,"featured_media":646951,"comment_status":"","ping_status":"","sticky":false,"template":"","format":"standard","meta":{"footnotes":"","_share_on_mastodon":"0"},"categories":[14],"tags":[61195,32,33,44,27,34,35,5190,28,31,48,25,46,40,41,87,47,80,29,30,415,71,26,82,83,84],"class_list":["post-646950","post","type-post","status-publish","format-standard","has-post-thumbnail","category-swiat","tag-bottomfeed_styl","tag-breaking-news","tag-breakingnews","tag-donald_trump","tag-headlines","tag-latest-news","tag-latestnews","tag-marco_rubio","tag-naglowki","tag-najwazniejsze-artykuly","tag-nat_styl","tag-news","tag-omp","tag-polish","tag-polski","tag-rosja","tag-screening_general","tag-swiat","tag-top-stories","tag-topstories","tag-ukraina","tag-usa","tag-wiadomosci","tag-world","tag-world-news","tag-worldnews"],"share_on_mastodon":{"url":"https:\/\/pubeurope.com\/@pl\/117160331523139420","error":""},"_links":{"self":[{"href":"https:\/\/www.europesays.com\/pl\/wp-json\/wp\/v2\/posts\/646950","targetHints":{"allow":["GET"]}}],"collection":[{"href":"https:\/\/www.europesays.com\/pl\/wp-json\/wp\/v2\/posts"}],"about":[{"href":"https:\/\/www.europesays.com\/pl\/wp-json\/wp\/v2\/types\/post"}],"author":[{"embeddable":true,"href":"https:\/\/www.europesays.com\/pl\/wp-json\/wp\/v2\/users\/2"}],"replies":[{"embeddable":true,"href":"https:\/\/www.europesays.com\/pl\/wp-json\/wp\/v2\/comments?post=646950"}],"version-history":[{"count":0,"href":"https:\/\/www.europesays.com\/pl\/wp-json\/wp\/v2\/posts\/646950\/revisions"}],"wp:featuredmedia":[{"embeddable":true,"href":"https:\/\/www.europesays.com\/pl\/wp-json\/wp\/v2\/media\/646951"}],"wp:attachment":[{"href":"https:\/\/www.europesays.com\/pl\/wp-json\/wp\/v2\/media?parent=646950"}],"wp:term":[{"taxonomy":"category","embeddable":true,"href":"https:\/\/www.europesays.com\/pl\/wp-json\/wp\/v2\/categories?post=646950"},{"taxonomy":"post_tag","embeddable":true,"href":"https:\/\/www.europesays.com\/pl\/wp-json\/wp\/v2\/tags?post=646950"}],"curies":[{"name":"wp","href":"https:\/\/api.w.org\/{rel}","templated":true}]}}