{"id":647092,"date":"2026-08-26T07:42:16","date_gmt":"2026-08-26T07:42:16","guid":{"rendered":"https:\/\/www.europesays.com\/pl\/647092\/"},"modified":"2026-08-26T07:42:16","modified_gmt":"2026-08-26T07:42:16","slug":"szef-cia-john-ratcliffe-w-moskwie-dmitrij-pieskow-wskazal-cel-wizyty","status":"publish","type":"post","link":"https:\/\/www.europesays.com\/pl\/647092\/","title":{"rendered":"Szef CIA John Ratcliffe w Moskwie. Dmitrij Pieskow wskaza\u0142 cel wizyty"},"content":{"rendered":"<p>P\u00f3\u017aniej, w rozmowie z agencj\u0105 TASS, Pieskow doda\u0142, \u017ce &#8222;nie planowano spotka\u0144 z W\u0142adimirem Putinem&#8221;. <\/p>\n<p>Pytanie o spotkanie prezydenta Rosji z dyrektorem CIA pojawi\u0142o si\u0119 w kontek\u015bcie <a href=\"https:\/\/wiadomosci.onet.pl\/swiat\/putin-zmienil-wazne-plany-szykuje-sie-na-wizyte-szefa-cia\/y9vds5w\" id=\"661b2a7d-40cf-42ed-a5e6-b9ff701b443d\" rel=\"nofollow noopener\" target=\"_blank\">informacji przekazanej we wtorek przez rosyjskiego dziennikarza Aleksandra Junaszeda<\/a>, kt\u00f3ry poinformowa\u0142, \u017ce na ten dzie\u0144 zaplanowane by\u0142o du\u017ce wydarzenie z udzia\u0142em Putina, jednak kilka dni wcze\u015bniej zosta\u0142o prze\u0142o\u017cone.Ostatnio szef CIA przylecia\u0142 do Moskwy przed inwazj\u0105 Rosji na Ukrain\u0119<\/p>\n<p>Niespodziewana wizyta Ratcliffe&#8217;a w Moskwie wywo\u0142a\u0142a fal\u0119 domys\u0142\u00f3w. Ostatnia wizyta szefa CIA w rosyjskiej stolicy mia\u0142a miejsce bowiem w listopadzie 2021 r., czyli na kr\u00f3tko przed pocz\u0105tkiem pe\u0142noskalowej inwazji Rosji na Ukrain\u0119.<\/p>\n<p>Zanim <a href=\"https:\/\/wiadomosci.onet.pl\/swiat\/media-szef-cia-sklada-wizyte-w-moskwie\/z4w4kxj\" id=\"1437b613-dbd3-4f99-996a-6b9d44eafa73\" rel=\"nofollow noopener\" target=\"_blank\">ujawniono, \u017ce szef CIA uda\u0142 si\u0119 do Rosji, <\/a>we wtorek media obieg\u0142a informacja o tajemniczym przelocie ameryka\u0144skiego samolotu transportowo-wojskowego. Boeing C-17 Globemaster III Si\u0142 Powietrznych USA wystartowa\u0142 ze Stan\u00f3w Zjednoczonych w niedziel\u0119 i najpierw wyl\u0105dowa\u0142 w Rydze. We wtorek wyruszy\u0142 ze stolicy \u0141otwy do Moskwy. Wed\u0142ug danych serwisu Flightradar24 wyl\u0105dowa\u0142 rano na moskiewskim lotnisku Wnukowo. Po przylocie ameryka\u0144skiego samolotu w Moskwie wida\u0107 by\u0142o konw\u00f3j samochod\u00f3w z numerami rejestracyjnymi ameryka\u0144skich dyplomat\u00f3w.<\/p>\n<p class=\"ods-o-frame-in-text__paragraph\">POLECAMY: <a href=\"https:\/\/www.onet.pl\/informacje\/onetwiadomosci\/byly-dyrektor-cia-ostrzega-przed-planami-rosji-nato-musi-byc-czujne\/rj6jdc6,79cfc278\" id=\"a973296e-977a-47fe-81a8-62b62e130506\" rel=\"nofollow noopener\" target=\"_blank\">Zjad\u0142 z\u0119by na polityce. Ostrzega przed planami Rosji. &#8222;B\u0119dzie nadal testowa\u0142a&#8221;<\/a><\/p>\n<p><img class=\"ods-a-photo ods-a-photo--background\" src=\"https:\/\/www.europesays.com\/pl\/wp-content\/uploads\/2026\/08\/1787730136_298_fNtk9lLaHR0cDovL29jZG4uZXUvaW1hZ2VzL3B1bHNjbXMvTVRFN01EQV8vNDRlMDQ1ZDZjYWM3MDMxY2U1NTM4MjE5ODg3ZmMwY.jpeg\" height=\"311\" width=\"450\" alt=\"Leon Panetta, fot. PAP\/EPA\" loading=\"lazy\" fetchpriority=\"low\" decoding=\"async\"\/>Wizyta szefa CIA i trzy niejawne dekrety Putina<a href=\"https:\/\/wiadomosci.onet.pl\/swiat\/wladimir-putin-podpisal-tajne-dekrety-dokumentow-nie-ma-w-rejestrze-kremla\/egpx56e\" id=\"2383fba2-ed91-4ba3-8482-6457ef6f2c7e\" rel=\"nofollow noopener\" target=\"_blank\">Jak zaznacza\u0142 &#8222;The Moscow Times&#8221;,<\/a> wizyta szefa ameryka\u0144skiej CIA w Moskwie i r\u00f3wnoleg\u0142e <a href=\"https:\/\/wiadomosci.onet.pl\/swiat\/arcybiskup-gallagher-z-watykanu-rozpoczyna-wizyte-w-rosji-spotka-sie-z-lawrowem\/zcwbcm8\" id=\"472fa7f7-4801-42a9-8cfe-7cf8f26925e7\" rel=\"nofollow noopener\" target=\"_blank\">rozmowy dyplomatyczne przedstawicieli Rosji z wys\u0142annikiem Watykanu<\/a> zbieg\u0142y si\u0119 z podpisaniem przez W\u0142adimira Putina trzech utajnionych dekret\u00f3w. Rodzi to powa\u017cne spekulacje o mo\u017cliwych ostrze\u017ceniach przed rosyjsk\u0105 prowokacj\u0105, widmie nowej mobilizacji lub kolejnej wymianie wi\u0119\u017ani\u00f3w.CZYTAJ WI\u0118CEJ: <a href=\"https:\/\/wiadomosci.onet.pl\/swiat\/wladimir-putin-podpisal-tajne-dekrety-dokumentow-nie-ma-w-rejestrze-kremla\/egpx56e\" id=\"e5944d37-6dd7-4712-abf8-69c6b3ad3149\" rel=\"nofollow noopener\" target=\"_blank\">Niezapowiedziany lot szefa CIA do Rosji. Zagadka brakuj\u0105cych dekret\u00f3w Putina<\/a><\/p>\n","protected":false},"excerpt":{"rendered":"P\u00f3\u017aniej, w rozmowie z agencj\u0105 TASS, Pieskow doda\u0142, \u017ce &#8222;nie planowano spotka\u0144 z W\u0142adimirem Putinem&#8221;. Pytanie o spotkanie&hellip;\n","protected":false},"author":2,"featured_media":647093,"comment_status":"","ping_status":"","sticky":false,"template":"","format":"standard","meta":{"footnotes":"","_share_on_mastodon":"0"},"categories":[14],"tags":[61195,32,33,14131,445,27,76,20036,34,35,28,31,48,25,46,40,41,87,47,80,29,30,71,26,408,82,83,84],"class_list":["post-647092","post","type-post","status-publish","format-standard","has-post-thumbnail","category-swiat","tag-bottomfeed_styl","tag-breaking-news","tag-breakingnews","tag-cia","tag-dmitrij_pieskow","tag-headlines","tag-inwazja_rosji_na_ukraine","tag-john_ratcliffe","tag-latest-news","tag-latestnews","tag-naglowki","tag-najwazniejsze-artykuly","tag-nat_styl","tag-news","tag-omp","tag-polish","tag-polski","tag-rosja","tag-screening_general","tag-swiat","tag-top-stories","tag-topstories","tag-usa","tag-wiadomosci","tag-wladimir_putin","tag-world","tag-world-news","tag-worldnews"],"share_on_mastodon":{"url":"https:\/\/pubeurope.com\/@pl\/117160689593576623","error":""},"_links":{"self":[{"href":"https:\/\/www.europesays.com\/pl\/wp-json\/wp\/v2\/posts\/647092","targetHints":{"allow":["GET"]}}],"collection":[{"href":"https:\/\/www.europesays.com\/pl\/wp-json\/wp\/v2\/posts"}],"about":[{"href":"https:\/\/www.europesays.com\/pl\/wp-json\/wp\/v2\/types\/post"}],"author":[{"embeddable":true,"href":"https:\/\/www.europesays.com\/pl\/wp-json\/wp\/v2\/users\/2"}],"replies":[{"embeddable":true,"href":"https:\/\/www.europesays.com\/pl\/wp-json\/wp\/v2\/comments?post=647092"}],"version-history":[{"count":0,"href":"https:\/\/www.europesays.com\/pl\/wp-json\/wp\/v2\/posts\/647092\/revisions"}],"wp:featuredmedia":[{"embeddable":true,"href":"https:\/\/www.europesays.com\/pl\/wp-json\/wp\/v2\/media\/647093"}],"wp:attachment":[{"href":"https:\/\/www.europesays.com\/pl\/wp-json\/wp\/v2\/media?parent=647092"}],"wp:term":[{"taxonomy":"category","embeddable":true,"href":"https:\/\/www.europesays.com\/pl\/wp-json\/wp\/v2\/categories?post=647092"},{"taxonomy":"post_tag","embeddable":true,"href":"https:\/\/www.europesays.com\/pl\/wp-json\/wp\/v2\/tags?post=647092"}],"curies":[{"name":"wp","href":"https:\/\/api.w.org\/{rel}","templated":true}]}}