{"id":64721,"date":"2025-10-23T16:22:18","date_gmt":"2025-10-23T16:22:18","guid":{"rendered":"https:\/\/www.europesays.com\/pl\/64721\/"},"modified":"2025-10-23T16:22:18","modified_gmt":"2025-10-23T16:22:18","slug":"duza-siec-pilnie-wycofuje-twarog-moze-zawierac-szklo-rmf-fm","status":"publish","type":"post","link":"https:\/\/www.europesays.com\/pl\/64721\/","title":{"rendered":"Du\u017ca sie\u0107 pilnie wycofuje twar\u00f3g. Mo\u017ce zawiera\u0107 szk\u0142o :: RMF FM"},"content":{"rendered":"<p>Ze sklep\u00f3w du\u017cej sieci handlowej wycofywany jest twar\u00f3g sernikowy marki W\u0142oszczowa. Jak przekazano w oficjalnym komunikacie, w produkcie stwierdzono obecno\u015b\u0107 cia\u0142a obcego. \u201eKonsumenci proszeni s\u0105 o niespo\u017cywanie go\u201d \u2013 zaapelowano do klient\u00f3w.<\/p>\n<p><img decoding=\"async\" alt=\"\" src=\"https:\/\/www.europesays.com\/pl\/wp-content\/uploads\/2025\/10\/d5ff66d9c367697c098ef09d67715f33.jpg\" class=\"w-100\"\/><\/p>\n<p>Pilny komunikat dla klient\u00f3w, fot. Shutterstock<\/p>\n<p>&#13;<br \/>\n\tZ rynku\u00a0wycofywana jest partia twarogu na sernik marki W\u0142oszczowa oznaczona dat\u0105 przydatno\u015bci i numerem partii: 02.11.2025\/E. We wskazanym produkcie stwierdzona zosta\u0142a obecno\u015b\u0107 cia\u0142a obcego \u2013 tworzywa sztucznego lub szk\u0142a.<\/p>\n<p>&#13;<br \/>\n\tO zaistnia\u0142ej sytuacji informuje sie\u0107 market\u00f3w <a href=\"https:\/\/www.rmf.fm\/magazyn\/tag,Auchan.html\" rel=\"nofollow noopener\" target=\"_blank\">Auchan<\/a>, kt\u00f3ra zosta\u0142a zobligowana do usuni\u0119cia ze sprzeda\u017cy mog\u0105cego stanowi\u0107 zagro\u017cenie dla zdrowia konsument\u00f3w artyku\u0142u. \u201e<a href=\"https:\/\/www.rmf.fm\/magazyn\/tag,Wycofanie.html\" rel=\"nofollow noopener\" target=\"_blank\">Wycofanie<\/a> dotyczy tylko jednej partii\u201d \u2013 podkre\u015blono w opublikowanym przez firm\u0119 ostrze\u017ceniu.<\/p>\n<p>\t<a href=\"https:\/\/www.rmf.fm\/magazyn\/news,84396,pilny-komunikat-lidla-nie-spozywac-klienci-proszeni-o-zwrot.html\" rel=\"nofollow noopener\" target=\"_blank\"><img decoding=\"async\" src=\"https:\/\/www.europesays.com\/pl\/wp-content\/uploads\/2025\/10\/540f7db353e9984287de443fc09698ee.jpg\" width=\"290\"\/><\/a><a href=\"https:\/\/www.rmf.fm\/magazyn\/news,84396,pilny-komunikat-lidla-nie-spozywac-klienci-proszeni-o-zwrot.html\" rel=\"nofollow noopener\" target=\"_blank\">Pilny komunikat Lidla. \u201eNie spo\u017cywa\u0107\u201d. Klienci proszeni o zwrot<\/a><\/p>\n<p>Lidl wyda\u0142 pilny komunikat, w kt\u00f3rym apeluje do klient\u00f3w o zwrot wafli jej marki w\u0142asnej. \u201eNie mo\u017cemy wykluczy\u0107 obecno\u015bci metalicznych cia\u0142 obcych\u201d. Wskazanego produktu nie nale\u017cy spo\u017cywa\u0107. Lidl prosi o zwr\u00f3cenie go do sklepu.<\/p>\n<p>\n&#13;<br \/>\n\tKlienci proszeni o zwrot<\/p>\n<p>&#13;<br \/>\n\tW zwi\u0105zku z mo\u017cliwo\u015bci\u0105 wyst\u0105pienia w produkcie szk\u0142a lub tworzywa sztucznego, konsumenci proszeni s\u0105 o niespo\u017cywanie go. Auchan rekomenduje wyrzucenie produktu lub dokonanie zwrotu. W przypadku odniesienia kwestionowanego towaru do sklepu sie\u0107 odda pieni\u0105dze. \u201ePrzepraszam za problem i dzi\u0119kujemy za zrozumienie\u201d \u2013 zwr\u00f3cono si\u0119 do klient\u00f3w.<\/p>\n<p>&#13;<br \/>\n\t\u201eKonsumenci, kt\u00f3rzy zakupili wskazan\u0105 parti\u0119 produktu, proszeni s\u0105 o niespo\u017cywanie go, wyrzucenie lub zwrot do sklepu, w kt\u00f3rymzosta\u0142 zakupiony. Produkt zwr\u00f3cony zostanie ca\u0142kowicie zrefundowany\u201d \u2013 informuje Auchan.<\/p>\n<p>&#13;<br \/>\n\tNazwa produktu: Twar\u00f3g na sernik W\u0142oszczowa<br \/>&#13;<br \/>\n\tProducent: Okr\u0119gowa Sp\u00f3\u0142dzielnia Mleczarska W\u0142oszczowa<br \/>&#13;<br \/>\n\tKod kreskowy (EAN): 5901005004206<br \/>&#13;<br \/>\n\tData przydatno\u015bci\/numer partii: 02.11.2025\/E<\/p>\n","protected":false},"excerpt":{"rendered":"Ze sklep\u00f3w du\u017cej sieci handlowej wycofywany jest twar\u00f3g sernikowy marki W\u0142oszczowa. Jak przekazano w oficjalnym komunikacie, w produkcie&hellip;\n","protected":false},"author":2,"featured_media":64722,"comment_status":"","ping_status":"","sticky":false,"template":"","format":"standard","meta":{"footnotes":""},"categories":[16],"tags":[13531,16469,16470,113,112,42,38,40,39,41,3360],"class_list":{"0":"post-64721","1":"post","2":"type-post","3":"status-publish","4":"format-standard","5":"has-post-thumbnail","7":"category-biznes","8":"tag-auchan","9":"tag-auchan-komunikat","10":"tag-auchan-wycofanie","11":"tag-biznes","12":"tag-business","13":"tag-pl","14":"tag-poland","15":"tag-polish","16":"tag-polska","17":"tag-polski","18":"tag-wycofanie"},"share_on_mastodon":{"url":"https:\/\/pubeurope.com\/@pl\/115424404756575508","error":""},"_links":{"self":[{"href":"https:\/\/www.europesays.com\/pl\/wp-json\/wp\/v2\/posts\/64721","targetHints":{"allow":["GET"]}}],"collection":[{"href":"https:\/\/www.europesays.com\/pl\/wp-json\/wp\/v2\/posts"}],"about":[{"href":"https:\/\/www.europesays.com\/pl\/wp-json\/wp\/v2\/types\/post"}],"author":[{"embeddable":true,"href":"https:\/\/www.europesays.com\/pl\/wp-json\/wp\/v2\/users\/2"}],"replies":[{"embeddable":true,"href":"https:\/\/www.europesays.com\/pl\/wp-json\/wp\/v2\/comments?post=64721"}],"version-history":[{"count":0,"href":"https:\/\/www.europesays.com\/pl\/wp-json\/wp\/v2\/posts\/64721\/revisions"}],"wp:featuredmedia":[{"embeddable":true,"href":"https:\/\/www.europesays.com\/pl\/wp-json\/wp\/v2\/media\/64722"}],"wp:attachment":[{"href":"https:\/\/www.europesays.com\/pl\/wp-json\/wp\/v2\/media?parent=64721"}],"wp:term":[{"taxonomy":"category","embeddable":true,"href":"https:\/\/www.europesays.com\/pl\/wp-json\/wp\/v2\/categories?post=64721"},{"taxonomy":"post_tag","embeddable":true,"href":"https:\/\/www.europesays.com\/pl\/wp-json\/wp\/v2\/tags?post=64721"}],"curies":[{"name":"wp","href":"https:\/\/api.w.org\/{rel}","templated":true}]}}