{"id":647290,"date":"2026-08-26T09:46:09","date_gmt":"2026-08-26T09:46:09","guid":{"rendered":"https:\/\/www.europesays.com\/pl\/647290\/"},"modified":"2026-08-26T09:46:09","modified_gmt":"2026-08-26T09:46:09","slug":"pierwsze-takie-derby-krakowa-rusza-6-kolejka-pko-bank-polski-ekstraklasy","status":"publish","type":"post","link":"https:\/\/www.europesays.com\/pl\/647290\/","title":{"rendered":"Pierwsze takie derby Krakowa. Rusza 6. kolejka PKO Bank Polski Ekstraklasy"},"content":{"rendered":"<p>Kolejk\u0119 rozpoczniemy w P\u0142ocku, gdzie Wis\u0142a zmierzy si\u0119 z Koron\u0105 Kielce. Dru\u017cyna trenera Adama Majewskiego zanotowa\u0142a dwie pora\u017cki z rz\u0119du, a niekorzystn\u0105 seri\u0119 pr\u00f3bowa\u0107 b\u0119dzie przeciwko zespo\u0142owi, kt\u00f3ry marzy o europejskich pucharach. Kielczanie dokonali g\u0142o\u015bnych wzmocnie\u0144 i to oni b\u0119d\u0105 faworytami do si\u0119gni\u0119cia po trzy punkty.<\/p>\n<p>Ekstraklasowy pi\u0105tek zako\u0144czy si\u0119 w Warszawie. Legia rozpocz\u0119\u0142a kolejk\u0119 jako lider tabeli, a teraz zamierza podtrzyma\u0107 doskona\u0142\u0105 pass\u0119 bez pora\u017cki przeciwko \u015al\u0105skowi Wroc\u0142aw. Wiecz\u00f3r zapowiada si\u0119 szczeg\u00f3lnie, bo do kadry na jeden mecz w\u0142\u0105czony zosta\u0142 Artur J\u0119drzejczyk. Po zako\u0144czeniu spotkania kibice Legii po\u017cegnaj\u0105 jedn\u0105 z najwi\u0119kszych legend klubu z \u0141azienkowskiej.<\/p>\n<p>Sobot\u0119 zaczniemy od starcia w Radomiu. Radomiak zdecydowanie nie przekonuje na pocz\u0105tku kadencji Tomasza Kaczmarka i w pi\u0119ciu meczach zanotowa\u0142 a\u017c trzy pora\u017cki, w tym wstydliwe 0:5 w stolicy. A teraz nie b\u0119dzie \u0142atwiej o prze\u0142amanie, bo trzeba b\u0119dzie pokona\u0107 Cracovi\u0119, kt\u00f3ra przed startem kolejki zajmuje przyzwoite trzecie miejsce.<\/p>\n<p>Piast Gliwice m\u00f3g\u0142 zyska\u0107 wiatru w skrzyd\u0142a, gdy w samej ko\u0144c\u00f3wce uda\u0142o mu si\u0119 wyszarpa\u0107 remis z Legi\u0105 Warszawa. Dlatego mecz z Motorem Lublin b\u0119dzie mia\u0142 szczeg\u00f3ln\u0105 stawk\u0119 \u2014 obie dru\u017cyny s\u0105siaduj\u0105 ze sob\u0105 w tabeli i mog\u0105 znacz\u0105co zbli\u017cy\u0107 si\u0119 do czo\u0142\u00f3wki na starcie sezonu.<\/p>\n<p>Jednym z hit\u00f3w 6. kolejki PKO Bank Polski Ekstraklasy jest mecz przy Reymonta. Wis\u0142a ju\u017c mierzy\u0142a si\u0119 z Wieczyst\u0105, gdy obie dru\u017cyny rywalizowa\u0142y o awans w minionym sezonie, a teraz oba zespo\u0142y zagraj\u0105 ze sob\u0105 po raz pierwszy na poziomie Ekstraklasy. Bia\u0142a Gwiazda zdoby\u0142a o cztery punkty wi\u0119cej, ale mniej utytu\u0142owany z krakowskich klub\u00f3w udowodni\u0142, \u017ce z tak\u0105 ofensyw\u0105 sta\u0107 go na wiele. Tu nie b\u0119dzie nudy.<\/p>\n<p>Na koniec dnia przeniesiemy si\u0119 do Lubina, gdzie Zag\u0142\u0119bie podejmie Pogo\u0144 Szczecin. Obie dru\u017cyny maj\u0105 identyczny bilans zwyci\u0119stw po czterech rozegranych kolejkach, ale za faworyta nale\u017cy mimo wszystko uzna\u0107 Portowc\u00f3w. Kto wie, czy to spotkanie nie b\u0119dzie okazj\u0105 do po\u017cegnania Marcela Regu\u0142y, wok\u00f3\u0142 kt\u00f3rego robi si\u0119 naprawd\u0119 g\u0142o\u015bno.<\/p>\n<p>Niedziel\u0119 rozpoczniemy od bezpo\u015brednich mecz\u00f3w z udzia\u0142em naszych pucharowicz\u00f3w. Jako pierwsi na murawie zamelduj\u0105 si\u0119 pi\u0142karze Rakowa Cz\u0119stochowa i Jagiellonii Bia\u0142ystok. Medaliki mocno rozczarowuj\u0105, zamykaj\u0105c ligow\u0105 tabel\u0119, a o prze\u0142amanie przeciwko dru\u017cynie Adriana Siemie\u0144ca nie b\u0119dzie \u0142atwo.<\/p>\n<p>Nast\u0119pnie czeka nas \u015al\u0105ski Klasyk, czyli rywalizacja G\u00f3rnika Zabrze z GKS-em Katowice. Zabrzanie s\u0105 jedyn\u0105 dru\u017cyn\u0105, kt\u00f3ra rozpocz\u0119\u0142a sezon od trzech zwyci\u0119stw z rz\u0119du, co musi imponowa\u0107. Ale GieKSa pokazywa\u0142a wielokrotnie w ostatnich miesi\u0105cach, \u017ce niestraszni s\u0105 jej nawet najwi\u0119ksi faworyci.<\/p>\n<p>Ligow\u0105 kolejk\u0119 zamkniemy jeszcze w niedziel\u0119, przenosz\u0105c si\u0119 na kolejny hit. Lech Pozna\u0144 zagra u siebie z Widzewem \u0141\u00f3d\u017a. Mistrzowie Polski nie mog\u0105 liczy\u0107 na &#8222;spacerek&#8221;, ale Widzew po pi\u0119ciu meczach wci\u0105\u017c ma na koncie tylko jedn\u0105 wygran\u0105. By\u0142o bardzo blisko we Wroc\u0142awiu, teraz zesp\u00f3\u0142 Aleksandara Vukovicia poszuka prze\u0142amania w stolicy Wielkopolski.<\/p>\n<p>Terminarz 6. kolejki PKO Bank Polski Ekstraklasy 2026\/2027:<\/p>\n<p>Pi\u0105tek, 28 sierpnia:<\/p>\n<p>Wis\u0142a P\u0142ock \u2014 Korona Kielce (godz. 18.00, transmisja w CANAL+ Sport 3 i serwisie streamingowym CANAL+)Legia Warszawa \u2014 \u015al\u0105sk Wroc\u0142aw (godz. 20.30, transmisja w CANAL+ Sport 3 i serwisie streamingowym CANAL+)<\/p>\n<p>Sobota, 29 sierpnia:<\/p>\n<p>Radomiak Radom \u2014 Cracovia (godz. 12.15, transmisja w CANAL+ Sport 3 i serwisie streamingowym CANAL+)Motor Lublin \u2014 Piast Gliwice (godz. 14.45, transmisja w CANAL+ Sport 3 i serwisie streamingowym CANAL+)Wis\u0142a Krak\u00f3w \u2014 Wieczysta Krak\u00f3w (godz. 17.30, transmisja w CANAL+ Sport 3 i serwisie streamingowym CANAL+)Zag\u0142\u0119bie Lubin \u2014 Pogo\u0144 Szczecin (godz. 20.15, transmisja w CANAL+ Sport 3 i serwisie streamingowym CANAL+)<\/p>\n<p>Niedziela, 30 sierpnia:<\/p>\n<p>Rak\u00f3w Cz\u0119stochowa \u2014 Jagiellonia Bia\u0142ystok (godz. 14.45, transmisja w CANAL+ Sport 3 i serwisie streamingowym CANAL+)G\u00f3rnik Zabrze \u2014 GKS Katowice (godz. 17.30, transmisja w CANAL+ Sport 3 i serwisie streamingowym CANAL+)Lech Pozna\u0144 \u2014 Widzew \u0141\u00f3d\u017a (godz. 20.15, transmisja w CANAL+ Sport 3 i serwisie streamingowym CANAL+)<\/p>\n","protected":false},"excerpt":{"rendered":"Kolejk\u0119 rozpoczniemy w P\u0142ocku, gdzie Wis\u0142a zmierzy si\u0119 z Koron\u0105 Kielce. Dru\u017cyna trenera Adama Majewskiego zanotowa\u0142a dwie pora\u017cki&hellip;\n","protected":false},"author":2,"featured_media":647291,"comment_status":"","ping_status":"","sticky":false,"template":"","format":"standard","meta":{"footnotes":"","_share_on_mastodon":"0"},"categories":[52122],"tags":[2211,61195,274,48,46,948,6010,752,42,38,40,39,41,47],"class_list":["post-647290","post","type-post","status-publish","format-standard","has-post-thumbnail","category-pko-bank-polski","tag-_skom_","tag-bottomfeed_styl","tag-ekstraklasa","tag-nat_styl","tag-omp","tag-pilka_nozna","tag-pko-bank-polski","tag-pko-bp","tag-pl","tag-poland","tag-polish","tag-polska","tag-polski","tag-screening_general"],"share_on_mastodon":{"url":"https:\/\/pubeurope.com\/@pl\/117161176981482182","error":""},"_links":{"self":[{"href":"https:\/\/www.europesays.com\/pl\/wp-json\/wp\/v2\/posts\/647290","targetHints":{"allow":["GET"]}}],"collection":[{"href":"https:\/\/www.europesays.com\/pl\/wp-json\/wp\/v2\/posts"}],"about":[{"href":"https:\/\/www.europesays.com\/pl\/wp-json\/wp\/v2\/types\/post"}],"author":[{"embeddable":true,"href":"https:\/\/www.europesays.com\/pl\/wp-json\/wp\/v2\/users\/2"}],"replies":[{"embeddable":true,"href":"https:\/\/www.europesays.com\/pl\/wp-json\/wp\/v2\/comments?post=647290"}],"version-history":[{"count":0,"href":"https:\/\/www.europesays.com\/pl\/wp-json\/wp\/v2\/posts\/647290\/revisions"}],"wp:featuredmedia":[{"embeddable":true,"href":"https:\/\/www.europesays.com\/pl\/wp-json\/wp\/v2\/media\/647291"}],"wp:attachment":[{"href":"https:\/\/www.europesays.com\/pl\/wp-json\/wp\/v2\/media?parent=647290"}],"wp:term":[{"taxonomy":"category","embeddable":true,"href":"https:\/\/www.europesays.com\/pl\/wp-json\/wp\/v2\/categories?post=647290"},{"taxonomy":"post_tag","embeddable":true,"href":"https:\/\/www.europesays.com\/pl\/wp-json\/wp\/v2\/tags?post=647290"}],"curies":[{"name":"wp","href":"https:\/\/api.w.org\/{rel}","templated":true}]}}