{"id":647298,"date":"2026-08-26T09:50:12","date_gmt":"2026-08-26T09:50:12","guid":{"rendered":"https:\/\/www.europesays.com\/pl\/647298\/"},"modified":"2026-08-26T09:50:12","modified_gmt":"2026-08-26T09:50:12","slug":"kierowca-autokaru-relacji-zamosc-lublin-z-telefonem-w-reku-nagranie-trafilo-na-stop-cham-film","status":"publish","type":"post","link":"https:\/\/www.europesays.com\/pl\/647298\/","title":{"rendered":"Kierowca autokaru relacji Zamo\u015b\u0107-Lublin z telefonem w r\u0119ku. Nagranie trafi\u0142o na Stop Cham (FILM)"},"content":{"rendered":"<p class=\"news__lead\">Kierowca autokaru (internauci prostuj\u0105: busa) jad\u0105cego z Zamo\u015bcia do Lublina zamiast patrze\u0107 wy\u0142\u0105cznie na drog\u0119, mia\u0142 podczas jazdy korzysta\u0107 z telefonu i przewija\u0107 tre\u015bci na ekranie. Pasa\u017cerka nagra\u0142a sytuacj\u0119 i przes\u0142a\u0142a filmiki na popularny profil Stop Cham i poprosi\u0142a o nag\u0142o\u015bnienie sprawy. Pod publikacj\u0105 pojawi\u0142o si\u0119 ponad 700 komentarzy. Oberwa\u0142o si\u0119 kierowcy, ale r\u00f3wnie\u017c autorce nagrania.\n<\/p>\n<p>Do zdarzenia mia\u0142o doj\u015b\u0107, jak podaje Stop Cham, 23 sierpnia oko\u0142o godziny 18.05 podczas kursu z Zamo\u015bcia do Lublina. Wed\u0142ug informacji przekazanych profilowi chodzi\u0142o o autokar PKS Bi\u0142goraj.<br \/>\u201eKierowca autokaru podczas prowadzenia pojazdu zamiast skupi\u0107 si\u0119 na drodze korzysta\u0142 z telefonu. Otrzymali\u015bmy 5 filmik\u00f3w z przeci\u0105gu ponad 30 min. Zatem to nie by\u0142a jednorazowa sytuacja\u201d \u2013 napisano przy nagraniu.<\/p>\n<p>\u201ePanu ju\u017c podzi\u0119kujemy za prac\u0119\u201d<br \/>Nagranie wywo\u0142a\u0142o burz\u0119. Wiele os\u00f3b ostro krytykuje zachowanie kierowcy i zwraca uwag\u0119 na bezpiecze\u0144stwo pasa\u017cer\u00f3w.<br \/>\u201eTen pseudokierowca powinien mie\u0107 odebrane prawo jazdy i kwalifikacje z marszu. Wstyd\u201d \u2013 napisa\u0142 jeden z internaut\u00f3w.<br \/>\u201eNa policj\u0119 zadzwoni\u0107, niech zatrzymuj\u0105 autokar i pokaza\u0107 filmik. Panu ju\u017c podzi\u0119kujemy za prac\u0119\u201d \u2013 stwierdzi\u0142 kolejny.<br \/>\u201eOdda\u0107 film pracodawcy, a kierowca wylot z roboty\u201d \u2013 czytamy w nast\u0119pnym komentarzu.<br \/>Kto\u015b inny napisa\u0142 kr\u00f3tko: \u201eMam nadziej\u0119, \u017ce to by\u0142 ostatni dzie\u0144 jego pracy!\u201d.<\/p>\n<p>\u00a0<\/p>\n<p>Ale oberwa\u0142o si\u0119 te\u017c autorce<br \/>W\u015br\u00f3d ponad 700 komentarzy pojawi\u0142o si\u0119 jednak sporo krytycznych uwag pod adresem osoby, kt\u00f3ra nagra\u0142a filmiki. Internauci pytali, dlaczego zamiast nagrywa\u0107 i p\u00f3\u017aniej publikowa\u0107 materia\u0142, nie zwr\u00f3ci\u0142a kierowcy uwagi ju\u017c podczas podr\u00f3\u017cy.<br \/>\u201eLepiej nag\u0142o\u015bni\u0107 ni\u017c zwr\u00f3ci\u0107 uwag\u0119, pewnie \u017ce tak\u201d \u2013 ironizowa\u0142 jeden z komentuj\u0105cych.<br \/>\u201eI zamiast zareagowa\u0107, zwr\u00f3ci\u0107 uwag\u0119, nagrywaj\u0105 filmiki\u201d \u2013 napisa\u0142 inny.<br \/>Cz\u0119\u015b\u0107 os\u00f3b stan\u0119\u0142a jednak po stronie nagrywaj\u0105cej, argumentuj\u0105c, \u017ce film mo\u017ce by\u0107 dowodem zachowania kierowcy. Jednocze\u015bnie podkre\u015blali, \u017ce w takiej sytuacji warto reagowa\u0107 od razu.<br \/>\u201eNagrywam, by mie\u0107 dow\u00f3d w sprawie. Zwracam uwag\u0119 kierowcy. Wysy\u0142am na policj\u0119 i do pracodawcy. I nie gadajcie, \u017ce jestem konfident. Moje \u017cycie i zdrowie jest wa\u017cniejsze od przegl\u0105dania telefonu przez kierowc\u0119. Wystarczy chwila nieuwagi i tragedia gotowa\u201d \u2013 napisa\u0142 jeden z internaut\u00f3w.<br \/>\u201eNagrywanie dobrze, bo jest dowodem w sprawie, ale natychmiast powinna by\u0107 ostra reprymenda w stron\u0119 kierowcy, by skupi\u0142 si\u0119 na drodze, nie na telefonie\u201d \u2013 doda\u0142 kolejny.<\/p>\n<p>Pr\u00f3bowali\u015bmy skontaktowa\u0107 si\u0119 z dyrektorem PKS Bi\u0142goraj. W sekretariacie \u00a0us\u0142yszeli\u015bmy, \u017ce sprawa jest ju\u017c znana przewo\u017anikowi, a dyrektor na pewno skontaktuje si\u0119 z nami i przedstawi stanowisko w tej sprawie.<br \/>Gdy tylko je otrzymamy, niezw\u0142ocznie poinformujemy<\/p>\n<p>                                                                                                                                                                                                        ]]><\/p>\n","protected":false},"excerpt":{"rendered":"Kierowca autokaru (internauci prostuj\u0105: busa) jad\u0105cego z Zamo\u015bcia do Lublina zamiast patrze\u0107 wy\u0142\u0105cznie na drog\u0119, mia\u0142 podczas jazdy&hellip;\n","protected":false},"author":2,"featured_media":647299,"comment_status":"","ping_status":"","sticky":false,"template":"","format":"standard","meta":{"footnotes":"","_share_on_mastodon":"0"},"categories":[51612],"tags":[16356,126797,1081,42,38,126798,40,39,41,7752],"class_list":["post-647298","post","type-post","status-publish","format-standard","has-post-thumbnail","category-lublin","tag-bilgoraj","tag-goraj","tag-lublin","tag-pl","tag-poland","tag-policja-w-tomaszowie-lub","tag-polish","tag-polska","tag-polski","tag-zamosc"],"share_on_mastodon":{"url":"https:\/\/pubeurope.com\/@pl\/117161192613509278","error":""},"_links":{"self":[{"href":"https:\/\/www.europesays.com\/pl\/wp-json\/wp\/v2\/posts\/647298","targetHints":{"allow":["GET"]}}],"collection":[{"href":"https:\/\/www.europesays.com\/pl\/wp-json\/wp\/v2\/posts"}],"about":[{"href":"https:\/\/www.europesays.com\/pl\/wp-json\/wp\/v2\/types\/post"}],"author":[{"embeddable":true,"href":"https:\/\/www.europesays.com\/pl\/wp-json\/wp\/v2\/users\/2"}],"replies":[{"embeddable":true,"href":"https:\/\/www.europesays.com\/pl\/wp-json\/wp\/v2\/comments?post=647298"}],"version-history":[{"count":0,"href":"https:\/\/www.europesays.com\/pl\/wp-json\/wp\/v2\/posts\/647298\/revisions"}],"wp:featuredmedia":[{"embeddable":true,"href":"https:\/\/www.europesays.com\/pl\/wp-json\/wp\/v2\/media\/647299"}],"wp:attachment":[{"href":"https:\/\/www.europesays.com\/pl\/wp-json\/wp\/v2\/media?parent=647298"}],"wp:term":[{"taxonomy":"category","embeddable":true,"href":"https:\/\/www.europesays.com\/pl\/wp-json\/wp\/v2\/categories?post=647298"},{"taxonomy":"post_tag","embeddable":true,"href":"https:\/\/www.europesays.com\/pl\/wp-json\/wp\/v2\/tags?post=647298"}],"curies":[{"name":"wp","href":"https:\/\/api.w.org\/{rel}","templated":true}]}}