{"id":647386,"date":"2026-08-26T10:41:08","date_gmt":"2026-08-26T10:41:08","guid":{"rendered":"https:\/\/www.europesays.com\/pl\/647386\/"},"modified":"2026-08-26T10:41:08","modified_gmt":"2026-08-26T10:41:08","slug":"karol-nawrocki-z-rekordem-zawetowanych-ustaw-tyle-kosztowaly-wprost","status":"publish","type":"post","link":"https:\/\/www.europesays.com\/pl\/647386\/","title":{"rendered":"Karol Nawrocki z rekordem zawetowanych ustaw. Tyle kosztowa\u0142y \u2013 Wprost"},"content":{"rendered":"\n<p>&#13;<br \/>\nSze\u015b\u0107 wet Karola Nawrockiego mo\u017ce oznacza\u0107 w\u00a0tym roku ponad 8\u00a0mld z\u0142 mniejszych wp\u0142yw\u00f3w \u2013\u00a0wynika z\u00a0wylicze\u0144 Ministerstwa Finans\u00f3w dla\u00a0\u201eRzeczpospolitej\u201d. <a href=\"https:\/\/www.wprost.pl\/kraj\/12422784\/karol-nawrocki-wetuje-ustawy-budzet-traci-miliardy-sa-wyliczenia.html\" target=\"_blank\" rel=\"nofollow noopener\">Najbardziej kosztowne okaza\u0142o si\u0119 zablokowanie ustawy o\u00a0podatku od\u00a0nadzwyczajnych zysk\u00f3w firm paliwowych<\/a>. (kasa pa\u0144stwa mia\u0142a straci\u0107 na\u00a0tym 3,8 mld z\u0142), a\u00a0na drugim miejscu jest odrzucenie podwy\u017cki akcyzy na\u00a0alkohol (1,8 mld z\u0142 mniej w\u00a0pa\u0144stwowej kasie). &#13;\n<\/p>\n<p>Weta Karola Nawrockiego kosztowa\u0142y miliardy? Rzecznik prezydenta reaguje<\/p>\n<p>&#13;<br \/>\nDo sprawy odni\u00f3s\u0142 si\u0119 rzecznik prezydenta Karola Nawrockiego. \u2014\u00a0Rz\u0105dz\u0105cy przygotowali buble prawne, niezgodne z\u00a0Konstytucj\u0105. A\u00a0prezydent RP jako stra\u017cnik Konstytucji ma\u00a0obowi\u0105zek dba\u0107 o\u00a0przestrzeganie prawa. St\u0105d weta jako hamulec dla\u00a0z\u0142ego prawa lub\u00a0wnioski do\u00a0Trybuna\u0142u Konstytucyjnego \u2014\u00a0powiedzia\u0142 Rafa\u0142 Le\u015bkiewicz w\u00a0rozmowie z\u00a0\u201eFaktem\u201d. &#13;\n<\/p>\n<p>\u2014 Mo\u017cna odnie\u015b\u0107 wra\u017cenie, \u017ce\u00a0niekt\u00f3re z\u00a0ustaw pisano z\u00a0wykorzystaniem narz\u0119dzi sztucznej inteligencji. Za\u00a0fatalny stan finans\u00f3w publicznych odpowiada minister finans\u00f3w Andrzej Doma\u0144ski. Pr\u00f3ba obarczenia pana prezydenta odpowiedzialno\u015bci\u0105 za\u00a0kondycj\u0119 finans\u00f3w pa\u0144stwa jest nieudoln\u0105 manipulacj\u0105 maj\u0105c\u0105 na\u00a0celu odwr\u00f3cenie uwagi od\u00a0afer wywo\u0142ywanych przez koalicj\u0119 rz\u0105dz\u0105c\u0105, o\u00a0kt\u00f3rych codziennie informuj\u0105 media \u2014\u00a0doda\u0142 wsp\u00f3\u0142pracownik prezydenta. <\/p>\n<p>&#13;<br \/>\nRzecznik g\u0142owy pa\u0144stwa podkre\u015bli\u0142 tak\u017ce, \u017ce\u00a0Karol Nawrocki oczekuje od\u00a0rz\u0105dz\u0105cych \u201edobrze przygotowanych i\u00a0przede wszystkim zgodnych z\u00a0prawem ustaw\u201d. \u2013\u00a0W\u00f3wczas nie\u00a0b\u0119dzie problemu z\u00a0ich podpisaniem \u2013\u00a0zako\u0144czy\u0142 w\u0105tek. &#13;\n<\/p>\n<p>Ile ustaw zawetowa\u0142 Nawrocki? S\u0105 oficjalne dane<\/p>\n<p>&#13;<br \/>\n6 sierpnia 2026\u00a0r. min\u0105\u0142 dok\u0142adnie rok od\u00a0zaprzysi\u0119\u017cenia Karola Nawrockiego na\u00a0prezydenta Polski. W tym czasie g\u0142owa pa\u0144stwa <a href=\"https:\/\/www.wprost.pl\/polityka\/sondaze\/12407607\/sondaz-nawrocki-z-szansami-na-reelekcje-polacy-reaguja.html\" target=\"_blank\" rel=\"nofollow noopener\">z\u0142o\u017cy\u0142a 22 inicjatywy ustawodawcze<\/a>, zawetowa\u0142a 41 ustaw i\u00a0255 podpisa\u0142a. Licznik wet jest ju\u017c jednak wy\u017cszy, poniewa\u017c kilka dni temu prezydent odm\u00f3wi\u0142 podpisania Ustawy z\u00a0dnia 31 lipca 2026\u00a0r. o\u00a0zmianie ustawy o\u00a0publicznym transporcie zbiorowym oraz\u00a0niekt\u00f3rych innych ustaw (numer druku sejmowego 2700). &#13;\n<\/p>\n<p>&#13;<br \/>\n   Czytaj te\u017c:<br \/><a href=\"https:\/\/www.wprost.pl\/kraj\/12423681\/karol-nawrocki-i-plan-na-wydarzenie-w-juracie-skolim-wsrod-wykonawcow.html\" rel=\"follow nofollow noopener\" data-schema=\"WPROST\" data-image=\"https:\/\/img.wprost.pl\/_thumb\/9a\/be\/9b211bf21c73ab6f062d744532df.jpeg\" target=\"_blank\">Nawrocki ods\u0142oni\u0142 karty. U\u00a0prezydenta zagra Skolim. Mamy program wydarzenia w\u00a0Juracie<\/a>   Czytaj te\u017c:<br \/><a href=\"https:\/\/www.wprost.pl\/polityka\/12421095\/bronislaw-komorowski-o-karolu-nawrockim-szkodzi-rzadowi-na-kazdym-kroku.html\" rel=\"follow nofollow noopener\" data-schema=\"WPROST\" data-image=\"https:\/\/img.wprost.pl\/_thumb\/e0\/d1\/b6e36bbc4f58ef3262d8f2c929b7.jpeg\" target=\"_blank\">Bronis\u0142aw Komorowski: Karol Nawrocki realizuje koncepcj\u0119 szkodzenia rz\u0105dowi na\u00a0ka\u017cdym kroku<\/a>&#13;<\/p>\n","protected":false},"excerpt":{"rendered":"&#13; Sze\u015b\u0107 wet Karola Nawrockiego mo\u017ce oznacza\u0107 w\u00a0tym roku ponad 8\u00a0mld z\u0142 mniejszych wp\u0142yw\u00f3w \u2013\u00a0wynika z\u00a0wylicze\u0144 Ministerstwa Finans\u00f3w&hellip;\n","protected":false},"author":2,"featured_media":647387,"comment_status":"","ping_status":"","sticky":false,"template":"","format":"standard","meta":{"footnotes":"","_share_on_mastodon":"0"},"categories":[62712],"tags":[387,52937,690,49,59734,907,6158,8206,43315],"class_list":["post-647386","post","type-post","status-publish","format-standard","has-post-thumbnail","category-karol-nawrocki","tag-budzet","tag-finanse-i-inwestycje","tag-karol-nawrocki","tag-kraj","tag-opinie-i-komentarze","tag-polityka","tag-ustawa","tag-weto","tag-wprost"],"share_on_mastodon":{"url":"https:\/\/pubeurope.com\/@pl\/117161393384465566","error":""},"_links":{"self":[{"href":"https:\/\/www.europesays.com\/pl\/wp-json\/wp\/v2\/posts\/647386","targetHints":{"allow":["GET"]}}],"collection":[{"href":"https:\/\/www.europesays.com\/pl\/wp-json\/wp\/v2\/posts"}],"about":[{"href":"https:\/\/www.europesays.com\/pl\/wp-json\/wp\/v2\/types\/post"}],"author":[{"embeddable":true,"href":"https:\/\/www.europesays.com\/pl\/wp-json\/wp\/v2\/users\/2"}],"replies":[{"embeddable":true,"href":"https:\/\/www.europesays.com\/pl\/wp-json\/wp\/v2\/comments?post=647386"}],"version-history":[{"count":0,"href":"https:\/\/www.europesays.com\/pl\/wp-json\/wp\/v2\/posts\/647386\/revisions"}],"wp:featuredmedia":[{"embeddable":true,"href":"https:\/\/www.europesays.com\/pl\/wp-json\/wp\/v2\/media\/647387"}],"wp:attachment":[{"href":"https:\/\/www.europesays.com\/pl\/wp-json\/wp\/v2\/media?parent=647386"}],"wp:term":[{"taxonomy":"category","embeddable":true,"href":"https:\/\/www.europesays.com\/pl\/wp-json\/wp\/v2\/categories?post=647386"},{"taxonomy":"post_tag","embeddable":true,"href":"https:\/\/www.europesays.com\/pl\/wp-json\/wp\/v2\/tags?post=647386"}],"curies":[{"name":"wp","href":"https:\/\/api.w.org\/{rel}","templated":true}]}}