{"id":647432,"date":"2026-08-26T11:08:11","date_gmt":"2026-08-26T11:08:11","guid":{"rendered":"https:\/\/www.europesays.com\/pl\/647432\/"},"modified":"2026-08-26T11:08:11","modified_gmt":"2026-08-26T11:08:11","slug":"nowy-komunikat-rcb-chodzi-o-stopnie-alarmowe-jest-decyzja-premiera","status":"publish","type":"post","link":"https:\/\/www.europesays.com\/pl\/647432\/","title":{"rendered":"Nowy komunikat RCB, chodzi o stopnie alarmowe. Jest decyzja premiera"},"content":{"rendered":"<ul class=\"list-summary__items summary\">\n<li>Jakie stopnie alarmowe zosta\u0142y przed\u0142u\u017cone przez premiera.<\/li>\n<li>Co oznacza stopie\u0144 alarmowy BRAVO i jakie zobowi\u0105zania wprowadza.<\/li>\n<li>Dlaczego wprowadzono stopie\u0144 alarmowy CHARLIE na liniach kolejowych.<\/li>\n<li>Kto decyduje o wprowadzeniu lub zmianie stopni alarmowych.<\/li>\n<\/ul>\n<p>    <a name=\"eztoc42666835_0_5\" id=\"eztoc42666835_0_5\"\/>Premier przed\u0142u\u017cy\u0142 obowi\u0105zywanie stopni alarmowych<\/p>\n<p>Przed\u0142u\u017cone zosta\u0142y: 2. stopie\u0144 zagro\u017cenia BRAVO oraz 2. stopie\u0144 zagro\u017cenia BRAVO-CRP, kt\u00f3re obowi\u0105zuj\u0105 na terytorium ca\u0142ego kraju oraz 2. stopie\u0144 zagro\u017cenia BRAVO wobec polskiej infrastruktury energetycznej mieszcz\u0105cej si\u0119 poza granicami Rzeczypospolitej Polskiej.<\/p>\n<p>Zarz\u0105dzeniem premiera przed\u0142u\u017cone zosta\u0142o r\u00f3wnie\u017c obowi\u0105zywanie trzeciego stopnia alarmowego CHARLIE na obszarach linii kolejowych zarz\u0105dzanych przez<br \/>\n<a href=\"https:\/\/wiadomosci.radiozet.pl\/tag\/kategoria\/pkp\" target=\"_self\" rel=\"dofollow noopener\">PKP<\/a> Polskie Linie Kolejowe S.A. i PKP Linia Hutnicza Szerokotorowa. Ostatni ze stopni alarmowych zosta\u0142 wprowadzony po akcjach sabota\u017cu na polskiej kolei w listopadzie ubieg\u0142ego roku.<\/p>\n<p><a name=\"eztoc42666835_0_6\" id=\"eztoc42666835_0_6\"\/>Stopnie alarmowe. Co oznaczaj\u0105?<\/p>\n<p>Stopie\u0144 alarmowy BRAVO (drugi w czterostopniowej skali) wprowadza si\u0119 w przypadku zaistnienia zwi\u0119kszonego i przewidywalnego zagro\u017cenia wyst\u0105pieniem zdarzenia o charakterze terrorystycznym. Oznacza to, \u017ce s\u0142u\u017cby maj\u0105 informacj\u0119 o potencjalnym zagro\u017ceniu, a w zwi\u0105zku z tym administracja publiczna jest zobowi\u0105zana do zachowania szczeg\u00f3lnej czujno\u015bci.<\/p>\n<p>BRAVO-CRP jest drugim z czterech stopni alarmowych okre\u015blonych w ustawie o dzia\u0142aniach antyterrorystycznych. Oznacza to, \u017ce administracja publiczna jest zobowi\u0105zana do prowadzenia wzmo\u017conego monitoringu stanu bezpiecze\u0144stwa system\u00f3w teleinformatycznych. Z kolei stopie\u0144 alarmowy CHARLIE \u2013 trzeci w czterostopniowej rosn\u0105cej skali \u2013 jest jak do tej pory najwy\u017cszym w Polsce. Oznacza m.in. wprowadzenie dy\u017cur\u00f3w, w tym os\u00f3b odpowiedzialnych za procedury w przypadku zdarze\u0144 o charakterze terrorystycznym.<\/p>\n<p>Stopnie alarmowe wprowadza, zmienia i odwo\u0142uje, w drodze zarz\u0105dzenia,<br \/>\n<a href=\"https:\/\/wiadomosci.radiozet.pl\/tag\/kategoria\/donald-tusk\" target=\"_self\" rel=\"dofollow noopener\">Prezes Rady Ministr\u00f3w<\/a> po zasi\u0119gni\u0119ciu opinii ministra w\u0142a\u015bciwego do spraw wewn\u0119trznych i szefa ABW, a w przypadkach niecierpi\u0105cych zw\u0142oki \u2013 minister w\u0142a\u015bciwy do spraw wewn\u0119trznych po zasi\u0119gni\u0119ciu opinii szefa ABW, informuj\u0105c o tym niezw\u0142ocznie Prezesa Rady Ministr\u00f3w.<\/p>\n<p>\u0179r\u00f3d\u0142o: Radio ZET\/PAP<\/p>\n<p>By\u0142e\u015b \u015bwiadkiem czego\u015b niespodziewanego? Masz temat, kt\u00f3rym powinni\u015bmy si\u0119 zaj\u0105\u0107?<\/p>\n<p>Zg\u0142o\u015b spraw\u0119 przez <a href=\"https:\/\/wiadomosci.radiozet.pl\/czerwony-telefon\" target=\"_blank\" title=\"Czerwony telefon Radia Zet\" rel=\"nofollow noopener\">Czerwony telefon Radia ZET<\/a><\/p>\n","protected":false},"excerpt":{"rendered":"Jakie stopnie alarmowe zosta\u0142y przed\u0142u\u017cone przez premiera. Co oznacza stopie\u0144 alarmowy BRAVO i jakie zobowi\u0105zania wprowadza. Dlaczego wprowadzono&hellip;\n","protected":false},"author":2,"featured_media":647433,"comment_status":"","ping_status":"","sticky":false,"template":"","format":"standard","meta":{"footnotes":"","_share_on_mastodon":"0"},"categories":[12],"tags":[425,32,33,1345,36,37,27,1205,34,35,28,31,25,1200,42,38,40,39,41,101,8250,24492,29,30,26],"class_list":["post-647432","post","type-post","status-publish","format-standard","has-post-thumbnail","category-polska","tag-bezpieczenstwo","tag-breaking-news","tag-breakingnews","tag-donald-tusk","tag-featured-news","tag-featurednews","tag-headlines","tag-kolej","tag-latest-news","tag-latestnews","tag-naglowki","tag-najwazniejsze-artykuly","tag-news","tag-pkp","tag-pl","tag-poland","tag-polish","tag-polska","tag-polski","tag-premier","tag-rcb","tag-stopien-alarmowy","tag-top-stories","tag-topstories","tag-wiadomosci"],"share_on_mastodon":{"url":"","error":""},"_links":{"self":[{"href":"https:\/\/www.europesays.com\/pl\/wp-json\/wp\/v2\/posts\/647432","targetHints":{"allow":["GET"]}}],"collection":[{"href":"https:\/\/www.europesays.com\/pl\/wp-json\/wp\/v2\/posts"}],"about":[{"href":"https:\/\/www.europesays.com\/pl\/wp-json\/wp\/v2\/types\/post"}],"author":[{"embeddable":true,"href":"https:\/\/www.europesays.com\/pl\/wp-json\/wp\/v2\/users\/2"}],"replies":[{"embeddable":true,"href":"https:\/\/www.europesays.com\/pl\/wp-json\/wp\/v2\/comments?post=647432"}],"version-history":[{"count":0,"href":"https:\/\/www.europesays.com\/pl\/wp-json\/wp\/v2\/posts\/647432\/revisions"}],"wp:featuredmedia":[{"embeddable":true,"href":"https:\/\/www.europesays.com\/pl\/wp-json\/wp\/v2\/media\/647433"}],"wp:attachment":[{"href":"https:\/\/www.europesays.com\/pl\/wp-json\/wp\/v2\/media?parent=647432"}],"wp:term":[{"taxonomy":"category","embeddable":true,"href":"https:\/\/www.europesays.com\/pl\/wp-json\/wp\/v2\/categories?post=647432"},{"taxonomy":"post_tag","embeddable":true,"href":"https:\/\/www.europesays.com\/pl\/wp-json\/wp\/v2\/tags?post=647432"}],"curies":[{"name":"wp","href":"https:\/\/api.w.org\/{rel}","templated":true}]}}