{"id":647590,"date":"2026-08-26T12:35:13","date_gmt":"2026-08-26T12:35:13","guid":{"rendered":"https:\/\/www.europesays.com\/pl\/647590\/"},"modified":"2026-08-26T12:35:13","modified_gmt":"2026-08-26T12:35:13","slug":"wybral-112-dodzwonil-sie-na-bialorus-jest-apel-podlaskich-radnych-do-donalda-tuska","status":"publish","type":"post","link":"https:\/\/www.europesays.com\/pl\/647590\/","title":{"rendered":"Wybra\u0142 112, dodzwoni\u0142 si\u0119 na Bia\u0142oru\u015b. Jest apel podlaskich radnych do Donalda Tuska"},"content":{"rendered":"<p>Powiat sok\u00f3lski w woj. podlaskim graniczy bezpo\u015brednio z Bia\u0142orusi\u0105. W sytuacji narastaj\u0105cego napi\u0119cia, wywo\u0142anego przez doniesienia wywiad\u00f3w o <a href=\"https:\/\/wiadomosci.onet.pl\/swiat\/byly-dyrektor-cia-ostrzega-przed-planami-rosji-nato-musi-byc-czujne\/rj6jdc6\" id=\"0dddc742-84ad-4495-8318-91da577209c7\" rel=\"nofollow noopener\" target=\"_blank\">mo\u017cliwych prowokacjach Rosji i Bia\u0142orusi wobec pa\u0144stw NATO<\/a>, radni powiatu postanowili zwr\u00f3ci\u0107 si\u0119 do premiera Donalda Tuska w sprawie, kt\u00f3ra bezpo\u015brednio dotyczy bezpiecze\u0144stwa mieszka\u0144c\u00f3w.Radni z powiatu sok\u00f3lskiego z apelem do Donalda Tuska. &#8222;To ju\u017c jest pora\u017cka&#8221;<\/p>\n<p>We wtorek podczas XXXIX sesji Rada Powiatu Sok\u00f3lskiego przyj\u0119\u0142a apel do premiera &#8222;o pilne wzmocnienie systemu \u0142\u0105czno\u015bci GSM i zapewnienie niezawodnej \u0142\u0105czno\u015bci alarmowej na obszarze przygranicznym&#8221;.<\/p>\n<p>Podczas dyskusji radni zwracali uwag\u0119 na problemy z \u0142\u0105czno\u015bci\u0105, kt\u00f3re dotykaj\u0105 nie tylko mieszka\u0144c\u00f3w, ale i przedstawicieli s\u0142u\u017cb oraz lokalnych w\u0142adz, co mo\u017ce by\u0107 szczeg\u00f3lne gro\u017ane w sytuacjach kryzysowych. Jak m\u00f3wili, zdarza si\u0119, \u017ce stra\u017cacy maj\u0105 problem z komunikacj\u0105 w czasie akcji. \u2014 To ju\u017c jest pora\u017cka. I tak nie powinno by\u0107 \u2014 oceni\u0142 starosta sok\u00f3lski Piotr Re\u0107ko.<\/p>\n<p class=\"ods-o-frame-in-text__paragraph\">Polecamy: <a data-section=\"zobacz-takze-body\" href=\"https:\/\/wiadomosci.onet.pl\/swiat\/jak-jedyny-kraj-nato-bez-armii-przygotowuje-sie-do-potencjalnej-wojny-reportaz\/4s4vcy8\" id=\"ba680431-aa9e-4c5d-a73a-e7e2371a5da1\" rel=\"nofollow noopener\" target=\"_blank\">Jedyny kraj NATO bez armii czuje na plecach oddech Rosji. &#8222;Nie obronimy si\u0119 sami&#8221;<\/a><\/p>\n<p><img class=\"ods-a-photo ods-a-photo--background\" src=\"https:\/\/www.europesays.com\/pl\/wp-content\/uploads\/2026\/08\/1l1k9lBaHR0cHM6Ly9vY2RuLmV1L3B1bHNjbXMvTURBXy8yYmU1YWFjMTk1OTg2ZjRjN2NlNDhiZTZmNmJjODgyNy5qcGeRlQLNA.jpeg\" height=\"375\" width=\"450\" alt=\"\u0106wiczenia P\u00f3\u0142nocny Wiking na Islandii, 22 sierpnia 2026 r.\" loading=\"lazy\" fetchpriority=\"low\" decoding=\"async\"\/>&#8222;Jest bardzo \u017ale&#8221;<\/p>\n<p>\u2014 Bezpiecze\u0144stwo mieszka\u0144c\u00f3w powiatu sok\u00f3lskiego zale\u017cy w du\u017cej mierze od tego, czy my potrafimy si\u0119 skutecznie skomunikowa\u0107. Niestety, na naszych terenach przygranicznych z komunikacj\u0105 jest \u017ale, nawet bardzo \u017ale \u2014 m\u00f3wi\u0142 podczas sesji cz\u0142onek zarz\u0105du powiatu Jerzy Bia\u0142omyzy.<\/p>\n<p>Wed\u0142ug jego s\u0142\u00f3w cz\u0119sto zdarza si\u0119, \u017ce mieszka\u0144cy, pr\u00f3buj\u0105c dzwoni\u0107 na numer alarmowy, \u0142\u0105cz\u0105 si\u0119 z bia\u0142oruskim operatorem. Potwierdzi\u0142 to Re\u0107ko, kt\u00f3ry sam przekona\u0142 si\u0119 o tym, gdy zadzwoni\u0142 na 112 stoj\u0105c przy remizie w Zubrzycy Wielkiej. \u2014 Polski sygna\u0142 nie powinien by\u0107 dost\u0119pny na Bia\u0142orusi, a przede wszystkim bia\u0142oruski sygna\u0142 nie powinien dociera\u0107 na nasze terytorium \u2014 podkre\u015bla\u0142 starosta.<\/p>\n<p>Radni wskazali na konieczno\u015b\u0107 zwi\u0119kszenia mocy nadajnik\u00f3w GSM po polskiej stronie oraz zapewnienia im niezale\u017cnego zasilania w postaci generator\u00f3w pr\u0105du. Apeluj\u0105 te\u017c o rozwi\u0105zanie, kt\u00f3re ograniczy mo\u017cliwo\u015b\u0107 korzystania z sygna\u0142u zagranicznego na polskim terytorium.<\/p>\n<p>Chodzi o bezpiecze\u0144stwo publiczne<\/p>\n<p>Samorz\u0105dowcy s\u0105 przekonani, \u017ce sprawy nie mo\u017cna zostawia\u0107 w gestii prywatnych operator\u00f3w kom\u00f3rkowych, gdy\u017c chodzi o kwestie bezpiecze\u0144stwa na strategicznym obszarze kraju. Jak zaznaczyli jednak, sw\u00f3j apel skierowali r\u00f3wnie\u017c do nich. Mimo to uwa\u017caj\u0105, \u017ce spraw\u0105 powinno zaj\u0105\u0107 si\u0119 pa\u0144stwo, bo sytuacja wymaga rozwi\u0105za\u0144 systemowych.<\/p>\n<p>&#8222;Dzi\u015b brak zasi\u0119gu mo\u017ce oznacza\u0107 przede wszystkim frustracj\u0119: niemo\u017cno\u015b\u0107 wykonania telefonu, problem z internetem czy obaw\u0119 przed dodatkowymi kosztami roamingu. W sytuacji kryzysowej konsekwencje mog\u0105 by\u0107 jednak znacznie powa\u017cniejsze&#8221; \u2014 czytamy po komunikacie z posiedzenia rady, opublikowanym w mediach spo\u0142eczno\u015bciowych.<\/p>\n<p>&#8222;Je\u017celi mieszkaniec nie mo\u017ce skutecznie po\u0142\u0105czy\u0107 si\u0119 z numerem 112, je\u017celi stra\u017cak nie mo\u017ce skontaktowa\u0107 si\u0119 z koleg\u0105 podczas akcji, a po awarii zasilania stacje przeka\u017anikowe szybko przestaj\u0105 dzia\u0142a\u0107, przestaje to by\u0107 problem jako\u015bci us\u0142ug. Staje si\u0119 to problemem bezpiecze\u0144stwa publicznego&#8221; \u2014 podkre\u015blaj\u0105 radni.<\/p>\n","protected":false},"excerpt":{"rendered":"Powiat sok\u00f3lski w woj. podlaskim graniczy bezpo\u015brednio z Bia\u0142orusi\u0105. W sytuacji narastaj\u0105cego napi\u0119cia, wywo\u0142anego przez doniesienia wywiad\u00f3w o&hellip;\n","protected":false},"author":2,"featured_media":647591,"comment_status":"","ping_status":"","sticky":false,"template":"","format":"standard","meta":{"footnotes":"","_share_on_mastodon":"0"},"categories":[62713],"tags":[2151,699,61195,1345,48,160,13272,23652,46,2150,87,47,3842],"class_list":["post-647590","post","type-post","status-publish","format-standard","has-post-thumbnail","category-donald-tusk","tag-bialystok","tag-bialorus","tag-bottomfeed_styl","tag-donald-tusk","tag-nat_styl","tag-nato","tag-numer_alarmowy","tag-obrona_cywilna","tag-omp","tag-podlasie_wojewodztwo_podlaskie","tag-rosja","tag-screening_general","tag-straz_pozarna_strazacy"],"share_on_mastodon":{"url":"https:\/\/pubeurope.com\/@pl\/117161841644928092","error":""},"_links":{"self":[{"href":"https:\/\/www.europesays.com\/pl\/wp-json\/wp\/v2\/posts\/647590","targetHints":{"allow":["GET"]}}],"collection":[{"href":"https:\/\/www.europesays.com\/pl\/wp-json\/wp\/v2\/posts"}],"about":[{"href":"https:\/\/www.europesays.com\/pl\/wp-json\/wp\/v2\/types\/post"}],"author":[{"embeddable":true,"href":"https:\/\/www.europesays.com\/pl\/wp-json\/wp\/v2\/users\/2"}],"replies":[{"embeddable":true,"href":"https:\/\/www.europesays.com\/pl\/wp-json\/wp\/v2\/comments?post=647590"}],"version-history":[{"count":0,"href":"https:\/\/www.europesays.com\/pl\/wp-json\/wp\/v2\/posts\/647590\/revisions"}],"wp:featuredmedia":[{"embeddable":true,"href":"https:\/\/www.europesays.com\/pl\/wp-json\/wp\/v2\/media\/647591"}],"wp:attachment":[{"href":"https:\/\/www.europesays.com\/pl\/wp-json\/wp\/v2\/media?parent=647590"}],"wp:term":[{"taxonomy":"category","embeddable":true,"href":"https:\/\/www.europesays.com\/pl\/wp-json\/wp\/v2\/categories?post=647590"},{"taxonomy":"post_tag","embeddable":true,"href":"https:\/\/www.europesays.com\/pl\/wp-json\/wp\/v2\/tags?post=647590"}],"curies":[{"name":"wp","href":"https:\/\/api.w.org\/{rel}","templated":true}]}}