{"id":647592,"date":"2026-08-26T12:36:09","date_gmt":"2026-08-26T12:36:09","guid":{"rendered":"https:\/\/www.europesays.com\/pl\/647592\/"},"modified":"2026-08-26T12:36:09","modified_gmt":"2026-08-26T12:36:09","slug":"prezydent-szkodnikiem-numer-jeden-ekonomista-ostro-o-wetach-nawrockiego","status":"publish","type":"post","link":"https:\/\/www.europesays.com\/pl\/647592\/","title":{"rendered":"Prezydent &#8222;szkodnikiem numer jeden&#8221;. Ekonomista ostro o wetach Nawrockiego"},"content":{"rendered":"<p>Dlaczego prezydenckie weta ws. kryptowalut to skandal ?<\/p>\n<p>Jakie zagro\u017cenia niesie nieprzejrzysto\u015b\u0107 rynku kryptowalut?<\/p>\n<p>Kt\u00f3re dzia\u0142ania prezydenta mog\u0105 wp\u0142ywa\u0107 na ocen\u0119 ratingow\u0105?<\/p>\n<p>Maciej G\u0142ogowski rozmow\u0119 z dr. Bogus\u0142awem Grabowskim zacz\u0105\u0142 od powrotu do prezydenckich wet ws. kryptowalut.\u00a0<\/p>\n<p>&#8211; To jest absolutny skandal &#8211; odpowiedzia\u0142 go\u015b\u0107 &#8222;Magazynu EKG&#8221;. &#8211; Nie mo\u017ce by\u0107 tak, \u017ce mamy jeden segment rynku instrument\u00f3w finansowych, kt\u00f3ry jest kompletnie wy\u0142\u0105czony z monitorowania przejrzysto\u015bci np. dla potrzeb podatkowych, przeciwdzia\u0142ania prania brudnych pieni\u0119dzy i finansowania terroryzmu &#8211; t\u0142umaczy\u0142 ekonomista, kt\u00f3ry przed laty zasiada\u0142 w Radzie Polityki Pieni\u0119\u017cnej&#8221;.\u00a0<\/p>\n<p>Wed\u0142ug Grabowskiego nieprzejrzysta bran\u017ca kryptowalut mo\u017ce pomaga\u0107 w finansowaniu dzia\u0142alno\u015bci przest\u0119pczej, handlu narkotykami oraz dywersji w wojnie hybrydowej. Ale te\u017c zwr\u00f3ci\u0142 uwag\u0119 na nieprzejrzysto\u015b\u0107 inwestycji w kryptowaluty i zagro\u017cenia z tym zwi\u0105zane.\u00a0<\/p>\n<p>W opinii go\u015bcia TOK FM weto prezydenta to &#8222;absolutny skandal&#8221;. &#8211; Je\u017celi teraz si\u0119 oka\u017ce, \u017ce on zawetowa\u0142 dlatego, i\u017c korzysta\u0142 w jakikolwiek spos\u00f3b polityczny z tego, \u017ce ten rynek by\u0142 do tej pory nienadzorowany, to b\u0119dzie podw\u00f3jny skandal &#8211; stwierdzi\u0142.<\/p>\n<p>    <a name=\"eztoc32745590_0_3\" id=\"eztoc32745590_0_3\"\/>Nawrocki, czyli &#8222;podw\u00f3jny szkodnik&#8221;<\/p>\n<p>&#8211; Pan prezydent jest specjalist\u0105 w byciu szkodnikiem &#8211; podkre\u015bli\u0142 by\u0142y cz\u0142onek Rady Polityki Pieni\u0119\u017cnej. Grabowski zgodzi\u0142 si\u0119 z tym, \u017ce finanse publiczne id\u0105 w z\u0142\u0105 stron\u0119, i podkre\u015bli\u0142, \u017ce dzia\u0142anie prezydenta skupia si\u0119 na tym, by powi\u0119ksza\u0107 deficyt, jednocze\u015bnie go krytykuj\u0105c.<\/p>\n<p>&#8211; Nie do\u015b\u0107, \u017ce blokuje napraw\u0119 finans\u00f3w publicznych, to jeszcze szerzy propagand\u0119, \u017ce one s\u0105 w z\u0142ym stanie &#8211; m\u00f3wi\u0142 ekonomista w TOK FM.<\/p>\n<p>&#8211; Panie doktorze, pan si\u0119 wczoraj urodzi\u0142? Taka jest polityka &#8211; odpar\u0142 G\u0142ogowski.<\/p>\n<p>&#8211; To, co si\u0119 dzieje teraz, to czego\u015b takiego nie by\u0142o &#8211; przekonywa\u0142 Grabowski.<\/p>\n<p>Go\u015b\u0107 TOK FM przypomnia\u0142 te\u017c, \u017ce prezydent zawetowa\u0142 rozwi\u0105zania, kt\u00f3re mog\u0142yby przynie\u015b\u0107 do bud\u017cetu nawet 8 mld z\u0142. W dodatku to w\u0142a\u015bnie dzia\u0142ania Karola Nawrockiego by\u0142y jednym z wa\u017cniejszych czynnik\u00f3w negatywnej perspektywy w ocenie ratingu dokonanej przez agencj\u0119 Fitch.<\/p>\n<p>\u0179r\u00f3d\u0142o: TOK FM<\/p>\n","protected":false},"excerpt":{"rendered":"Dlaczego prezydenckie weta ws. kryptowalut to skandal ? Jakie zagro\u017cenia niesie nieprzejrzysto\u015b\u0107 rynku kryptowalut? Kt\u00f3re dzia\u0142ania prezydenta mog\u0105&hellip;\n","protected":false},"author":2,"featured_media":647593,"comment_status":"","ping_status":"","sticky":false,"template":"","format":"standard","meta":{"footnotes":"","_share_on_mastodon":"0"},"categories":[62712],"tags":[46689,690,3835,100166,95680,8206],"class_list":["post-647592","post","type-post","status-publish","format-standard","has-post-thumbnail","category-karol-nawrocki","tag-deficyt-budzetowy","tag-karol-nawrocki","tag-kryptowaluty","tag-maciej-glogowski","tag-magazyn-ekg","tag-weto"],"share_on_mastodon":{"url":"https:\/\/pubeurope.com\/@pl\/117161845205405600","error":""},"_links":{"self":[{"href":"https:\/\/www.europesays.com\/pl\/wp-json\/wp\/v2\/posts\/647592","targetHints":{"allow":["GET"]}}],"collection":[{"href":"https:\/\/www.europesays.com\/pl\/wp-json\/wp\/v2\/posts"}],"about":[{"href":"https:\/\/www.europesays.com\/pl\/wp-json\/wp\/v2\/types\/post"}],"author":[{"embeddable":true,"href":"https:\/\/www.europesays.com\/pl\/wp-json\/wp\/v2\/users\/2"}],"replies":[{"embeddable":true,"href":"https:\/\/www.europesays.com\/pl\/wp-json\/wp\/v2\/comments?post=647592"}],"version-history":[{"count":0,"href":"https:\/\/www.europesays.com\/pl\/wp-json\/wp\/v2\/posts\/647592\/revisions"}],"wp:featuredmedia":[{"embeddable":true,"href":"https:\/\/www.europesays.com\/pl\/wp-json\/wp\/v2\/media\/647593"}],"wp:attachment":[{"href":"https:\/\/www.europesays.com\/pl\/wp-json\/wp\/v2\/media?parent=647592"}],"wp:term":[{"taxonomy":"category","embeddable":true,"href":"https:\/\/www.europesays.com\/pl\/wp-json\/wp\/v2\/categories?post=647592"},{"taxonomy":"post_tag","embeddable":true,"href":"https:\/\/www.europesays.com\/pl\/wp-json\/wp\/v2\/tags?post=647592"}],"curies":[{"name":"wp","href":"https:\/\/api.w.org\/{rel}","templated":true}]}}