{"id":647683,"date":"2026-08-26T13:28:10","date_gmt":"2026-08-26T13:28:10","guid":{"rendered":"https:\/\/www.europesays.com\/pl\/647683\/"},"modified":"2026-08-26T13:28:10","modified_gmt":"2026-08-26T13:28:10","slug":"premier-kanady-mark-carney-z-wezmie-udzial-w-przemowieniu-o-stanie-ue","status":"publish","type":"post","link":"https:\/\/www.europesays.com\/pl\/647683\/","title":{"rendered":"Premier Kanady Mark Carney z we\u017amie udzia\u0142 w przem\u00f3wieniu o stanie UE"},"content":{"rendered":"<p>Premier Kanady Mark Carney do\u0142\u0105czy do przewodnicz\u0105cej Komisji Europejskiej Ursuli von der Leyen podczas najbardziej presti\u017cowego wydarzenia politycznego w kalendarzu UE. W tle dochodzi do <a href=\"https:\/\/wiadomosci.onet.pl\/swiat\/trump-podzielil-bratnie-kraje-nowa-wojna-handlowa-obroci-sie-przeciwko-niemu-dawny\/rytkc5r\" id=\"10f2517b-4066-4007-8998-e4ee742e2963\" rel=\"nofollow noopener\" target=\"_blank\">pog\u0142\u0119biaj\u0105cego si\u0119 roz\u0142amu<\/a> mi\u0119dzy Stanami Zjednoczonymi a Ottaw\u0105.Roz\u0142am mi\u0119dzy dawnymi sojusznikami. &#8222;Jeste\u015bmy w stanie wojny&#8221;. Partner odwraca si\u0119 od Trumpa<img class=\"ods-a-photo ods-a-photo--background\" src=\"https:\/\/www.europesays.com\/pl\/wp-content\/uploads\/2026\/08\/Yzhk9lBaHR0cHM6Ly9vY2RuLmV1L3B1bHNjbXMvTURBXy9kMDBkMjgwZWRhNTFjOTZjYTM2ZDA3MjY5NDU4MjIzNy5qcGeRlQLNA.jpeg\" height=\"300\" width=\"450\" alt=\"Premier Kanady Mark Carney i prezydent USA Donald Trump\" loading=\"lazy\" fetchpriority=\"low\" decoding=\"async\"\/><\/p>\n<p>Urz\u0119dnik Komisji Europejskiej blisko zwi\u0105zany z von der Leyen potwierdzi\u0142 serwisowi POLITICO, \u017ce Carney przyj\u0105\u0142 zaproszenie do udzia\u0142u w przem\u00f3wieniu o stanie Unii w Strasburgu, podczas kt\u00f3rego przewodnicz\u0105ca przedstawia swoje priorytety dla Unii.<\/p>\n<p>\u2014 Przewodnicz\u0105ca Komisji Europejskiej zaprosi\u0142a premiera Carneya na przem\u00f3wienie [o stanie Unii]. To wyra\u017any znak bliskich relacji mi\u0119dzy UE a Kanad\u0105, kt\u00f3ry sygnalizuje zamiar i ambicj\u0119 obu stron dotycz\u0105ce zacie\u015bnienia partnerstwa \u2014 powiedzia\u0142 urz\u0119dnik.<\/p>\n<p>Rz\u0105d Carneya wycofa\u0142 si\u0119 na pocz\u0105tku tego miesi\u0105ca z rozm\u00f3w dotycz\u0105cych prze\u0142omowej umowy handlowej z prezydentem USA Donaldem Trumpem, a obie strony oskar\u017ca\u0142y si\u0119 nawzajem o narzucanie warunk\u00f3w w ostatniej chwili. Waszyngton na\u0142o\u017cy\u0142 c\u0142a na kanadyjski eksport, co sk\u0142oni\u0142o Kanad\u0119 do podj\u0119cia dzia\u0142a\u0144 odwetowych w postaci ce\u0142 na ameryka\u0144sk\u0105 stal i aluminium.<\/p>\n<p>Kanadyjski premier d\u0105\u017cy do stworzenia sojuszu demokracji popieraj\u0105cych wolny handel i w zwi\u0105zku z tym d\u0105\u017cy do zacie\u015bnienia stosunk\u00f3w z UE.<\/p>\n","protected":false},"excerpt":{"rendered":"Premier Kanady Mark Carney do\u0142\u0105czy do przewodnicz\u0105cej Komisji Europejskiej Ursuli von der Leyen podczas najbardziej presti\u017cowego wydarzenia politycznego&hellip;\n","protected":false},"author":2,"featured_media":647684,"comment_status":"","ping_status":"","sticky":false,"template":"","format":"standard","meta":{"footnotes":"","_share_on_mastodon":"0"},"categories":[14],"tags":[61195,32,33,27,193,34,35,10875,28,31,48,25,46,40,1314,41,47,80,29,30,86,344,26,82,83,84],"class_list":["post-647683","post","type-post","status-publish","format-standard","has-post-thumbnail","category-swiat","tag-bottomfeed_styl","tag-breaking-news","tag-breakingnews","tag-headlines","tag-kanada","tag-latest-news","tag-latestnews","tag-mark_carney","tag-naglowki","tag-najwazniejsze-artykuly","tag-nat_styl","tag-news","tag-omp","tag-polish","tag-politico","tag-polski","tag-screening_general","tag-swiat","tag-top-stories","tag-topstories","tag-unia_europejska","tag-ursula_von_der_leyen","tag-wiadomosci","tag-world","tag-world-news","tag-worldnews"],"share_on_mastodon":{"url":"https:\/\/pubeurope.com\/@pl\/117162051343082394","error":""},"_links":{"self":[{"href":"https:\/\/www.europesays.com\/pl\/wp-json\/wp\/v2\/posts\/647683","targetHints":{"allow":["GET"]}}],"collection":[{"href":"https:\/\/www.europesays.com\/pl\/wp-json\/wp\/v2\/posts"}],"about":[{"href":"https:\/\/www.europesays.com\/pl\/wp-json\/wp\/v2\/types\/post"}],"author":[{"embeddable":true,"href":"https:\/\/www.europesays.com\/pl\/wp-json\/wp\/v2\/users\/2"}],"replies":[{"embeddable":true,"href":"https:\/\/www.europesays.com\/pl\/wp-json\/wp\/v2\/comments?post=647683"}],"version-history":[{"count":0,"href":"https:\/\/www.europesays.com\/pl\/wp-json\/wp\/v2\/posts\/647683\/revisions"}],"wp:featuredmedia":[{"embeddable":true,"href":"https:\/\/www.europesays.com\/pl\/wp-json\/wp\/v2\/media\/647684"}],"wp:attachment":[{"href":"https:\/\/www.europesays.com\/pl\/wp-json\/wp\/v2\/media?parent=647683"}],"wp:term":[{"taxonomy":"category","embeddable":true,"href":"https:\/\/www.europesays.com\/pl\/wp-json\/wp\/v2\/categories?post=647683"},{"taxonomy":"post_tag","embeddable":true,"href":"https:\/\/www.europesays.com\/pl\/wp-json\/wp\/v2\/tags?post=647683"}],"curies":[{"name":"wp","href":"https:\/\/api.w.org\/{rel}","templated":true}]}}