{"id":647767,"date":"2026-08-26T14:15:14","date_gmt":"2026-08-26T14:15:14","guid":{"rendered":"https:\/\/www.europesays.com\/pl\/647767\/"},"modified":"2026-08-26T14:15:14","modified_gmt":"2026-08-26T14:15:14","slug":"rzad-hiszpanii-wydal-zgode-szef-mon-polska-kupi-samoloty-mrtt","status":"publish","type":"post","link":"https:\/\/www.europesays.com\/pl\/647767\/","title":{"rendered":"&#8222;Rz\u0105d Hiszpanii wyda\u0142 zgod\u0119&#8221;. Szef MON: Polska kupi samoloty MRTT"},"content":{"rendered":"\n<p>&#13;<br \/>\nW\u0142adys\u0142aw Kosiniak-Kamysz wskaza\u0142, \u017ce\u00a0zakup samolot\u00f3w odb\u0119dzie si\u0119 w\u00a0ramach programu SAFE. Pierwsze 4\u00a0maszyny, z\u00a0oczekiwanych 7, trafi\u0105 do\u00a0Polski jeszcze przed 2030 rokiem. &#13;\n<\/p>\n<p>&#13;<br \/>\n&#8222;Wczoraj rz\u0105d Hiszpanii wyda\u0142 zgod\u0119 na\u00a0procedowanie w\u00a0ramach wsp\u00f3lnych zakup\u00f3w z\u00a0Polsk\u0105 z\u00a0programu SAFE, co\u00a0najmniej 7\u00a0samolot\u00f3w do\u00a0tankowania i\u00a0transportu Airbus A330 #MRTT. Kolejnym krokiem b\u0119dzie podpisanie finalnej umowy. Co\u00a0najwa\u017cniejsze, do\u00a02030 roku Polska otrzyma 4\u00a0samoloty. To\u00a0niezb\u0119dny sprz\u0119t dla\u00a0naszych Sil Powietrznych, kt\u00f3re s\u0105 w\u00a0tracie przyjmowania na\u00a0wyposa\u017cenie samolot\u00f3w F-35. To\u00a0tak\u017ce wa\u017cna decyzja dotycz\u0105ca bezpiecze\u0144stwa NATO i\u00a0bezpiecze\u0144stwa Polski&#8221; \u2013\u00a0napisa\u0142 szef MON. &#13;\n<\/p>\n<p>&#13;<br \/>\nSamoloty MRR pozwalaj\u0105 tankowa\u0107 w\u00a0powietrzu my\u015bliwcom np. F-35, co\u00a0znacznie zwi\u0119ksza ich mo\u017cliwo\u015bci operowania i\u00a0szybszego reagowania na\u00a0zagro\u017cenie. Maszyn s\u0105 r\u00f3wnie\u017c zdolne do\u00a0przewo\u017cenia ponad 300 os\u00f3b. &#13;\n<\/p>\n<p>SAFE podczas wojskowej defilady<\/p>\n<p>&#13;<br \/>\nSobotnia defilada z\u00a0okazji \u015awi\u0119ta Wojska Polskiego odby\u0142a si\u0119 pod\u00a0has\u0142em &#8222;Polska SAFE \u2013\u00a0Bezpieczna Polska&#8221;. Niecodzienny wyb\u00f3r has\u0142a komentowa\u0142 szef MON. \u2013\u00a0Mo\u017cna zada\u0107 pytanie, dlaczego w\u00a0tym roku stoimy podczas defilady pod\u00a0has\u0142em &#8222;Polska SAFE \u2013\u00a0Bezpieczna Polska&#8221;? Dlaczego jest to\u00a0angielskie s\u0142owo? Odpowiem po\u00a0polsku. S jak sojusze, A\u00a0jak armia, F jak fabryki, E jak Europa. Cztery filary, cztery wyrazy, nie\u00a0na\u00a0sprzeda\u017c i\u00a0nie do\u00a0zast\u0105pienia \u2013\u00a0stwierdzi\u0142 W\u0142adys\u0142aw Kosiniak-Kamysz. &#13;\n<\/p>\n<p>&#13;<br \/>\nDo sprawy SAFE w\u00a0swoim wyst\u0105pieniu nawi\u0105za\u0142 r\u00f3wnie\u017c premier. \u2013\u00a0Polska b\u0119dzie bezpieczna tylko wtedy, kiedy w\u00a0Polsce nie\u00a0b\u0119dzie zdrady i\u00a0g\u0142upoty. W\u00a0te filary kto\u015b stara si\u0119 uderzy\u0107, nie\u00a0tylko w\u00a0Moskwie, ale\u00a0te\u017c u\u00a0nas. <a href=\"https:\/\/dorzeczy.pl\/opinie\/929104\/tusk-w-dzien-swieta-wojska-polskiego-premier-atakuje-nawrockiego.html\" rel=\"nofollow noopener\" target=\"_blank\">Blokowanie wielkiego projektu SAFE<\/a>, pr\u00f3ba podzielenia Polski z\u00a0sojusznikami \u2013\u00a0grzmia\u0142 szef rz\u0105du na\u00a0wst\u0119pie uroczysto\u015bci z\u00a0okazji \u015awi\u0119ta Wojska Polskiego w\u00a0Gdyni. &#13;\n<\/p>\n<p>&#13;<br \/>\n   Czytaj te\u017c:<br \/><a href=\"https:\/\/dorzeczy.pl\/kraj\/933451\/mon-chwali-sie-dostawami-k2-blaszczak-dziekuje-za-uznanie.html\" rel=\"follow nofollow noopener\" data-schema=\"DORZECZY\" data-image=\"https:\/\/img.dorzeczy.pl\/_thumb\/86\/53\/8b9ca16e70af79e5a232432b1d9f.jpeg\" target=\"_blank\">Sobkowiak-Czarnecka chwali si\u0119 dostawami sprz\u0119tu. B\u0142aszczak dzi\u0119kuje za\u00a0uznanie<\/a>   Czytaj te\u017c:<br \/><a href=\"https:\/\/dorzeczy.pl\/kraj\/931798\/tarcza-wschod-kosiniak-kamysz-chwali-sie-sukcesem.html\" rel=\"follow nofollow noopener\" data-schema=\"DORZECZY\" data-image=\"https:\/\/img.dorzeczy.pl\/_thumb\/8a\/ce\/8528251fb6c722ae3f90ccf808ac.jpeg\" target=\"_blank\">Kosiniak-Kamysz chwali rz\u0105dowy program. &#8222;Osi\u0105gana jest wst\u0119pna gotowo\u015b\u0107 operacyjna&#8221;<\/a>&#13;<\/p>\n","protected":false},"excerpt":{"rendered":"&#13; W\u0142adys\u0142aw Kosiniak-Kamysz wskaza\u0142, \u017ce\u00a0zakup samolot\u00f3w odb\u0119dzie si\u0119 w\u00a0ramach programu SAFE. Pierwsze 4\u00a0maszyny, z\u00a0oczekiwanych 7, trafi\u0105 do\u00a0Polski jeszcze&hellip;\n","protected":false},"author":2,"featured_media":647768,"comment_status":"","ping_status":"","sticky":false,"template":"","format":"standard","meta":{"footnotes":"","_share_on_mastodon":"0"},"categories":[12],"tags":[99770,98,267,1238,49,601,102,42,38,40,39,41,9954,161],"class_list":["post-647767","post","type-post","status-publish","format-standard","has-post-thumbnail","category-polska","tag-airbus-a330","tag-dorzeczy","tag-hiszpania","tag-kosiniak-kamysz","tag-kraj","tag-marcin-bugaj","tag-opinie","tag-pl","tag-poland","tag-polish","tag-polska","tag-polski","tag-samoloty","tag-wojsko"],"share_on_mastodon":{"url":"https:\/\/pubeurope.com\/@pl\/117162235369515839","error":""},"_links":{"self":[{"href":"https:\/\/www.europesays.com\/pl\/wp-json\/wp\/v2\/posts\/647767","targetHints":{"allow":["GET"]}}],"collection":[{"href":"https:\/\/www.europesays.com\/pl\/wp-json\/wp\/v2\/posts"}],"about":[{"href":"https:\/\/www.europesays.com\/pl\/wp-json\/wp\/v2\/types\/post"}],"author":[{"embeddable":true,"href":"https:\/\/www.europesays.com\/pl\/wp-json\/wp\/v2\/users\/2"}],"replies":[{"embeddable":true,"href":"https:\/\/www.europesays.com\/pl\/wp-json\/wp\/v2\/comments?post=647767"}],"version-history":[{"count":0,"href":"https:\/\/www.europesays.com\/pl\/wp-json\/wp\/v2\/posts\/647767\/revisions"}],"wp:featuredmedia":[{"embeddable":true,"href":"https:\/\/www.europesays.com\/pl\/wp-json\/wp\/v2\/media\/647768"}],"wp:attachment":[{"href":"https:\/\/www.europesays.com\/pl\/wp-json\/wp\/v2\/media?parent=647767"}],"wp:term":[{"taxonomy":"category","embeddable":true,"href":"https:\/\/www.europesays.com\/pl\/wp-json\/wp\/v2\/categories?post=647767"},{"taxonomy":"post_tag","embeddable":true,"href":"https:\/\/www.europesays.com\/pl\/wp-json\/wp\/v2\/tags?post=647767"}],"curies":[{"name":"wp","href":"https:\/\/api.w.org\/{rel}","templated":true}]}}