{"id":647773,"date":"2026-08-26T14:18:15","date_gmt":"2026-08-26T14:18:15","guid":{"rendered":"https:\/\/www.europesays.com\/pl\/647773\/"},"modified":"2026-08-26T14:18:15","modified_gmt":"2026-08-26T14:18:15","slug":"mi-start-pociagow-warszawa-lomza-uzalezniony-od-dostaw-taboru-aktualizacja","status":"publish","type":"post","link":"https:\/\/www.europesays.com\/pl\/647773\/","title":{"rendered":"MI: Start poci\u0105g\u00f3w Warszawa \u2013 \u0141om\u017ca uzale\u017cniony od dostaw taboru [aktualizacja]"},"content":{"rendered":"<p>Najprawdopodobniej nie w marcu, ale w czerwcu przysz\u0142ego roku w tras\u0119 wyrusz\u0105 nowe poci\u0105gi PKP Intercity Warszawa \u2013 \u0141om\u017ca. O przewidywanej zmianie terminu inauguracji poinformowa\u0142y PKP Polskie Linie Kolejowe. Ministerstwo Infrastruktury informuje o konieczno\u015bci dostosowania plan\u00f3w do spodziewanych dostaw taboru hybrydowego.  <\/p>\n<p>Krajowy zarz\u0105dca infrastruktury podsumowa\u0142 niedawno <a href=\"https:\/\/www.rynek-kolejowy.pl\/wiadomosci\/tluszcz--ostroleka-pociagi-wroca-w-grudniu-koniec-prac-w-czerwcu--154054.html\" target=\"_blank\" rel=\"nofollow noopener\">post\u0119p prac na modernizowanej linii kolejowej 29 T\u0142uszcz \u2013 Ostro\u0142\u0119ka<\/a>. Ma ona by\u0107 ponownie przejezdna od grudnia tego roku. W\u00f3wczas na tras\u0119 z Warszawy i T\u0142uszcza do Ostro\u0142\u0119ki powr\u00f3c\u0105 poci\u0105gi Kolei Mazowieckich. <\/p>\n<p>Wcze\u015bniejsze zapowiedzi by\u0142y orientacyjne <br \/>PKP Polskie Linie Kolejowe poinformowa\u0142y w\u00f3wczas tak\u017ce, \u017ce we wci\u0105\u017c opracowywanym rozk\u0142adzie jazdy na sezon 2026\/2027 znalaz\u0142y si\u0119 wst\u0119pnie zapowiadane poci\u0105gi Warszawa \u2013 T\u0142uszcz \u2013 Ostro\u0142\u0119ka \u2013 \u0141om\u017ca. Po\u0142\u0105czenie ma by\u0107 wed\u0142ug aktualnych za\u0142o\u017ce\u0144 realizowane od czerwca przysz\u0142ego roku. Wcze\u015bniej Ministerstwo Infrastruktury wskazywa\u0142o jako mo\u017cliwy termin inauguracji kurs\u00f3w PKP Intercity <a href=\"https:\/\/www.rynek-kolejowy.pl\/wiadomosci\/start-pociagow-warszawa--lomza-pozniej-ale-bedzie-ich-wiecej--126917.html\" target=\"_blank\" rel=\"nofollow noopener\">marzec 2027 r.<\/a> <\/p>\n<p>\u2013 Uruchomienie po\u0142\u0105cze\u0144 by\u0142o planowane wst\u0119pnie do ko\u0144ca pierwszego kwarta\u0142u. Termin ten by\u0142 orientacyjny i zale\u017cny od dostaw <a href=\"https:\/\/www.rynek-kolejowy.pl\/wiadomosci\/newag-pierwsza-hybryda-dla-pkp-intercity-dotarla-na-testy-153262.html\" target=\"_blank\" rel=\"nofollow noopener\">hybrydowych zespo\u0142\u00f3w trakcyjnych<\/a> \u2013 m\u00f3wi teraz Anna Szuma\u0144ska, rzecznik prasowy Ministerstwa Infrastruktury.\u00a0<\/p>\n<p>\u2013 Bior\u0105c pod uwag\u0119 \u017ce pierwsze hybrydowe poci\u0105gi Newagu dla Intercity maj\u0105 by\u0107 dostarczone w kwietniu przysz\u0142ego roku to przyj\u0119li\u015bmy, \u017ce ich rozpocz\u0119cie eksploatacji z pasa\u017cerami nast\u0105pi w po\u0142owie czerwca. Trasa Warszawa \u2013 Ostro\u0142\u0119ka\u00a0\u2013 \u0141om\u017ca b\u0119dzie jedn\u0105 z pierwszych na kt\u00f3rej zadebiutuj\u0105 nowe poci\u0105gi. Zale\u017cy nam \u017ceby od pocz\u0105tku to by\u0142a dobra oferta dla pasa\u017cer\u00f3w zar\u00f3wno pod k\u0105tem liczby po\u0142\u0105cze\u0144 jak i czasu przejazdu\u00a0\u2013 wyja\u015bnia za\u015b Piotr Malepszak, wiceminister infrastruktury.\u00a0<\/p>\n<p>\u2013\u00a0 Przyj\u0119li\u015bmy za\u0142o\u017cenie \u017ce obs\u0142uga Ostro\u0142\u0119ki i \u0141om\u017cy, ale tak\u017ce po drodze Wyszkowa i Przetyczy, musi si\u0119 zacz\u0105\u0107 na hybrydach, kt\u00f3re maj\u0105 wy\u017csz\u0105 pojemno\u015b\u0107. Spodziewamy si\u0119, \u017ce\u00a0te poci\u0105gi od Wyszkowa do Warszawy b\u0119d\u0105 ju\u017c je\u017adzi\u0107 z bardzo wysok\u0105 frekwencj\u0105, tak\u017ce z uwagi na bardzo atrakcyjny czas przejazdu\u00a0\u2013 dodaje Malepszak.<\/p>\n<p>Pierwszy hybrydowy pojazd w ci\u0105gu kilku miesi\u0119cy <br \/>Nasza rozm\u00f3wczyni zapewnia natomiast, \u017ce pierwszy spo\u015br\u00f3d zam\u00f3wionych przez PKP Intercity dwutrakcyjnych Impuls\u00f3w produkowanych przez nowos\u0105decki Newag trafi do przewo\u017anika w ci\u0105gu najbli\u017cszych miesi\u0119cy. Wszystkie hybrydy maj\u0105 za\u015b zosta\u0107 dostarczone do po\u0142owy roku 2029. \u2013 Chcemy, aby nowy tabor by\u0142 jak najwy\u017cszej jako\u015bci i spe\u0142nia\u0142 oczekiwania podr\u00f3\u017cnych. Mo\u017ce to wp\u0142ywa\u0107 na czas jego dostarczenia i wprowadzenia do oferty PKP Intercity \u2013 dodaje. <\/p>\n<p>\u2013 Obecnie rozk\u0142ad jazdy znajduje si\u0119 na etapie konstruowania \u2013 podkre\u015bla przedstawicielka resortu. Jego ostateczna wersja, obejmuj\u0105ca tak\u017ce poci\u0105gi kursuj\u0105ce po liniach: 29 T\u0142uszcz \u2013 Ostro\u0142\u0119ka, 36 Ostro\u0142\u0119ka \u2013 \u015aniadowo i 49 \u015aniadowo \u2013 \u0141om\u017ca, ma zosta\u0107 zaprezentowana wkr\u00f3tce. <\/p>\n","protected":false},"excerpt":{"rendered":"Najprawdopodobniej nie w marcu, ale w czerwcu przysz\u0142ego roku w tras\u0119 wyrusz\u0105 nowe poci\u0105gi PKP Intercity Warszawa \u2013&hellip;\n","protected":false},"author":2,"featured_media":647774,"comment_status":"","ping_status":"","sticky":false,"template":"","format":"standard","meta":{"footnotes":"","_share_on_mastodon":"0"},"categories":[51605],"tags":[31887,126900,1201,1205,1203,126899,43808,43299,3113,1200,1195,42,38,40,39,41,1202,1204,1206,435],"class_list":["post-647773","post","type-post","status-publish","format-standard","has-post-thumbnail","category-warszawa","tag-dostawa-taboru","tag-dostawy-taboru","tag-intercity","tag-kolej","tag-koleje-mazowieckie","tag-linia-29","tag-linia-36","tag-linia-49","tag-ministerstwo-infrastruktury","tag-pkp","tag-pkp-intercity","tag-pl","tag-poland","tag-polish","tag-polska","tag-polski","tag-przewozy-regionalne","tag-rozklady-jazdy-pkp","tag-rynek-kolejowy","tag-warszawa"],"share_on_mastodon":{"url":"https:\/\/pubeurope.com\/@pl\/117162246671876993","error":""},"_links":{"self":[{"href":"https:\/\/www.europesays.com\/pl\/wp-json\/wp\/v2\/posts\/647773","targetHints":{"allow":["GET"]}}],"collection":[{"href":"https:\/\/www.europesays.com\/pl\/wp-json\/wp\/v2\/posts"}],"about":[{"href":"https:\/\/www.europesays.com\/pl\/wp-json\/wp\/v2\/types\/post"}],"author":[{"embeddable":true,"href":"https:\/\/www.europesays.com\/pl\/wp-json\/wp\/v2\/users\/2"}],"replies":[{"embeddable":true,"href":"https:\/\/www.europesays.com\/pl\/wp-json\/wp\/v2\/comments?post=647773"}],"version-history":[{"count":0,"href":"https:\/\/www.europesays.com\/pl\/wp-json\/wp\/v2\/posts\/647773\/revisions"}],"wp:featuredmedia":[{"embeddable":true,"href":"https:\/\/www.europesays.com\/pl\/wp-json\/wp\/v2\/media\/647774"}],"wp:attachment":[{"href":"https:\/\/www.europesays.com\/pl\/wp-json\/wp\/v2\/media?parent=647773"}],"wp:term":[{"taxonomy":"category","embeddable":true,"href":"https:\/\/www.europesays.com\/pl\/wp-json\/wp\/v2\/categories?post=647773"},{"taxonomy":"post_tag","embeddable":true,"href":"https:\/\/www.europesays.com\/pl\/wp-json\/wp\/v2\/tags?post=647773"}],"curies":[{"name":"wp","href":"https:\/\/api.w.org\/{rel}","templated":true}]}}