{"id":647903,"date":"2026-08-26T15:31:10","date_gmt":"2026-08-26T15:31:10","guid":{"rendered":"https:\/\/www.europesays.com\/pl\/647903\/"},"modified":"2026-08-26T15:31:10","modified_gmt":"2026-08-26T15:31:10","slug":"zderzenie-trzech-aut-na-s17-pod-lublinem-jedna-osoba-trafila-do-szpitala","status":"publish","type":"post","link":"https:\/\/www.europesays.com\/pl\/647903\/","title":{"rendered":"Zderzenie trzech aut na S17 pod Lublinem. Jedna osoba trafi\u0142a do szpitala"},"content":{"rendered":"<p>Do wypadku dosz\u0142o na trasie S17 pomi\u0119dzy w\u0119z\u0142ami Lublin Rudnik i Lublin Tatary, w rejonie Turki.<\/p>\n<p>Zderzy\u0142y si\u0119 trzy samochody osobowe. W wyniku wypadku jedna osoba zosta\u0142a ranna i trafi\u0142a do szpitala.<\/p>\n<p>\u2013 Zderzy\u0142y si\u0119 tam trzy samochody osobowe. Jedna osoba jest ranna, przewieziono j\u0105 do szpitala \u2013 przekaza\u0142a nadkom. Anna Kamola, rzeczniczka Komendanta Wojew\u00f3dzkiego Policji w Lublinie.<\/p>\n<p>Droga w kierunku Warszawy i Radomia jest obecnie ca\u0142kowicie zablokowana.<\/p>\n<p>Policjanci kieruj\u0105 samochody na w\u0119\u017ale Lublin Tatary na objazd przez Lublin. Kierowcy jad\u0105cy w stron\u0119 Warszawy powinni liczy\u0107 si\u0119 z utrudnieniami.<\/p>\n","protected":false},"excerpt":{"rendered":"Do wypadku dosz\u0142o na trasie S17 pomi\u0119dzy w\u0119z\u0142ami Lublin Rudnik i Lublin Tatary, w rejonie Turki. Zderzy\u0142y si\u0119&hellip;\n","protected":false},"author":2,"featured_media":647904,"comment_status":"","ping_status":"","sticky":false,"template":"","format":"standard","meta":{"footnotes":"","_share_on_mastodon":"0"},"categories":[51612],"tags":[1081,42,38,414,40,39,41,20302,2588],"class_list":["post-647903","post","type-post","status-publish","format-standard","has-post-thumbnail","category-lublin","tag-lublin","tag-pl","tag-poland","tag-policja","tag-polish","tag-polska","tag-polski","tag-s17","tag-wypadek"],"share_on_mastodon":{"url":"https:\/\/pubeurope.com\/@pl\/117162533716105963","error":""},"_links":{"self":[{"href":"https:\/\/www.europesays.com\/pl\/wp-json\/wp\/v2\/posts\/647903","targetHints":{"allow":["GET"]}}],"collection":[{"href":"https:\/\/www.europesays.com\/pl\/wp-json\/wp\/v2\/posts"}],"about":[{"href":"https:\/\/www.europesays.com\/pl\/wp-json\/wp\/v2\/types\/post"}],"author":[{"embeddable":true,"href":"https:\/\/www.europesays.com\/pl\/wp-json\/wp\/v2\/users\/2"}],"replies":[{"embeddable":true,"href":"https:\/\/www.europesays.com\/pl\/wp-json\/wp\/v2\/comments?post=647903"}],"version-history":[{"count":0,"href":"https:\/\/www.europesays.com\/pl\/wp-json\/wp\/v2\/posts\/647903\/revisions"}],"wp:featuredmedia":[{"embeddable":true,"href":"https:\/\/www.europesays.com\/pl\/wp-json\/wp\/v2\/media\/647904"}],"wp:attachment":[{"href":"https:\/\/www.europesays.com\/pl\/wp-json\/wp\/v2\/media?parent=647903"}],"wp:term":[{"taxonomy":"category","embeddable":true,"href":"https:\/\/www.europesays.com\/pl\/wp-json\/wp\/v2\/categories?post=647903"},{"taxonomy":"post_tag","embeddable":true,"href":"https:\/\/www.europesays.com\/pl\/wp-json\/wp\/v2\/tags?post=647903"}],"curies":[{"name":"wp","href":"https:\/\/api.w.org\/{rel}","templated":true}]}}