{"id":647933,"date":"2026-08-26T15:47:14","date_gmt":"2026-08-26T15:47:14","guid":{"rendered":"https:\/\/www.europesays.com\/pl\/647933\/"},"modified":"2026-08-26T15:47:14","modified_gmt":"2026-08-26T15:47:14","slug":"szef-cia-odwiedzil-moskwe-donald-trump-cos-moze-wyniknac","status":"publish","type":"post","link":"https:\/\/www.europesays.com\/pl\/647933\/","title":{"rendered":"Szef CIA odwiedzi\u0142 Moskw\u0119. Donald Trump: co\u015b mo\u017ce wynikn\u0105\u0107"},"content":{"rendered":"<p>Donald Trump stwierdzi\u0142 w \u015brod\u0119, \u017ce wtorkowa wizyta szefa CIA w Rosji &#8222;by\u0142a w pewnym sensie rutynowa&#8221;. \u2014 Nie lubi\u0119 rozczarowywa\u0107 ludzi. Chcieliby\u015bmy, \u017ceby wojna z Ukrain\u0105 si\u0119 sko\u0144czy\u0142a \u2014 powiedzia\u0142 ameryka\u0144ski prezydent.<\/p>\n<p>Dalszy ci\u0105g artyku\u0142u pod materia\u0142em wideoWizyta szefa CIA w Moskwie. Kreml komentuje<a href=\"https:\/\/wiadomosci.onet.pl\/swiat\/dyrektor-cia-john-ratcliffe-z-wizyta-w-moskwie-kim-jest-sylwetka\/05k9g2v\" id=\"a0825cb9-4840-4d14-8551-736b25d55746\" rel=\"nofollow noopener\" target=\"_blank\">Dyrektor Centralnej Agencji Wywiadowczej (CIA) John Ratcliffe <\/a>we wtorek z\u0142o\u017cy\u0142 wizyt\u0119 w Moskwie. John Ratcliffe przylecia\u0142 do Rosji na pok\u0142adzie wojskowego samolotu transportowego C-17 Globemaster. Wed\u0142ug danych dost\u0119pnych w otwartych \u017ar\u00f3d\u0142ach jego samolot odlecia\u0142 z Moskwy po ok. czterech godzinach.Kreml ukr\u0119ci\u0142 nowy bat na rosyjski biznes. &#8222;Gro\u017aba odebrania wszystkiego&#8221;<img class=\"ods-a-photo ods-a-photo--background\" src=\"https:\/\/www.europesays.com\/pl\/wp-content\/uploads\/2026\/08\/1787759234_312_YfPk9lBaHR0cHM6Ly9vY2RuLmV1L3B1bHNjbXMvTURBXy82ZDQ2NTM4YjhkMDdiMTA0MDQ4NmYxN2EzMzAxNGM2ZS5qcGeRlQLNA.jpeg\" height=\"300\" width=\"450\" alt=\"M\u0119\u017cczyzna patrzy na p\u0142on\u0105cy magazyn rosyjskiego sklepu internetowego Wildberries\" loading=\"lazy\" fetchpriority=\"low\" decoding=\"async\"\/><\/p>\n<p>Rzecznik Kremla Dmitrij Pieskow o\u015bwiadczy\u0142 w rozmowie z dziennikiem &#8222;Washington Post&#8221;, \u017ce wtorkowe spotkanie z Johnem Ratcliffe&#8217;em dotyczy\u0142o kontakt\u00f3w mi\u0119dzy s\u0142u\u017cbami bezpiecze\u0144stwa. Strona rosyjska nie ujawni\u0142a dalszych szczeg\u00f3\u0142\u00f3w rozm\u00f3w.<\/p>\n<p>Brytyjski dziennik &#8222;Times&#8221; przypomnia\u0142, \u017ce poprzednia wizyta szefa CIA w Moskwie odby\u0142a si\u0119 trzy miesi\u0105ce przed pe\u0142noskalow\u0105 inwazj\u0105 Rosji na Ukrain\u0119, a niedawno przedstawiciele w\u0142adz kraj\u00f3w europejskich ostrzegli, \u017ce Putin mo\u017ce planowa\u0107 atak na jedno z pa\u0144stw NATO, by przetestowa\u0107 determinacj\u0119 Sojuszu.<\/p>\n<p>Opracowanie:Jan Manicki, Grzegorz Saj<\/p>\n<p>Data utworzenia:26 sierpnia 2026, 15:22<\/p>\n","protected":false},"excerpt":{"rendered":"Donald Trump stwierdzi\u0142 w \u015brod\u0119, \u017ce wtorkowa wizyta szefa CIA w Rosji &#8222;by\u0142a w pewnym sensie rutynowa&#8221;. \u2014&hellip;\n","protected":false},"author":2,"featured_media":647934,"comment_status":"","ping_status":"","sticky":false,"template":"","format":"standard","meta":{"footnotes":"","_share_on_mastodon":"0"},"categories":[14],"tags":[61195,32,33,14131,44,27,34,35,812,28,31,48,25,46,40,41,87,47,80,29,30,415,26,82,83,84],"class_list":["post-647933","post","type-post","status-publish","format-standard","has-post-thumbnail","category-swiat","tag-bottomfeed_styl","tag-breaking-news","tag-breakingnews","tag-cia","tag-donald_trump","tag-headlines","tag-latest-news","tag-latestnews","tag-moskwa","tag-naglowki","tag-najwazniejsze-artykuly","tag-nat_styl","tag-news","tag-omp","tag-polish","tag-polski","tag-rosja","tag-screening_general","tag-swiat","tag-top-stories","tag-topstories","tag-ukraina","tag-wiadomosci","tag-world","tag-world-news","tag-worldnews"],"share_on_mastodon":{"url":"https:\/\/pubeurope.com\/@pl\/117162597443658998","error":""},"_links":{"self":[{"href":"https:\/\/www.europesays.com\/pl\/wp-json\/wp\/v2\/posts\/647933","targetHints":{"allow":["GET"]}}],"collection":[{"href":"https:\/\/www.europesays.com\/pl\/wp-json\/wp\/v2\/posts"}],"about":[{"href":"https:\/\/www.europesays.com\/pl\/wp-json\/wp\/v2\/types\/post"}],"author":[{"embeddable":true,"href":"https:\/\/www.europesays.com\/pl\/wp-json\/wp\/v2\/users\/2"}],"replies":[{"embeddable":true,"href":"https:\/\/www.europesays.com\/pl\/wp-json\/wp\/v2\/comments?post=647933"}],"version-history":[{"count":0,"href":"https:\/\/www.europesays.com\/pl\/wp-json\/wp\/v2\/posts\/647933\/revisions"}],"wp:featuredmedia":[{"embeddable":true,"href":"https:\/\/www.europesays.com\/pl\/wp-json\/wp\/v2\/media\/647934"}],"wp:attachment":[{"href":"https:\/\/www.europesays.com\/pl\/wp-json\/wp\/v2\/media?parent=647933"}],"wp:term":[{"taxonomy":"category","embeddable":true,"href":"https:\/\/www.europesays.com\/pl\/wp-json\/wp\/v2\/categories?post=647933"},{"taxonomy":"post_tag","embeddable":true,"href":"https:\/\/www.europesays.com\/pl\/wp-json\/wp\/v2\/tags?post=647933"}],"curies":[{"name":"wp","href":"https:\/\/api.w.org\/{rel}","templated":true}]}}