{"id":648083,"date":"2026-08-26T17:16:17","date_gmt":"2026-08-26T17:16:17","guid":{"rendered":"https:\/\/www.europesays.com\/pl\/648083\/"},"modified":"2026-08-26T17:16:17","modified_gmt":"2026-08-26T17:16:17","slug":"bogucki-do-tuska-nie-wiem-czy-to-glupota-czy-dyletanctwo","status":"publish","type":"post","link":"https:\/\/www.europesays.com\/pl\/648083\/","title":{"rendered":"Bogucki do Tuska: Nie wiem, czy to g\u0142upota czy dyletanctwo"},"content":{"rendered":"\n<p>&#13;<br \/>\nPose\u0142 PiS Micha\u0142 Moskal oraz\u00a0by\u0142y funkcjonariusz CBA Artur Chodzi\u0144ski spotkali si\u0119 7\u00a0sierpnia 2025\u00a0r. na\u00a0Ibizie z\u00a0Przemys\u0142awem Kralem, prezesem gie\u0142dy kryptowalut Zondacrypto \u2013\u00a0wynika z\u00a0ustale\u0144 TVN24. &#13;\n<\/p>\n<p>&#13;<br \/>\nSpraw\u0119 skomentowa\u0142 Donald Tusk w\u00a0mediach spo\u0142eczno\u015bciowych. &#8222;Teraz ju\u017c wiemy, dlaczego z\u00a0uporem maniaka @NawrockiKn i\u00a0PiS blokowali ustaw\u0119 o\u00a0kryptowalutach. Kasa na\u00a0zegarki za\u00a040 tysi\u0119cy euro, na\u00a0media, wyborcze imprezy, fundacje prawicowych polityk\u00f3w. A\u00a0przecie\u017c serial \u00bbZonda\u00ab dopiero si\u0119 rozkr\u0119ca\u2026&#8221; \u2013\u00a0<a href=\"https:\/\/dorzeczy.pl\/opinie\/933967\/afera-zondacrypto-donald-tusk-uderza-w-moskala.html\" rel=\"nofollow noopener\" target=\"_blank\">napisa\u0142 premier na\u00a0portalu X.<\/a> &#13;\n<\/p>\n<p>Bogucki ostro odpowiada Tuskowi<\/p>\n<p>&#13;<br \/>\nNa wpis premiera zareagowa\u0142 szef kancelarii prezydenta Zbigniew Bogucki. Polityk przypomnia\u0142 Donaldowi Tuskowi, \u017ce\u00a0to\u00a0za czas\u00f3w rz\u0105d\u00f3w koalicji 15 pa\u017adziernika prokuratura umorzy\u0142a dwa \u015bledztwa w\u00a0sprawie nieprawid\u0142owo\u015bci w\u00a0Zondacrypto. &#13;\n<\/p>\n<p>&#13;<br \/>\n&#8222;Tak w\u0142\u0105czyli\u015bcie zielone \u015bwiat\u0142o na\u00a0oszukiwanie Polak\u00f3w i\u00a0mimo \u017ce\u00a05 grudnia 2025\u00a0r. na\u00a0niejawnym posiedzeniu Sejmu roztacza\u0142 Pan wizje najczarniejsze, to\u00a0jeszcze w\u00a0lutym 2026\u00a0r. sta\u0142 Pan z\u00a0koszulk\u0105 reklamuj\u0105c\u0105 Zondacrypto, a\u00a0kolejne \u015bledztwo zosta\u0142o wszcz\u0119te dopiero 17 kwietnia 2026\u00a0r.&#8221; \u2013\u00a0napisa\u0142 Bogucki na\u00a0swoim koncie na\u00a0platformie X. &#13;\n<\/p>\n<p>&#13;<br \/>\nDalej szef kancelarii prezydenta stwierdza, \u017ce\u00a0nie wie, czy\u00a0dzia\u0142anie szefa rz\u0105du to\u00a0&#8222;g\u0142upota, lenistwo, czy\u00a0dyletanctwo, a\u00a0mo\u017ce \u015bwiadome dzia\u0142anie&#8221;. Bogucki doda\u0142, \u017ce\u00a0ma nadziej\u0119, i\u017c\u00a0po\u00a0ewentualnej zmianie w\u0142adzy w\u00a02027 roku nowy rz\u0105d &#8222;w\u00a0pe\u0142ni ods\u0142oni re\u017cyseri\u0119 wielkich jak ko\u0144 manipulacji, kt\u00f3re maj\u0105 przykry\u0107 Wasze polityczne i\u00a0prawne grzechy ci\u0119\u017ckie w\u00a0tej sprawie&#8221;. &#13;\n<\/p>\n<p>&#13;<br \/>\nPolityk podkre\u015bli\u0142, \u017ce\u00a0prezydent Nawrocki opowiada si\u0119 &#8222;za rozs\u0105dnym i\u00a0zgodnym z\u00a0Konstytucj\u0105 uregulowaniem rynku kryptoaktyw\u00f3w&#8221;. Jednak rz\u0105d kierowany przez Tuska &#8222;z\u00a0uporem maniaka trzy razy przedstawia\u0142 w\u0142a\u015bciwie t\u0119\u00a0sam\u0105 z\u0142\u0105 ustaw\u0119&#8221;. &#13;\n<\/p>\n<p>&#13;<br \/>\n&#8222;Powinien Pan si\u0119 cieszy\u0107, \u017ce\u00a0jest taki rozs\u0105dny Prezydent, poniewa\u017c Pana przegrany kandydat Trzaskowski wprost m\u00f3wi\u0142, \u017ce\u00a0jest przeciwko jakiejkolwiek regulacji rynku kryptowalut&#8221; \u2013\u00a0podkre\u015bli\u0142 na\u00a0zako\u0144czenie Bogucki. &#13;\n<\/p>\n<p>&#13;<br \/>\n   Czytaj te\u017c:<br \/><a href=\"https:\/\/dorzeczy.pl\/kraj\/933943\/moskal-spotkal-sie-z-kralem-siwiec-o-tajnym-posiedzeniu-rzadu-ws-zondacrypto.html\" rel=\"follow nofollow noopener\" data-schema=\"DORZECZY\" data-image=\"https:\/\/img.dorzeczy.pl\/_thumb\/48\/66\/c79ca772a4fd4b651aee7b330f73.jpeg\" target=\"_blank\">Afera Zondacrypto. Kulisy tajnego posiedzenia rz\u0105du<\/a>   Czytaj te\u017c:<br \/><a href=\"https:\/\/dorzeczy.pl\/kraj\/929899\/bogucki-posprzeczal-sie-z-giertychem-belkot-jest-efektem-zalania.html\" rel=\"follow nofollow noopener\" data-schema=\"DORZECZY\" data-image=\"https:\/\/img.dorzeczy.pl\/_thumb\/75\/0e\/98d2ab6372d984f1e5e34b3ca9b6.jpeg\" target=\"_blank\">Bogucki posprzecza\u0142 si\u0119 z\u00a0Giertychem. &#8222;Be\u0142kot jest efektem zalania&#8221;<\/a>&#13;<\/p>\n","protected":false},"excerpt":{"rendered":"&#13; Pose\u0142 PiS Micha\u0142 Moskal oraz\u00a0by\u0142y funkcjonariusz CBA Artur Chodzi\u0144ski spotkali si\u0119 7\u00a0sierpnia 2025\u00a0r. na\u00a0Ibizie z\u00a0Przemys\u0142awem Kralem, prezesem&hellip;\n","protected":false},"author":2,"featured_media":648084,"comment_status":"","ping_status":"","sticky":false,"template":"","format":"standard","meta":{"footnotes":"","_share_on_mastodon":"0"},"categories":[62713],"tags":[25441,1345,98,49,601,1315,102,1005,380,99,17994],"class_list":["post-648083","post","type-post","status-publish","format-standard","has-post-thumbnail","category-donald-tusk","tag-bogucki","tag-donald-tusk","tag-dorzeczy","tag-kraj","tag-marcin-bugaj","tag-nawrocki","tag-opinie","tag-prezydent","tag-rzad","tag-tusk","tag-zondacrypto"],"share_on_mastodon":{"url":"https:\/\/pubeurope.com\/@pl\/117162946312744383","error":""},"_links":{"self":[{"href":"https:\/\/www.europesays.com\/pl\/wp-json\/wp\/v2\/posts\/648083","targetHints":{"allow":["GET"]}}],"collection":[{"href":"https:\/\/www.europesays.com\/pl\/wp-json\/wp\/v2\/posts"}],"about":[{"href":"https:\/\/www.europesays.com\/pl\/wp-json\/wp\/v2\/types\/post"}],"author":[{"embeddable":true,"href":"https:\/\/www.europesays.com\/pl\/wp-json\/wp\/v2\/users\/2"}],"replies":[{"embeddable":true,"href":"https:\/\/www.europesays.com\/pl\/wp-json\/wp\/v2\/comments?post=648083"}],"version-history":[{"count":0,"href":"https:\/\/www.europesays.com\/pl\/wp-json\/wp\/v2\/posts\/648083\/revisions"}],"wp:featuredmedia":[{"embeddable":true,"href":"https:\/\/www.europesays.com\/pl\/wp-json\/wp\/v2\/media\/648084"}],"wp:attachment":[{"href":"https:\/\/www.europesays.com\/pl\/wp-json\/wp\/v2\/media?parent=648083"}],"wp:term":[{"taxonomy":"category","embeddable":true,"href":"https:\/\/www.europesays.com\/pl\/wp-json\/wp\/v2\/categories?post=648083"},{"taxonomy":"post_tag","embeddable":true,"href":"https:\/\/www.europesays.com\/pl\/wp-json\/wp\/v2\/tags?post=648083"}],"curies":[{"name":"wp","href":"https:\/\/api.w.org\/{rel}","templated":true}]}}