{"id":648127,"date":"2026-08-26T17:41:13","date_gmt":"2026-08-26T17:41:13","guid":{"rendered":"https:\/\/www.europesays.com\/pl\/648127\/"},"modified":"2026-08-26T17:41:13","modified_gmt":"2026-08-26T17:41:13","slug":"mial-97-lat-legenda-polskiego-sportu-nie-zyje-sportowefakty","status":"publish","type":"post","link":"https:\/\/www.europesays.com\/pl\/648127\/","title":{"rendered":"Mia\u0142 97 lat. Legenda polskiego sportu nie \u017cyje &#8211; SportoweFakty"},"content":{"rendered":"<ol>\n<li><a href=\"https:\/\/news.google.com\/rss\/articles\/CBMilwFBVV95cUxOQmlCcm5Xd1ZnTzljY3dubXdTZzlaQzJHdXVYcTRwTExlNU42ZllDczRNMDZBSXdoRkxWSHhPQ3FyTFZUTE5GTGJGMzREUFI2YTBfX2k4eWRiZWxBZHpJU2M0aThlejkxQmFXeEFlaVFySFpkLU8tVUJwcF9EYjVRd2pQbEJIcGlidUhTdTluNjNPWHllZGlN?oc=5\" target=\"_blank\" rel=\"nofollow noopener\">Mia\u0142 97 lat. Legenda polskiego sportu nie \u017cyje<\/a>&nbsp;&nbsp;SportoweFakty<\/li>\n<li><a href=\"https:\/\/news.google.com\/rss\/articles\/CBMic0FVX3lxTE1OZkptRHAxbElaelp3OFV6ZklJT0tGUVdCaUpCU1RKZlAzbWNSdWJPWjRtNTJQbXgwLWt3UU9YZ3J5N2RSTnNKTGtTaEZqMWt4eWZoZFlCNGJHY3JyZzZHYUh0QkFqM3ZCUzRhdXZPUl9vTDA?oc=5\" target=\"_blank\" rel=\"nofollow noopener\">Zmar\u0142 kapitan Wojciech Jacobson<\/a>&nbsp;&nbsp;Radio Szczecin<\/li>\n<li><a href=\"https:\/\/news.google.com\/rss\/articles\/CBMitwFBVV95cUxPUnRFZUpPeGpJRFdpUHlrUHRKTWtMenlkTnVTTUkwNjVWSUJMbHVuUVhTbXBqajNrRjhuc0EydFhBUlcyb3F2VXB5X2p2SUNuSkNzaTNuUjdDanotV1NNcnM2LS1Tck9sNGdjZ1FIZzRoU3EyV1QySTN2azB0eXF6YUxyVDY3RXVVX3BQSHJCbGtjaFdJdFgyY2ZWeWlUdDAyVzItWUlpeEJNSWlRZFJTS0RidHNVM2c?oc=5\" target=\"_blank\" rel=\"nofollow noopener\">Zmar\u0142 kapitan Wojciech Jacobson. By\u0142 legend\u0105 polskiego \u017ceglarstwa<\/a>&nbsp;&nbsp;Przegl\u0105d Sportowy<\/li>\n<li><a href=\"https:\/\/news.google.com\/rss\/articles\/CBMipgFBVV95cUxNY0J6VWNsRlBiTnpKMkFvM01FOTdpRzV4ZV9CUThqV1dULVI3cXk4NGZ5Nl9WN1lDbFdoOU8wb2E1NEhJX25Hc2FJdGpHazN1S2o4LTRBaVFnak1oWFRzdGdGUG9JbXFyeWRhWmtpNmhsa1pPOE5zQ0NUcXBodzBiUEZFQW9Oc041UXdaTktmSzlJUjI4eVVmZ1VhM3c3cmpMWEhkWGh3?oc=5\" target=\"_blank\" rel=\"nofollow noopener\">Tragiczna informacje. Nie \u017cyje legenda polskiego sportu<\/a>&nbsp;&nbsp;www.polsatsport.pl<\/li>\n<li><a href=\"https:\/\/news.google.com\/rss\/articles\/CBMiqgFBVV95cUxOLWoxZ2xBZm5tWnctVFkxUERxSDBsOXh0bXpVU25XUWJRZ3B1MHItU21jWTlMb1NfOFpScXRkQmZEaUxvRFFlaFVRUy1KN0FlNlU3dWg3SmpRem5Yd1Z2T3VjM0FxcmtTS0J0VDZNMzM1S3BJRDg5Y2E0UXVranBGLVF3RjBlanI3WGVkbTJDU1VXWTByM2FrTmZrNnAzSVkwS2lVMi1XazRNUQ?oc=5\" target=\"_blank\" rel=\"nofollow noopener\">Nie \u017cyje legenda polskiego \u017ceglarstwa. Odszed\u0142 kapitan Wojciech Jacobson<\/a>&nbsp;&nbsp;Niezale\u017cna<\/li>\n<\/ol>\n","protected":false},"excerpt":{"rendered":"Mia\u0142 97 lat. Legenda polskiego sportu nie \u017cyje&nbsp;&nbsp;SportoweFakty Zmar\u0142 kapitan Wojciech Jacobson&nbsp;&nbsp;Radio Szczecin Zmar\u0142 kapitan Wojciech Jacobson. By\u0142&hellip;\n","protected":false},"author":2,"featured_media":648128,"comment_status":"","ping_status":"","sticky":false,"template":"","format":"standard","meta":{"footnotes":"","_share_on_mastodon":"0"},"categories":[12],"tags":[32,33,36,37,27,6123,34,35,28,31,25,42,38,40,39,41,3900,29,30,26,26283],"class_list":["post-648127","post","type-post","status-publish","format-standard","has-post-thumbnail","category-polska","tag-breaking-news","tag-breakingnews","tag-featured-news","tag-featurednews","tag-headlines","tag-inne","tag-latest-news","tag-latestnews","tag-naglowki","tag-najwazniejsze-artykuly","tag-news","tag-pl","tag-poland","tag-polish","tag-polska","tag-polski","tag-pozostale-dyscypliny","tag-top-stories","tag-topstories","tag-wiadomosci","tag-zeglarstwo"],"share_on_mastodon":{"url":"https:\/\/pubeurope.com\/@pl\/117163044959524333","error":""},"_links":{"self":[{"href":"https:\/\/www.europesays.com\/pl\/wp-json\/wp\/v2\/posts\/648127","targetHints":{"allow":["GET"]}}],"collection":[{"href":"https:\/\/www.europesays.com\/pl\/wp-json\/wp\/v2\/posts"}],"about":[{"href":"https:\/\/www.europesays.com\/pl\/wp-json\/wp\/v2\/types\/post"}],"author":[{"embeddable":true,"href":"https:\/\/www.europesays.com\/pl\/wp-json\/wp\/v2\/users\/2"}],"replies":[{"embeddable":true,"href":"https:\/\/www.europesays.com\/pl\/wp-json\/wp\/v2\/comments?post=648127"}],"version-history":[{"count":0,"href":"https:\/\/www.europesays.com\/pl\/wp-json\/wp\/v2\/posts\/648127\/revisions"}],"wp:featuredmedia":[{"embeddable":true,"href":"https:\/\/www.europesays.com\/pl\/wp-json\/wp\/v2\/media\/648128"}],"wp:attachment":[{"href":"https:\/\/www.europesays.com\/pl\/wp-json\/wp\/v2\/media?parent=648127"}],"wp:term":[{"taxonomy":"category","embeddable":true,"href":"https:\/\/www.europesays.com\/pl\/wp-json\/wp\/v2\/categories?post=648127"},{"taxonomy":"post_tag","embeddable":true,"href":"https:\/\/www.europesays.com\/pl\/wp-json\/wp\/v2\/tags?post=648127"}],"curies":[{"name":"wp","href":"https:\/\/api.w.org\/{rel}","templated":true}]}}