{"id":648277,"date":"2026-08-26T19:14:32","date_gmt":"2026-08-26T19:14:32","guid":{"rendered":"https:\/\/www.europesays.com\/pl\/648277\/"},"modified":"2026-08-26T19:14:32","modified_gmt":"2026-08-26T19:14:32","slug":"orlen-uruchamia-wydobycie-z-trzech-nowych-zloz-w-norwegii-ponad-4-mld-m-szesc-gazu-kresy","status":"publish","type":"post","link":"https:\/\/www.europesays.com\/pl\/648277\/","title":{"rendered":"Orlen uruchamia wydobycie z trzech nowych z\u0142\u00f3\u017c w Norwegii. Ponad 4 mld m sze\u015bc. gazu \u00bb Kresy"},"content":{"rendered":"<p>Orlen rozpocz\u0105\u0142 wydobycie gazu ze z\u0142o\u017ca Idun Nord na Morzu Norweskim. W najbli\u017cszych tygodniach produkcja ruszy tak\u017ce na z\u0142o\u017cach Alve Nord i \u00d8rn. \u0141\u0105cznie maj\u0105 one zapewni\u0107 koncernowi ponad 4 mld m sze\u015bc. gazu ziemnego.<\/p>\n<p class=\"isSelectedEnd\">Orlen Upstream Norway wraz z partnerami koncesyjnymi rozpocz\u0105\u0142 wydobycie gazu ze z\u0142o\u017ca Idun Nord na Morzu Norweskim \u2013 poinformowa\u0142 koncern w \u015brod\u0119. W ci\u0105gu kilku nast\u0119pnych tygodni produkcja ma zosta\u0107 uruchomiona r\u00f3wnie\u017c na dw\u00f3ch kolejnych z\u0142o\u017cach \u2013 Alve Nord i \u00d8rn.<\/p>\n<p class=\"isSelectedEnd\">Wszystkie trzy znajduj\u0105 si\u0119 na obszarze Skarv, jednym z g\u0142\u00f3wnych centr\u00f3w wydobywczych Orlenu w Norwegii. Zasoby przypadaj\u0105ce na polski koncern wynosz\u0105 ponad 30 mln bary\u0142ek ekwiwalentu ropy naftowej, przy czym oko\u0142o 80 proc. stanowi gaz ziemny. \u0141\u0105cznie nowe z\u0142o\u017ca maj\u0105 dostarczy\u0107 Orlenowi ponad 4 mld m sze\u015bc. gazu.<\/p>\n<p class=\"isSelectedEnd\">\u201eUruchomienie wydobycia ze z\u0142\u00f3\u017c Idun Nord, Alve Nord i \u00d8rn oznacza dodatkowe wolumeny gazu ziemnego, kt\u00f3re wzmocni\u0105 bezpiecze\u0144stwo energetyczne Polski i regionu. \u0141\u0105cznie nowe z\u0142o\u017ca zapewni\u0105 ORLEN ponad 4 mld m sze\u015bc. gazu ziemnego\u201d \u2013 o\u015bwiadczy\u0142 prezes Orlenu Ireneusz F\u0105fara.<\/p>\n<p class=\"isSelectedEnd\">Jak zaznaczy\u0142, trzy z\u0142o\u017ca zosta\u0142y zagospodarowane w ramach jednego projektu, co pozwoli\u0142o ograniczy\u0107 koszty i skr\u00f3ci\u0107 harmonogram prac. Produkcja rozpoczyna si\u0119 o rok wcze\u015bniej, ni\u017c pierwotnie planowano.<\/p>\n<p class=\"isSelectedEnd\">Nowe z\u0142o\u017ca zosta\u0142y pod\u0142\u0105czone do Skarv FPSO \u2013 p\u0142ywaj\u0105cej jednostki s\u0142u\u017c\u0105cej do wydobycia, magazynowania i prze\u0142adunku surowc\u00f3w. Wykorzystanie istniej\u0105cej infrastruktury pozwoli\u0142o unikn\u0105\u0107 budowy nowych instalacji od podstaw. Wed\u0142ug Orlenu przyczyni\u0142o si\u0119 r\u00f3wnie\u017c do ograniczenia emisyjno\u015bci inwestycji. Wska\u017anik intensywno\u015bci emisji dla nowych z\u0142\u00f3\u017c ma wynosi\u0107 4,5 kg na bary\u0142k\u0119.<\/p>\n<p>Zobacz: <a href=\"https:\/\/kresy.pl\/wydarzenia\/regiony\/polska-regiony\/orlen-odkryl-nowe-zloze-gazu-na-morzu-polnocnym\/\" rel=\"nofollow noopener\" target=\"_blank\">Orlen odkry\u0142 nowe z\u0142o\u017ce gazu na Morzu P\u00f3\u0142nocnym<\/a><\/p>\n<p>\t\t\t<a href=\"https:\/\/kresy.pl\/przekaz-darowizne\/\" rel=\"nofollow noopener\" target=\"_blank\"><img decoding=\"async\" src=\"https:\/\/www.europesays.com\/pl\/wp-content\/uploads\/2026\/08\/1787771670_622_oxfordBanner.png\" alt=\"Jeste\u015bmy najbardziej rzetelnymi mediami w Polsce\"\/><\/a><\/p>\n<p>\t\t\t<a href=\"https:\/\/kresy.pl\/przekaz-darowizne\/\" rel=\"nofollow noopener\" target=\"_blank\"><img decoding=\"async\" src=\"https:\/\/www.europesays.com\/pl\/wp-content\/uploads\/2026\/08\/1787771672_499_oxfordBanner-mobile.png\" alt=\"Jeste\u015bmy najbardziej rzetelnymi mediami w Polsce\"\/><\/a><\/p>\n<p class=\"isSelectedEnd\">Uruchomienie nowych z\u0142\u00f3\u017c ma tak\u017ce wyd\u0142u\u017cy\u0107 okres wykorzystania infrastruktury Skarv co najmniej do 2040 roku. Koncern zak\u0142ada, \u017ce jego wydobycie na tym obszarze wzro\u015bnie z 3,3 mln bary\u0142ek ekwiwalentu ropy w 2026 roku do 9 mln w 2027 roku.<\/p>\n<p class=\"isSelectedEnd\">Najwi\u0119ksze znaczenie dla Orlenu ma z\u0142o\u017ce \u00d8rn, z kt\u00f3rego na polsk\u0105 sp\u00f3\u0142k\u0119 przypada oko\u0142o 22 mln bary\u0142ek ekwiwalentu ropy. Orlen Upstream Norway posiada w nim 40 proc. udzia\u0142\u00f3w. Pozosta\u0142ymi partnerami s\u0105 Aker BP, b\u0119d\u0105cy operatorem z\u0142o\u017ca, oraz Equinor \u2013 obie firmy maj\u0105 po 30 proc. udzia\u0142\u00f3w.<\/p>\n<p>W z\u0142o\u017cach Idun Nord i Alve Nord udzia\u0142 Orlen Upstream Norway wynosi po 11,9 proc. \u0141\u0105czne zasoby wszystkich trzech z\u0142\u00f3\u017c szacowane s\u0105 na 120 mln bary\u0142ek ekwiwalentu ropy naftowej.<\/p>\n<p>Czytaj: <a href=\"https:\/\/kresy.pl\/wydarzenia\/orlen-w-projekcie-reaktywacji-norweskich-zloz-gazu-surowiec-ma-trafic-do-europy\/\" rel=\"nofollow noopener\" target=\"_blank\">Orlen w projekcie reaktywacji norweskich z\u0142\u00f3\u017c gazu. Surowiec ma trafi\u0107 do Europy<\/a><\/p>\n<p><a href=\"https:\/\/www.orlen.pl\/pl\/o-firmie\/media\/komunikaty-prasowe\/biezace\/2026\/Sierpien-2026\/orlen-rozpoczyna-produkcje-z-trzech-nowych-zloz-w-norwegii\" rel=\"nofollow noopener\" target=\"_blank\">orlen.pl<\/a> \/ Kresy.pl<\/p>\n","protected":false},"excerpt":{"rendered":"Orlen rozpocz\u0105\u0142 wydobycie gazu ze z\u0142o\u017ca Idun Nord na Morzu Norweskim. W najbli\u017cszych tygodniach produkcja ruszy tak\u017ce na&hellip;\n","protected":false},"author":2,"featured_media":648278,"comment_status":"","ping_status":"","sticky":false,"template":"","format":"standard","meta":{"footnotes":"","_share_on_mastodon":"0"},"categories":[52097],"tags":[2624,4779,774,42,38,40,39,41,598],"class_list":["post-648277","post","type-post","status-publish","format-standard","has-post-thumbnail","category-orlen","tag-energetyka","tag-gaz","tag-orlen","tag-pl","tag-poland","tag-polish","tag-polska","tag-polski","tag-ropa"],"share_on_mastodon":{"url":"https:\/\/pubeurope.com\/@pl\/117163411482714736","error":""},"_links":{"self":[{"href":"https:\/\/www.europesays.com\/pl\/wp-json\/wp\/v2\/posts\/648277","targetHints":{"allow":["GET"]}}],"collection":[{"href":"https:\/\/www.europesays.com\/pl\/wp-json\/wp\/v2\/posts"}],"about":[{"href":"https:\/\/www.europesays.com\/pl\/wp-json\/wp\/v2\/types\/post"}],"author":[{"embeddable":true,"href":"https:\/\/www.europesays.com\/pl\/wp-json\/wp\/v2\/users\/2"}],"replies":[{"embeddable":true,"href":"https:\/\/www.europesays.com\/pl\/wp-json\/wp\/v2\/comments?post=648277"}],"version-history":[{"count":0,"href":"https:\/\/www.europesays.com\/pl\/wp-json\/wp\/v2\/posts\/648277\/revisions"}],"wp:featuredmedia":[{"embeddable":true,"href":"https:\/\/www.europesays.com\/pl\/wp-json\/wp\/v2\/media\/648278"}],"wp:attachment":[{"href":"https:\/\/www.europesays.com\/pl\/wp-json\/wp\/v2\/media?parent=648277"}],"wp:term":[{"taxonomy":"category","embeddable":true,"href":"https:\/\/www.europesays.com\/pl\/wp-json\/wp\/v2\/categories?post=648277"},{"taxonomy":"post_tag","embeddable":true,"href":"https:\/\/www.europesays.com\/pl\/wp-json\/wp\/v2\/tags?post=648277"}],"curies":[{"name":"wp","href":"https:\/\/api.w.org\/{rel}","templated":true}]}}