{"id":648283,"date":"2026-08-26T19:17:24","date_gmt":"2026-08-26T19:17:24","guid":{"rendered":"https:\/\/www.europesays.com\/pl\/648283\/"},"modified":"2026-08-26T19:17:24","modified_gmt":"2026-08-26T19:17:24","slug":"nizsze-limity-dorabiania-od-1-wrzesnia-zus-moze-zmniejszyc-lub-zawiesic-swiadczenie","status":"publish","type":"post","link":"https:\/\/www.europesays.com\/pl\/648283\/","title":{"rendered":"Ni\u017csze limity dorabiania od 1 wrze\u015bnia. ZUS mo\u017ce zmniejszy\u0107 lub zawiesi\u0107 \u015bwiadczenie"},"content":{"rendered":"<p>Limity dorabiania do rent i wcze\u015bniejszych emerytur z Zak\u0142adu Ubezpiecze\u0144 Spo\u0142ecznych s\u0105 aktualizowane co trzy miesi\u0105ce. Ich wysoko\u015b\u0107 zale\u017cy od przeci\u0119tnego wynagrodzenia w kraju w poprzednim kwartale. Poniewa\u017c w drugim kwartale p\u0142ace spad\u0142y, od wrze\u015bnia ni\u017csze b\u0119d\u0105 r\u00f3wnie\u017c kwoty graniczne dla pracuj\u0105cych \u015bwiadczeniobiorc\u00f3w.<\/p>\n<p>Kiedy ZUS zmniejszy \u015bwiadczenie?<\/p>\n<p>Pierwszy pr\u00f3g odpowiada 70 procentom przeci\u0119tnego wynagrodzenia. Od wrze\u015bnia wyniesie 6463,20 z\u0142 brutto, czyli oko\u0142o 230 z\u0142 mniej ni\u017c w sierpniu. Miesi\u0119czny przych\u00f3d do tej kwoty nie wp\u0142ynie na wysoko\u015b\u0107 wyp\u0142acanej emerytury lub renty.<\/p>\n<p>Je\u017celi \u015bwiadczeniobiorca zarobi wi\u0119cej, ZUS odpowiednio zmniejszy wyp\u0142at\u0119 za miesi\u0105c, w kt\u00f3rym limit zosta\u0142 przekroczony.<\/p>\n<p>Po przekroczeniu 12 tys. z\u0142 wyp\u0142ata zostanie zawieszona<\/p>\n<p>Drugi pr\u00f3g stanowi 130 procent przeci\u0119tnego wynagrodzenia i od wrze\u015bnia wyniesie 12 003,10 z\u0142 brutto. Przekroczenie tej kwoty oznacza brak wyp\u0142aty emerytury lub renty za miesi\u0105c, w kt\u00f3rym przych\u00f3d by\u0142 wy\u017cszy od limitu.<\/p>\n<p>Nowe kwoty graniczne b\u0119d\u0105 obowi\u0105zywa\u0107 we wrze\u015bniu, pa\u017adzierniku i listopadzie. Kolejna zmiana nast\u0105pi 1 grudnia.<\/p>\n<p>Kto mo\u017ce dorabia\u0107 bez ogranicze\u0144?<\/p>\n<p>Limity nie dotycz\u0105 emeryt\u00f3w, kt\u00f3rzy osi\u0105gn\u0119li powszechny wiek emerytalny, czyli 60 lat w przypadku kobiet i 65 lat w przypadku m\u0119\u017cczyzn. Osoby te mog\u0105 dorabia\u0107 do \u015bwiadczenia bez ogranicze\u0144.<\/p>\n<p>Wyj\u0105tek stanowi\u0105 emeryci, kt\u00f3rym ZUS podwy\u017cszy\u0142 \u015bwiadczenie do kwoty emerytury minimalnej, wynosz\u0105cej 1978,49 z\u0142 brutto. Je\u017celi przych\u00f3d z pracy przekroczy kwot\u0119 podwy\u017cszenia, wyr\u00f3wnanie za dany miesi\u0105c nie b\u0119dzie przys\u0142ugiwa\u0107. ZUS wyp\u0142aci w\u00f3wczas wy\u0142\u0105cznie emerytur\u0119 wynikaj\u0105c\u0105 z odprowadzonych sk\u0142adek.<\/p>\n<p>\u0179r\u00f3d\u0142o: ZUS<\/p>\n<p>\n                                    <a href=\"https:\/\/www.google.com\/preferences\/source?q=lublin112.pl\" target=\"_blank\" rel=\"noopener noreferrer nofollow\" onclick=\"if (!window.__cfRLUnblockHandlers) return false; gtag(&#039;event&#039;, &#039;google_preferred_source_click&#039;, {&#010;                                           &#039;link_url&#039;: this.href,&#010;                                           &#039;link_text&#039;: &#039;Ustaw lublin112.pl jako preferowane \u017ar\u00f3d\u0142o&#039;&#010;                                       });\" style=\"text-align:center;display:block;\" data-cf-modified-f09d2d21fa4410df389a7cb9-=\"\"><br \/>\n                                        <img decoding=\"async\" src=\"https:\/\/www.europesays.com\/pl\/wp-content\/uploads\/2026\/08\/1787771844_455_lublin112-google-source.webp\" alt=\"Ustaw lublin112.pl jako preferowane \u017ar\u00f3d\u0142o w Google\" style=\"max-width: 70%;\"\/><br \/>\n                                    <\/a><br \/>\n                                    <\/p>\n","protected":false},"excerpt":{"rendered":"Limity dorabiania do rent i wcze\u015bniejszych emerytur z Zak\u0142adu Ubezpiecze\u0144 Spo\u0142ecznych s\u0105 aktualizowane co trzy miesi\u0105ce. Ich wysoko\u015b\u0107&hellip;\n","protected":false},"author":2,"featured_media":648284,"comment_status":"","ping_status":"","sticky":false,"template":"","format":"standard","meta":{"footnotes":"","_share_on_mastodon":"0"},"categories":[51612],"tags":[4287,28137,1081,42,38,40,39,41,4246,27472,2469,126945,20439,660],"class_list":["post-648283","post","type-post","status-publish","format-standard","has-post-thumbnail","category-lublin","tag-emerytury","tag-limity-dorabiania","tag-lublin","tag-pl","tag-poland","tag-polish","tag-polska","tag-polski","tag-przecietne-wynagrodzenie","tag-renty","tag-swiadczenia","tag-wczesniejsza-emerytura","tag-wiek-emerytalny","tag-zus"],"share_on_mastodon":{"url":"https:\/\/pubeurope.com\/@pl\/117163423097745389","error":""},"_links":{"self":[{"href":"https:\/\/www.europesays.com\/pl\/wp-json\/wp\/v2\/posts\/648283","targetHints":{"allow":["GET"]}}],"collection":[{"href":"https:\/\/www.europesays.com\/pl\/wp-json\/wp\/v2\/posts"}],"about":[{"href":"https:\/\/www.europesays.com\/pl\/wp-json\/wp\/v2\/types\/post"}],"author":[{"embeddable":true,"href":"https:\/\/www.europesays.com\/pl\/wp-json\/wp\/v2\/users\/2"}],"replies":[{"embeddable":true,"href":"https:\/\/www.europesays.com\/pl\/wp-json\/wp\/v2\/comments?post=648283"}],"version-history":[{"count":0,"href":"https:\/\/www.europesays.com\/pl\/wp-json\/wp\/v2\/posts\/648283\/revisions"}],"wp:featuredmedia":[{"embeddable":true,"href":"https:\/\/www.europesays.com\/pl\/wp-json\/wp\/v2\/media\/648284"}],"wp:attachment":[{"href":"https:\/\/www.europesays.com\/pl\/wp-json\/wp\/v2\/media?parent=648283"}],"wp:term":[{"taxonomy":"category","embeddable":true,"href":"https:\/\/www.europesays.com\/pl\/wp-json\/wp\/v2\/categories?post=648283"},{"taxonomy":"post_tag","embeddable":true,"href":"https:\/\/www.europesays.com\/pl\/wp-json\/wp\/v2\/tags?post=648283"}],"curies":[{"name":"wp","href":"https:\/\/api.w.org\/{rel}","templated":true}]}}