{"id":648293,"date":"2026-08-26T19:22:17","date_gmt":"2026-08-26T19:22:17","guid":{"rendered":"https:\/\/www.europesays.com\/pl\/648293\/"},"modified":"2026-08-26T19:22:17","modified_gmt":"2026-08-26T19:22:17","slug":"we-wroclawiu-doszlo-do-skandalu-slask-analizuje-sprawe","status":"publish","type":"post","link":"https:\/\/www.europesays.com\/pl\/648293\/","title":{"rendered":"We Wroc\u0142awiu dosz\u0142o do skandalu? \u015al\u0105sk analizuje spraw\u0119"},"content":{"rendered":"\n<p class=\"contentpart contentpart--default contentpart--text\" data-position=\"0\">Informacja zosta\u0142a rozpowszechniona za po\u015brednictwem platformy X przez jednego z wroc\u0142awskich dziennikarzy, Piotra Pot\u0119p\u0119.<\/p>\n<p class=\"contentpart contentpart--default contentpart--text\" data-position=\"1\">&#8222;Ciekawa historia przed meczem #LEG\u015aL\u0104.   Pan Trener Analityk Legii Warszawa Dominik Ciarkowski podgl\u0105da\u0142 i nagrywa\u0142 telefonem dzisiejszy trening @SlaskWroclawPl.   Trenerzy Wroc\u0142awian widz\u0105c dziwne zachowanie Pana Dominika postanowili zareagowa\u0107. Kiedy podszed\u0142 do niego jeden z trener\u00f3w \u015al\u0105ska, Pan Dominik zmiesza\u0142 si\u0119 i uciek\u0142.\u00a0 Ja tylko przypomn\u0119, \u017ce ca\u0142kiem niedawno za podobne szpiegowanie Southampton zosta\u0142o przez angielsk\u0105 federacj\u0119 pi\u0142karsk\u0105 wyrzucone z bara\u017cy o awans do Premier League&#8221; &#8211; napisa\u0142 w po\u015bcie redaktor Wroc\u0142awskich Fakt\u00f3w.<\/p>\n<p>  <img decoding=\"async\" src=\"https:\/\/v.wpimg.pl\/X3dwLnN2d1IFFTpdYUl6R0ZNbgcnEHQREVV2TGEGbUtRT2MdOlZ2RBQUKABgQjQcDRotCStBd1IAAWMeIlM7VgwYIAorQAdEFFk_GCkQJQ\" alt=\"\" width=\"45\" height=\"58\" loading=\"lazy\"\/>  <\/p>\n<p>\u015al\u0105sk skomentowa\u0142 doniesienia<\/p>\n<p class=\"contentpart contentpart--default contentpart--text\" data-position=\"3\">Wobec powsta\u0142ego zamieszania, poprosili\u015bmy o komentarz rzecznik\u00f3w obu klub\u00f3w. Bartosz Zas\u0142awski z <a href=\"https:\/\/sportowefakty.wp.pl\/pilka-nozna\/legia-warszawa\" rel=\"nofollow noopener\" target=\"_blank\">Legia Warszawa<\/a>\u00a0odpisa\u0142 nam, \u017ce nie b\u0119d\u0105 komentowa\u0107 tej sprawy. Z kolei Pawe\u0142 Prochowski ze \u015al\u0105ska Wroc\u0142aw przekaza\u0142 tre\u015b\u0107 o\u015bwiadczenia, dost\u0119pnego r\u00f3wnie\u017c na jego oficjalnym profilu na platformie X.<\/p>\n<p class=\"contentpart contentpart--default contentpart--text\" data-position=\"4\">&#8222;Na ten moment mo\u017cemy potwierdzi\u0107, \u017ce faktycznie dzisiejszy trening by\u0142 obserwowany i prawdopodobnie nagrywany przez m\u0119\u017cczyzn\u0119 znajduj\u0105cego si\u0119 na Wzg\u00f3rzu Gajowickim, znanym te\u017c jako &#8222;G\u00f3rka Pafawag&#8221;. Analizujemy t\u0119 spraw\u0119 i podkre\u015blamy, \u017ce incydent ten nie mia\u0142 i nie ma \u017cadnego wp\u0142ywu na sprawy stricte sportowe &#8211; zesp\u00f3\u0142 planowo przygotowuje si\u0119 do pi\u0105tkowego spotkania w Warszawie. Jak widzimy, nasze treningi ciesz\u0105 si\u0119 sporym zainteresowaniem, wi\u0119c serdecznie zapraszamy na otwarty trening, kt\u00f3ry ob\u0119dzie si\u0119 w poniedzia\u0142ek, 31 sierpnia, o godzinie 11:00. Wszyscy b\u0119d\u0105 mogli sobie &#8211; z odleg\u0142o\u015bci bli\u017cszej ni\u017c Wzg\u00f3rze Gajowickie &#8211; zobaczy\u0107, jak dru\u017cyna przygotowuje si\u0119 do pucharowego starcia z Pogoni\u0105&#8221; &#8211; czytamy w tre\u015bci.<\/p>\n<p>  <img decoding=\"async\" src=\"https:\/\/v.wpimg.pl\/X3dwLnN2d1IFFTpdYUl6R0ZNbgcnEHQREVV2TGEGbUtRT2MdOlZ2RBQUKABgQjQcDRotCStBd1IAAWMeIlM7VgwYIAorQAdEFFk_GCkQJQ\" alt=\"\" width=\"45\" height=\"58\" loading=\"lazy\"\/>  <\/p>\n<p class=\"contentpart contentpart--default contentpart--text\" data-position=\"5\">Sytuacja zapewne b\u0119dzie weryfikowana. Trudno na tym etapie okre\u015bli\u0107 czy i jakie konsekwencje mog\u0105 zosta\u0107 wyci\u0105gni\u0119te w stosunku do Legii. Jak wida\u0107, na razie zdarzenie nie zosta\u0142o oficjalnie potwierdzone.<\/p>\n","protected":false},"excerpt":{"rendered":"Informacja zosta\u0142a rozpowszechniona za po\u015brednictwem platformy X przez jednego z wroc\u0142awskich dziennikarzy, Piotra Pot\u0119p\u0119. &#8222;Ciekawa historia przed meczem&hellip;\n","protected":false},"author":2,"featured_media":648294,"comment_status":"","ping_status":"","sticky":false,"template":"","format":"standard","meta":{"footnotes":"","_share_on_mastodon":"0"},"categories":[51607],"tags":[713,269,1724,42,38,40,39,41,697,47851,1853],"class_list":["post-648293","post","type-post","status-publish","format-standard","has-post-thumbnail","category-wroclaw","tag-legia-warszawa","tag-pilka-nozna","tag-pko-ekstraklasa","tag-pl","tag-poland","tag-polish","tag-polska","tag-polski","tag-slask-wroclaw","tag-tarczynski-arena","tag-wroclaw"],"share_on_mastodon":{"url":"https:\/\/pubeurope.com\/@pl\/117163443324062243","error":""},"_links":{"self":[{"href":"https:\/\/www.europesays.com\/pl\/wp-json\/wp\/v2\/posts\/648293","targetHints":{"allow":["GET"]}}],"collection":[{"href":"https:\/\/www.europesays.com\/pl\/wp-json\/wp\/v2\/posts"}],"about":[{"href":"https:\/\/www.europesays.com\/pl\/wp-json\/wp\/v2\/types\/post"}],"author":[{"embeddable":true,"href":"https:\/\/www.europesays.com\/pl\/wp-json\/wp\/v2\/users\/2"}],"replies":[{"embeddable":true,"href":"https:\/\/www.europesays.com\/pl\/wp-json\/wp\/v2\/comments?post=648293"}],"version-history":[{"count":0,"href":"https:\/\/www.europesays.com\/pl\/wp-json\/wp\/v2\/posts\/648293\/revisions"}],"wp:featuredmedia":[{"embeddable":true,"href":"https:\/\/www.europesays.com\/pl\/wp-json\/wp\/v2\/media\/648294"}],"wp:attachment":[{"href":"https:\/\/www.europesays.com\/pl\/wp-json\/wp\/v2\/media?parent=648293"}],"wp:term":[{"taxonomy":"category","embeddable":true,"href":"https:\/\/www.europesays.com\/pl\/wp-json\/wp\/v2\/categories?post=648293"},{"taxonomy":"post_tag","embeddable":true,"href":"https:\/\/www.europesays.com\/pl\/wp-json\/wp\/v2\/tags?post=648293"}],"curies":[{"name":"wp","href":"https:\/\/api.w.org\/{rel}","templated":true}]}}