{"id":648461,"date":"2026-08-26T21:01:18","date_gmt":"2026-08-26T21:01:18","guid":{"rendered":"https:\/\/www.europesays.com\/pl\/648461\/"},"modified":"2026-08-26T21:01:18","modified_gmt":"2026-08-26T21:01:18","slug":"prezydent-zaprasza-do-juraty-wiadomo-jakie-beda-atrakcje","status":"publish","type":"post","link":"https:\/\/www.europesays.com\/pl\/648461\/","title":{"rendered":"Prezydent zaprasza do Juraty. Wiadomo, jakie b\u0119d\u0105 atrakcje"},"content":{"rendered":"\n<p>&#13;<br \/>\n29 i\u00a030 sierpnia w\u00a0Rezydencji Prezydenta RP w\u00a0Juracie odb\u0119dzie si\u0119 wydarzenie z\u00a0udzia\u0142em prezydenta Karola Nawrockiego przygotowane z\u00a0my\u015bl\u0105 o\u00a0m\u0142odych. G\u0142owa pa\u0144stwa spotka si\u0119 z\u00a0m\u0142odzie\u017c\u0105 zar\u00f3wno w\u00a0celach rekreacyjnych, ale\u00a0r\u00f3wnie\u017c, by\u00a0porozmawia\u0107 i\u00a0wys\u0142ucha\u0107, co\u00a0ma\u00a0do\u00a0powiedzenia w\u00a0sprawach politycznych i\u00a0szerzej dotycz\u0105cych los\u00f3w kraju. &#13;\n<\/p>\n<p>Przysz\u0142o\u015b\u0107.pl. Weekend z\u00a0prezydentem w\u00a0Juracie <\/p>\n<p>&#13;<br \/>\nPod koniec lipca <a href=\"https:\/\/dorzeczy.pl\/kraj\/919867\/prezydent-karol-nawrocki-spotka-sie-z-mlodymi-w-juracie.html\" rel=\"nofollow noopener\" target=\"_blank\">Karol Nawrocki zaprosi\u0142 zainteresowanych<\/a> do\u00a0rejestracji i\u00a0przyjazdu do\u00a0jednego z\u00a0najpi\u0119kniejszych i\u00a0najbardziej znanych nadmorskich kurort\u00f3w w\u00a0Polsce. W\u00a0\u015brod\u0119 na\u00a0stronie i\u00a0kana\u0142ach prezydenta opublikowano grafik\u0119 zawieraj\u0105c\u0105 plan wydarzenia. &#13;\n<\/p>\n<p>&#13;<br \/>\nPrzewidziane jest spotkanie z\u00a0prezydentem, koncerty nad Ba\u0142tykiem, wyk\u0142ady i\u00a0debaty, aktywno\u015bci i\u00a0zawody sportowe, w\u00a0tym bieg z\u00a0par\u0105 prezydenck\u0105, spotkanie z\u00a0Pierwsz\u0105 Dam\u0105, plenerowa gra strategiczna, a\u00a0tak\u017ce zaj\u0119cia kulinarne. &#13;\n<\/p>\n<p>Per\u0142a P\u00f3\u0142wyspu Helskiego<\/p>\n<p>&#13;<br \/>\nPrzypomnijmy, \u017ce\u00a0Jurata le\u017cy na\u00a0P\u00f3\u0142wyspie Helskim, mi\u0119dzy Zatok\u0105 Puck\u0105 a\u00a0Morzem Ba\u0142tyckim. Miejscowo\u015b\u0107 jest znana przede wszystkim z\u00a0pi\u0119knych, piaszczystych pla\u017c, malowniczych krajobraz\u00f3w oraz\u00a0spokojnej atmosfery sprzyjaj\u0105cej wypoczynkowi. Jest ch\u0119tnie odwiedzana przez turyst\u00f3w, kt\u00f3rzy mog\u0105 korzysta\u0107 z\u00a0licznych atrakcji, takich jak sporty wodne, \u015bcie\u017cki rowerowe, siatk\u00f3wka czy\u00a0spacery po\u00a0molo. Jurata to\u00a0tak\u017ce miejsce o\u00a0bogatej historii i\u00a0wyj\u0105tkowym klimacie, kt\u00f3re od\u00a0lat przyci\u0105ga zar\u00f3wno mi\u0142o\u015bnik\u00f3w aktywnego wypoczynku, jak i\u00a0osoby szukaj\u0105ce spokojniejszych form relaksu. &#13;\n<\/p>\n<p>&#13;<br \/>\n   Czytaj te\u017c:<br \/><a href=\"https:\/\/dorzeczy.pl\/opinie\/932464\/odwieczny-baltyk.html\" rel=\"follow nofollow noopener\" data-schema=\"DORZECZY\" data-image=\"https:\/\/img.dorzeczy.pl\/_thumb\/5a\/a2\/55d8e973b4f59a2a4066a3a1cbba.jpeg\" target=\"_blank\">Odwieczny Ba\u0142tyk<\/a>   Czytaj te\u017c:<br \/><a href=\"https:\/\/dorzeczy.pl\/kraj\/933844\/skolim-wystapi-w-juracie-ujawniono-plan-wydarzenia-z-udzialem-nawrockiego.html\" rel=\"follow nofollow noopener\" data-schema=\"DORZECZY\" data-image=\"https:\/\/img.dorzeczy.pl\/_thumb\/3f\/e0\/12b79a665xx02f63ab14db135342.jpeg\" target=\"_blank\">To on wyst\u0105pi u\u00a0prezydenta. Nowe szczeg\u00f3\u0142y wydarzenia<\/a> &#13;<\/p>\n","protected":false},"excerpt":{"rendered":"&#13; 29 i\u00a030 sierpnia w\u00a0Rezydencji Prezydenta RP w\u00a0Juracie odb\u0119dzie si\u0119 wydarzenie z\u00a0udzia\u0142em prezydenta Karola Nawrockiego przygotowane z\u00a0my\u015bl\u0105 o\u00a0m\u0142odych.&hellip;\n","protected":false},"author":2,"featured_media":648462,"comment_status":"","ping_status":"","sticky":false,"template":"","format":"standard","meta":{"footnotes":"","_share_on_mastodon":"0"},"categories":[62712],"tags":[31838,3139,98,20977,101779,690,49,78243,1005,126700,127,6258],"class_list":["post-648461","post","type-post","status-publish","format-standard","has-post-thumbnail","category-karol-nawrocki","tag-atrakcje","tag-baltyk","tag-dorzeczy","tag-hel","tag-jurata","tag-karol-nawrocki","tag-kraj","tag-perla","tag-prezydent","tag-przyszlosc-pl","tag-sport","tag-weekend"],"share_on_mastodon":{"url":"https:\/\/pubeurope.com\/@pl\/117163831376274848","error":""},"_links":{"self":[{"href":"https:\/\/www.europesays.com\/pl\/wp-json\/wp\/v2\/posts\/648461","targetHints":{"allow":["GET"]}}],"collection":[{"href":"https:\/\/www.europesays.com\/pl\/wp-json\/wp\/v2\/posts"}],"about":[{"href":"https:\/\/www.europesays.com\/pl\/wp-json\/wp\/v2\/types\/post"}],"author":[{"embeddable":true,"href":"https:\/\/www.europesays.com\/pl\/wp-json\/wp\/v2\/users\/2"}],"replies":[{"embeddable":true,"href":"https:\/\/www.europesays.com\/pl\/wp-json\/wp\/v2\/comments?post=648461"}],"version-history":[{"count":0,"href":"https:\/\/www.europesays.com\/pl\/wp-json\/wp\/v2\/posts\/648461\/revisions"}],"wp:featuredmedia":[{"embeddable":true,"href":"https:\/\/www.europesays.com\/pl\/wp-json\/wp\/v2\/media\/648462"}],"wp:attachment":[{"href":"https:\/\/www.europesays.com\/pl\/wp-json\/wp\/v2\/media?parent=648461"}],"wp:term":[{"taxonomy":"category","embeddable":true,"href":"https:\/\/www.europesays.com\/pl\/wp-json\/wp\/v2\/categories?post=648461"},{"taxonomy":"post_tag","embeddable":true,"href":"https:\/\/www.europesays.com\/pl\/wp-json\/wp\/v2\/tags?post=648461"}],"curies":[{"name":"wp","href":"https:\/\/api.w.org\/{rel}","templated":true}]}}