{"id":648497,"date":"2026-08-26T21:23:09","date_gmt":"2026-08-26T21:23:09","guid":{"rendered":"https:\/\/www.europesays.com\/pl\/648497\/"},"modified":"2026-08-26T21:23:09","modified_gmt":"2026-08-26T21:23:09","slug":"nowa-inicjatywa-w-ue-bez-polski-domanski-nie-ma-co-sie-obrazac","status":"publish","type":"post","link":"https:\/\/www.europesays.com\/pl\/648497\/","title":{"rendered":"Nowa inicjatywa w UE bez Polski. Doma\u0144ski: Nie ma co si\u0119 obra\u017ca\u0107"},"content":{"rendered":"\n<p>&#13;<br \/>\nGrupa b\u0119dzie skupia\u0107 ekonomist\u00f3w, przedsi\u0119biorc\u00f3w i\u00a0przedstawicieli \u015bwiata finans\u00f3w. Jej zadaniem b\u0119dzie wypracowanie rekomendacji dotycz\u0105cych konkurencyjno\u015bci Europy. W\u00a0sk\u0142ad gremium wejdzie ponad 50 ekspert\u00f3w. Niemal wszyscy to\u00a0przedstawiciele pa\u0144stw Europy Zachodniej. Tylko jedna osoba, by\u0142y prezydent Estonii Toomas Hendrik Ilves b\u0119dzie reprezentowa\u0142a nasz\u0105 cz\u0119\u015b\u0107 kontynentu. Jak ten fakt skomentowa\u0142 minister finans\u00f3w Andrzej Doma\u0144ski? &#13;\n<\/p>\n<p>&#13;<br \/>\n\u2013 Rozmawia\u0142em o\u00a0tym przedwczoraj z\u00a0prof. Pi\u0105tkowskim. Je\u015bli Europa Zachodnia chce bazowa\u0107 na\u00a0swoich do\u015bwiadczeniach, to\u00a0dyskusje i\u00a0potencjalne wnioski b\u0119d\u0105 ubo\u017csze. To\u00a0jest tak, jak gdyby chciano dyskutowa\u0107 o\u00a0wzro\u015bcie gospodarczym w\u00a0Azji bez udzia\u0142u Korei P\u0142d. Ale\u00a0nie\u00a0ma\u00a0co si\u0119 obra\u017ca\u0107. To\u00a0nie jest oficjalna grupa, zainicjowana przez KE. To\u00a0nieformalna inicjatywa. Mo\u017cemy ich zach\u0119ca\u0107 do\u00a0tego, \u017ceby korzystali z\u00a0do\u015bwiadcze\u0144 polskich przedsi\u0119biorc\u00f3w. Ale\u00a0nie\u00a0mo\u017cemy ich do\u00a0niczego zmusza\u0107 \u2013\u00a0powiedzia\u0142. &#13;\n<\/p>\n<p>Raport Draghiego<\/p>\n<p>&#13;<br \/>\nJesieni\u0105 2024 roku g\u0142o\u015bno by\u0142o o\u00a0dokumencie przygotowanym przez by\u0142ego prezesa Europejskiego Banku Centralnego Mario Draghiego, omawiaj\u0105cym konkurencyjno\u015b\u0107 Europy. Wskazano w\u00a0nim, \u017ce\u00a0Europejczycy nie\u00a0potrafi\u0105 ju\u017c konkurowa\u0107 z\u00a0firmami ze\u00a0Stan\u00f3w Zjednoczonych czy\u00a0Chin. &#13;\n<\/p>\n<p>&#13;<br \/>\n<a href=\"https:\/\/dorzeczy.pl\/ekonomia\/631772\/gospodarka-ue-w-zapasci-jest-raport-draghiego.html\" title=\"\u201eWyzwanie egzystencjalne\u201d. Mia\u017cd\u017c\u0105cy raport o\u00a0kondycji UE\" rel=\"nofollow noopener\" target=\"_blank\">W raporcie stwierdzono<\/a>, \u017ce\u00a0UE zostaje w\u00a0tyle za\u00a0rozwijaj\u0105cymi si\u0119 pot\u0119gami gospodarczymi \u2013\u00a0USA i\u00a0Chinami. Draghi stwierdza, \u017ce\u00a0bez zainwestowania oko\u0142o 800 mld euro rocznie gospodarka Unii Europejskiej nie\u00a0b\u0119dzie w\u00a0stanie wytrzyma\u0107 konkurencji. By\u0142y szef EBC okre\u015bla to\u00a0&#8222;wyzwaniem egzystencjalnym&#8221;. Zaznacza, \u017ce\u00a0bez takich nak\u0142ad\u00f3w decydenci w\u00a0UE b\u0119d\u0105 &#8222;zmuszeni p\u00f3j\u015b\u0107 na\u00a0kompromis w\u00a0kwestii dobrobytu, \u015brodowiska albo w\u0142asnej wolno\u015bci&#8221;. &#13;\n<\/p>\n<p>&#13;<br \/>\nBy\u0142y prezes EBC domaga si\u0119 zdecydowanych reform i\u00a0postawienia na\u00a0produktywno\u015b\u0107. &#8222;Je\u015bli Europa nie\u00a0mo\u017ce sta\u0107 si\u0119 bardziej produktywna, b\u0119dziemy zmuszeni dokona\u0107 wyboru. Nie\u00a0b\u0119dziemy w\u00a0stanie od\u00a0razu sta\u0107 si\u0119 liderem w\u00a0dziedzinie nowych technologii, symbolem odpowiedzialno\u015bci klimatycznej i\u00a0niezale\u017cnym graczem na\u00a0arenie \u015bwiatowej. Nie\u00a0b\u0119dziemy w\u00a0stanie sfinansowa\u0107 naszego modelu spo\u0142ecznego. B\u0119dziemy musieli ograniczy\u0107 niekt\u00f3re, je\u015bli nie\u00a0wszystkie, nasze ambicje&#8221; \u2013\u00a0ostrzega autor dokumentu zam\u00f3wionego przez KE. &#13;\n<\/p>\n<p>&#13;<br \/>\n   Czytaj te\u017c:<br \/><a href=\"https:\/\/dorzeczy.pl\/swiat\/934102\/zelenski-podziekowal-nawrockiemu-pisze-o-ue-i-nato.html\" rel=\"follow nofollow noopener\" data-schema=\"DORZECZY\" data-image=\"https:\/\/img.dorzeczy.pl\/_thumb\/7c\/6e\/5aabda005a512ed98b6b1836d97b.jpeg\" target=\"_blank\">Ze\u0142enski podzi\u0119kowa\u0142 Nawrockiemu. Pisze o\u00a0&#8222;wsp\u00f3lnej przysz\u0142o\u015bci w\u00a0UE i\u00a0NATO&#8221;<\/a>   Czytaj te\u017c:<br \/><a href=\"https:\/\/dorzeczy.pl\/opinie\/934000\/niemcy-i-migracja-gmyz-przypomnial-kiedy-afd-bronilo-polski.html\" rel=\"follow nofollow noopener\" data-schema=\"DORZECZY\" data-image=\"https:\/\/img.dorzeczy.pl\/_thumb\/56\/df\/142b96fb62712cae6d93b5b675ab.jpeg\" target=\"_blank\">Wtedy AfD broni\u0142o Polski. Dziennikarz przypomina<\/a>&#13;<\/p>\n","protected":false},"excerpt":{"rendered":"&#13; Grupa b\u0119dzie skupia\u0107 ekonomist\u00f3w, przedsi\u0119biorc\u00f3w i\u00a0przedstawicieli \u015bwiata finans\u00f3w. Jej zadaniem b\u0119dzie wypracowanie rekomendacji dotycz\u0105cych konkurencyjno\u015bci Europy. W\u00a0sk\u0142ad&hellip;\n","protected":false},"author":2,"featured_media":648498,"comment_status":"","ping_status":"","sticky":false,"template":"","format":"standard","meta":{"footnotes":"","_share_on_mastodon":"0"},"categories":[16],"tags":[113,112,389,98,126980,126981,49,601,102,42,38,40,39,41],"class_list":["post-648497","post","type-post","status-publish","format-standard","has-post-thumbnail","category-biznes","tag-biznes","tag-business","tag-domanski","tag-dorzeczy","tag-draghi","tag-grupa-renu","tag-kraj","tag-marcin-bugaj","tag-opinie","tag-pl","tag-poland","tag-polish","tag-polska","tag-polski"],"share_on_mastodon":{"url":"","error":""},"_links":{"self":[{"href":"https:\/\/www.europesays.com\/pl\/wp-json\/wp\/v2\/posts\/648497","targetHints":{"allow":["GET"]}}],"collection":[{"href":"https:\/\/www.europesays.com\/pl\/wp-json\/wp\/v2\/posts"}],"about":[{"href":"https:\/\/www.europesays.com\/pl\/wp-json\/wp\/v2\/types\/post"}],"author":[{"embeddable":true,"href":"https:\/\/www.europesays.com\/pl\/wp-json\/wp\/v2\/users\/2"}],"replies":[{"embeddable":true,"href":"https:\/\/www.europesays.com\/pl\/wp-json\/wp\/v2\/comments?post=648497"}],"version-history":[{"count":0,"href":"https:\/\/www.europesays.com\/pl\/wp-json\/wp\/v2\/posts\/648497\/revisions"}],"wp:featuredmedia":[{"embeddable":true,"href":"https:\/\/www.europesays.com\/pl\/wp-json\/wp\/v2\/media\/648498"}],"wp:attachment":[{"href":"https:\/\/www.europesays.com\/pl\/wp-json\/wp\/v2\/media?parent=648497"}],"wp:term":[{"taxonomy":"category","embeddable":true,"href":"https:\/\/www.europesays.com\/pl\/wp-json\/wp\/v2\/categories?post=648497"},{"taxonomy":"post_tag","embeddable":true,"href":"https:\/\/www.europesays.com\/pl\/wp-json\/wp\/v2\/tags?post=648497"}],"curies":[{"name":"wp","href":"https:\/\/api.w.org\/{rel}","templated":true}]}}