{"id":648507,"date":"2026-08-26T21:28:11","date_gmt":"2026-08-26T21:28:11","guid":{"rendered":"https:\/\/www.europesays.com\/pl\/648507\/"},"modified":"2026-08-26T21:28:11","modified_gmt":"2026-08-26T21:28:11","slug":"wazne-przesluchanie-coraz-blizej-chodzi-o-nawrockiego-i-kawalerke","status":"publish","type":"post","link":"https:\/\/www.europesays.com\/pl\/648507\/","title":{"rendered":"Wa\u017cne przes\u0142uchanie coraz bli\u017cej. Chodzi o Nawrockiego i kawalerk\u0119"},"content":{"rendered":"\n<p>&#13;<br \/>\nDok\u0142adny termin nie\u00a0zosta\u0142 jeszcze wyznaczony. \u2013\u00a0Na\u00a0ten moment dok\u0142adna data przes\u0142uchania notariusza nie\u00a0zosta\u0142a wyznaczona, ale\u00a0ta\u00a0czynno\u015b\u0107 powinna zosta\u0107 przeprowadzona do\u00a0po\u0142owy wrze\u015bnia \u2013\u00a0przekazali Onetowi przedstawiciele Prokuratury Okr\u0119gowej w\u00a0Gda\u0144sku. &#13;\n<\/p>\n<p>Prokuratura chcia\u0142a zwolnienia z\u00a0tajemnicy<\/p>\n<p>&#13;<br \/>\nO mo\u017cliwo\u015b\u0107 przes\u0142uchania notariusza zabiega\u0142a Prokuratura Rejonowa Gda\u0144sk-\u015ar\u00f3dmie\u015bcie. \u015aledczy wskazywali, \u017ce\u00a0posiadane przez niego informacje mog\u0105 mie\u0107 istotne znaczenie dla\u00a0prowadzonego post\u0119powania. 26 czerwca S\u0105d Rejonowy Gda\u0144sk-P\u00f3\u0142noc zwolni\u0142 notariusza z\u00a0obowi\u0105zku zachowania tajemnicy notarialnej i\u00a0zezwoli\u0142 na\u00a0przes\u0142uchanie go\u00a0w\u00a0charakterze \u015bwiadka. &#13;\n<\/p>\n<p>&#13;<br \/>\nPostanowienie nie\u00a0by\u0142o w\u00f3wczas prawomocne, dlatego termin przes\u0142uchania nie\u00a0m\u00f3g\u0142 zosta\u0107 ustalony. &#13;\n<\/p>\n<p>Notariusz z\u0142o\u017cy\u0142 za\u017calenie<\/p>\n<p>&#13;<br \/>\nNotariusz odwo\u0142a\u0142 si\u0119 od\u00a0decyzji o\u00a0zwolnieniu go\u00a0z\u00a0tajemnicy zawodowej. Jego za\u017calenie zosta\u0142o jednak odrzucone. S\u0105d Okr\u0119gowy w\u00a0Gda\u0144sku utrzyma\u0142 w\u00a0mocy wcze\u015bniejsze postanowienie s\u0105du rejonowego. Decyzja jest prawomocna i\u00a0nie podlega zaskar\u017ceniu. \u2013\u00a0Nie\u00a0uwzgl\u0119dni\u0142 tego za\u017calenia i\u00a0utrzyma\u0142 w\u00a0mocy postanowienie s\u0105du rejonowego. To\u00a0postanowienie jest ju\u017c prawomocne, niezaskar\u017calne. Oznacza to, \u017ce\u00a0w\u00a0post\u0119powaniu przygotowawczym prowadzonym przez prokuratur\u0119 rejonow\u0105 nie\u00a0zachodz\u0105 obecnie przeszkody ku\u00a0temu, aby\u00a0przes\u0142ucha\u0107 tego \u015bwiadka \u2013\u00a0informowa\u0142 rzecznik prasowy S\u0105du Okr\u0119gowego w\u00a0Gda\u0144sku \u0141ukasz Zio\u0142a. &#13;\n<\/p>\n<p>&#13;<br \/>\nNotariusz b\u0119dzie wi\u0119c musia\u0142 stawi\u0107 si\u0119 na\u00a0przes\u0142uchanie w\u00a0gda\u0144skiej prokuraturze i\u00a0odpowiedzie\u0107 na\u00a0pytania \u015bledczych. &#13;\n<\/p>\n<p>Przes\u0142uchanie do\u00a0po\u0142owy wrze\u015bnia<\/p>\n<p>&#13;<br \/>\nDok\u0142adna data przes\u0142uchania nie\u00a0zosta\u0142a jeszcze ustalona. Wed\u0142ug informacji przekazanych przez Prokuratur\u0119 Okr\u0119gow\u0105 w\u00a0Gda\u0144sku czynno\u015b\u0107 ma\u00a0zosta\u0107 przeprowadzona do\u00a0po\u0142owy wrze\u015bnia. Od\u00a0tego przes\u0142uchania zale\u017cy r\u00f3wnie\u017c decyzja dotycz\u0105ca kolejnych czynno\u015bci w\u00a0post\u0119powaniu. \u015aledczy ju\u017c wcze\u015bniej informowali, \u017ce\u00a0po\u00a0uzyskaniu zezna\u0144 notariusza prokurator zdecyduje, czy\u00a0istniej\u0105 podstawy do\u00a0przes\u0142uchania prezydenta Karola Nawrockiego. &#13;\n<\/p>\n<p>&#13;<br \/>\nJak przekazywali w\u00a0lipcu, po\u00a0przes\u0142uchaniu notariusza &#8222;prokurator rozwa\u017cy zasadno\u015b\u0107 przes\u0142uchania w\u00a0charakterze \u015bwiadka prezydenta Karola Nawrockiego&#8221;. &#13;\n<\/p>\n<p>&#13;<br \/>\n   Czytaj te\u017c:<br \/><a href=\"https:\/\/dorzeczy.pl\/kraj\/918118\/opiekunka-jerzego-z-trafila-do-wiezienia-za-oszustwo.html\" rel=\"follow nofollow noopener\" data-schema=\"DORZECZY\" data-image=\"https:\/\/img.dorzeczy.pl\/_thumb\/f1\/29\/7d959e1599a483882762f2c655f8.jpeg\" target=\"_blank\">Zyska\u0142a rozg\u0142os, atakuj\u0105c Nawrockiego. Opiekunka Jerzego \u017b. trafi\u0142a za\u00a0kratki<\/a>&#13;<\/p>\n","protected":false},"excerpt":{"rendered":"&#13; Dok\u0142adny termin nie\u00a0zosta\u0142 jeszcze wyznaczony. \u2013\u00a0Na\u00a0ten moment dok\u0142adna data przes\u0142uchania notariusza nie\u00a0zosta\u0142a wyznaczona, ale\u00a0ta\u00a0czynno\u015b\u0107 powinna zosta\u0107 przeprowadzona&hellip;\n","protected":false},"author":2,"featured_media":648508,"comment_status":"","ping_status":"","sticky":false,"template":"","format":"standard","meta":{"footnotes":"","_share_on_mastodon":"0"},"categories":[62712],"tags":[98,1048,16212,690,126982,49,14825,3796,103,1627,3992,1389,117015],"class_list":["post-648507","post","type-post","status-publish","format-standard","has-post-thumbnail","category-karol-nawrocki","tag-dorzeczy","tag-gdansk","tag-jerzy-z","tag-karol-nawrocki","tag-kawalerka-pana-jerzego","tag-kraj","tag-marta-nawrocka","tag-notariusz","tag-obserwator-mediow","tag-prokuratura","tag-przesluchanie","tag-sledztwo","tag-tajemnica-notarialna"],"share_on_mastodon":{"url":"https:\/\/pubeurope.com\/@pl\/117163937148979738","error":""},"_links":{"self":[{"href":"https:\/\/www.europesays.com\/pl\/wp-json\/wp\/v2\/posts\/648507","targetHints":{"allow":["GET"]}}],"collection":[{"href":"https:\/\/www.europesays.com\/pl\/wp-json\/wp\/v2\/posts"}],"about":[{"href":"https:\/\/www.europesays.com\/pl\/wp-json\/wp\/v2\/types\/post"}],"author":[{"embeddable":true,"href":"https:\/\/www.europesays.com\/pl\/wp-json\/wp\/v2\/users\/2"}],"replies":[{"embeddable":true,"href":"https:\/\/www.europesays.com\/pl\/wp-json\/wp\/v2\/comments?post=648507"}],"version-history":[{"count":0,"href":"https:\/\/www.europesays.com\/pl\/wp-json\/wp\/v2\/posts\/648507\/revisions"}],"wp:featuredmedia":[{"embeddable":true,"href":"https:\/\/www.europesays.com\/pl\/wp-json\/wp\/v2\/media\/648508"}],"wp:attachment":[{"href":"https:\/\/www.europesays.com\/pl\/wp-json\/wp\/v2\/media?parent=648507"}],"wp:term":[{"taxonomy":"category","embeddable":true,"href":"https:\/\/www.europesays.com\/pl\/wp-json\/wp\/v2\/categories?post=648507"},{"taxonomy":"post_tag","embeddable":true,"href":"https:\/\/www.europesays.com\/pl\/wp-json\/wp\/v2\/tags?post=648507"}],"curies":[{"name":"wp","href":"https:\/\/api.w.org\/{rel}","templated":true}]}}