{"id":648531,"date":"2026-08-26T21:44:28","date_gmt":"2026-08-26T21:44:28","guid":{"rendered":"https:\/\/www.europesays.com\/pl\/648531\/"},"modified":"2026-08-26T21:44:28","modified_gmt":"2026-08-26T21:44:28","slug":"campus-polska-2026-rafal-trzaskowski-o-swoim-wizerunku-po-wyborach","status":"publish","type":"post","link":"https:\/\/www.europesays.com\/pl\/648531\/","title":{"rendered":"Campus Polska 2026. Rafa\u0142 Trzaskowski o swoim wizerunku po wyborach"},"content":{"rendered":"<p>Campus Polska po raz pi\u0105ty. Trzaskowski poda\u0142 szczeg\u00f3\u0142y<\/p>\n<p class=\"font-primary mb-8 text-lg leading-[1.55] [&amp;_a]:text-[#23437D] [&amp;_a]:underline [&amp;_a]:font-bold\">Podczas \u015brodowej konferencji prasowej poprzedzaj\u0105cej<br \/>\notwarcie &#8222;Campus Polska Przysz\u0142o\u015bci&#8221;\u00a0prezydent Warszawy i wiceszef Koalicji Obywatelskiej<br \/>\nRafa\u0142 Trzaskowski przedstawi\u0142 skal\u0119 tegorocznej edycji wydarzenia. Do<br \/>\nOlsztyna przyjedzie oko\u0142o tysi\u0105ca m\u0142odych uczestnik\u00f3w, a w roli<br \/>\nprelegent\u00f3w wyst\u0105pi 240 os\u00f3b. W programie znalaz\u0142o si\u0119 120 wydarze\u0144.<\/p>\n<p class=\"font-primary mb-8 text-lg leading-[1.55] [&amp;_a]:text-[#23437D] [&amp;_a]:underline [&amp;_a]:font-bold\">&#8211; Dla mnie wa\u017cna jest jedna rzecz &#8211; \u017ce to jest formu\u0142a<br \/>\nca\u0142kowicie otwarta, kt\u00f3ra cieszy si\u0119 bardzo du\u017cym zainteresowaniem, bo ponad<br \/>\n3,5 tys. m\u0142odych ludzi aplikowa\u0142o, \u017ceby by\u0107 z nami. To formu\u0142a, kt\u00f3ra na sta\u0142e<br \/>\nwpisa\u0142a si\u0119 w kalendarz spo\u0142eczno-polityczny Polski, z czego wszyscy jeste\u015bmy<br \/>\nbardzo dumni. Dlatego \u017ce w polityce wa\u017cna jest determinacja, ale wa\u017cna r\u00f3wnie\u017c<br \/>\njest zdolno\u015b\u0107 do kontynuacji tego, co si\u0119 raz zacz\u0119\u0142o i st\u0105d pi\u0105ta edycja &#8211;<br \/>\nwskaza\u0142 Trzaskowski.<\/p>\n<p>Trzaskowski pytany o odbudow\u0119 wizerunku. Tak odpowiedzia\u0142<\/p>\n<p class=\"font-primary mb-8 text-lg leading-[1.55] [&amp;_a]:text-[#23437D] [&amp;_a]:underline [&amp;_a]:font-bold\">Prezydent stolicy by\u0142 pytany przez dziennikarzy m.in. o to,<br \/>\nczy Campus pomo\u017ce mu odbudowa\u0107 wizerunek po do\u015bwiadczeniach wyborczych i tzw.<br \/>\naferze Szpitala Po\u0142udniowego w Warszawie. Odpowiedzia\u0142, \u017ce codziennie bardzo<br \/>\nci\u0119\u017cko pracuje w Warszawie, a od rana zajmowa\u0142 si\u0119 przede wszystkim tym, \u017ceby<br \/>\nwszystkie remonty sko\u0144czy\u0142y si\u0119 o czasie. Podkre\u015bla\u0142, \u017ce Campus nie jest<br \/>\ndora\u017an\u0105 imprez\u0105 i odbywa si\u0119 niezale\u017cnie pod tego, czy id\u0105 wybory, czy jest po<br \/>\nwyborach.<\/p>\n<p class=\"text-dark text-center text-lg leading-[1.35] font-semibold italic md:!text-2xl\">Ja wielokrotnie s\u0142ysza\u0142em tego typu pytania: czy Campus jest po to, \u017ceby kto\u015b z nas osi\u0105gn\u0105\u0142 jaki\u015b cel? Przez pi\u0119\u0107 lat pokazali\u015bmy, \u017ce Campus Polska Przysz\u0142o\u015bci jest przede wszystkim dla m\u0142odych ludzi. Jest po to, \u017ceby pom\u00f3c im zaanga\u017cowa\u0107 si\u0119 spo\u0142ecznie i politycznie, \u017ceby\u015bmy my si\u0119 te\u017c mogli przez ca\u0142y czas uczy\u0107 od nich tego, co jest najwa\u017cniejsze<\/p>\n<p>Rafa\u0142 TrzaskowskiRedakcja polecaNitras por\u00f3wna\u0142 Campus Polska z inicjatyw\u0105 Nawrockich w Juracie<\/p>\n<p class=\"font-primary mb-8 text-lg leading-[1.55] [&amp;_a]:text-[#23437D] [&amp;_a]:underline [&amp;_a]:font-bold\">Ministra edukacji Barbara Nowacka podkre\u015bli\u0142a, \u017ce w polityce<br \/>\nliczy si\u0119 konsekwencja i odwaga, \u017ceby pracowa\u0107 z m\u0142odymi lud\u017ami i w\u0142\u0105cza\u0107 ich w<br \/>\npolityk\u0119 &#8211; bez wzgl\u0119du na to, czy jest si\u0119 w opozycji, czy si\u0119 rz\u0105dzi. W jej<br \/>\nocenie, Campus sta\u0142 si\u0119 dla innych w Polsce pewnym wzorcem do na\u015bladowania.<br \/>\nDeklarowa\u0142a, \u017ce organizatorzy tego wydarzenia nie boj\u0105 si\u0119 trudnych pyta\u0144.<\/p>\n<p class=\"text-dark text-center text-lg leading-[1.35] font-semibold italic md:!text-2xl\">Za rok wybory i traktujemy ten Campus jako pocz\u0105tek tego naszego koalicyjnego, wielkiej koalicji demokratycznej bicia si\u0119 o Polsk\u0119<\/p>\n<p>Barbara Nowacka<\/p>\n<p class=\"font-primary mb-8 text-lg leading-[1.55] [&amp;_a]:text-[#23437D] [&amp;_a]:underline [&amp;_a]:font-bold\">Pose\u0142 S\u0142awomir Nitras deklarowa\u0142, \u017ce finansowanie Campusu<br \/>\njest transparentne. &#8211; Jestem dumny z tego, \u017ce nigdy \u017cadna ani Zondacrypto,<br \/>\nani \u017cadne gie\u0142dy kryptowalut nie wspiera\u0142y naszego projektu &#8211; stwierdzi\u0142.\u00a0<\/p>\n<p class=\"font-primary mb-8 text-lg leading-[1.55] [&amp;_a]:text-[#23437D] [&amp;_a]:underline [&amp;_a]:font-bold\">Nitras odni\u00f3s\u0142 si\u0119 inicjatywy prezydenta Karola Nawrockiego<br \/>\ni jego ma\u0142\u017conki Marty, r\u00f3wnie\u017c skierowanej do m\u0142odych, kt\u00f3rzy zaprosili<br \/>\nm\u0142odzie\u017c do swojej rezydencji w Juracie na P\u00f3\u0142wyspie Helskim. Deklarowa\u0142, \u017ce<br \/>\nCampus Polska nie jest finansowany przez Skarb Pa\u0144stwa.<\/p>\n<p class=\"text-dark text-center text-lg leading-[1.35] font-semibold italic md:!text-2xl\">My mo\u017cemy nazwa\u0107 si\u0119 Campus Polska Przysz\u0142o\u015bci, bo to jest symbol pewnej uczciwo\u015bci, bo chcemy Polski w przysz\u0142o\u015bci uczciwej. A ta impreza, kt\u00f3ra odbywa si\u0119 w Juracie powinna si\u0119 nazywa\u0107 Campus Zondacrypto, bo tam ka\u017cdy ma te \u0142apy umaczane w tym interesie<\/p>\n<p>S\u0142awomir Nitras<img alt=\"Rafa\u0142 Trzaskowski i politycy KO na otwarciu Campus Polska 2026\" loading=\"lazy\" width=\"1036\" height=\"584\" decoding=\"async\" data-nimg=\"1\" style=\"color:transparent\"   src=\"https:\/\/www.europesays.com\/pl\/wp-content\/uploads\/2026\/08\/1787780668_882_thumbnails.webp\"\/><\/p>\n<p class=\"font-inter text-[12px] sm:text-base font-semibold leading-[125%] text-[#000]\">Rafa\u0142 Trzaskowski i politycy KO na otwarciu Campus Polska 2026\/ Foto: Tomasz Waszczuk\/PAP<\/p>\n<p>Tusk, ministrowie i zagraniczni go\u015bcie. Kto pojawi si\u0119 na wydarzeniu?<\/p>\n<p class=\"font-primary mb-8 text-lg leading-[1.55] [&amp;_a]:text-[#23437D] [&amp;_a]:underline [&amp;_a]:font-bold\">Wed\u0142ug organizator\u00f3w tegoroczny program Campusu skupia si\u0119<br \/>\nna trzech obszarach:<br \/>&#8211; Polska, Europa, \u015awiat: geopolityka, bezpiecze\u0144stwo i rola<br \/>\nPolski w strukturach mi\u0119dzynarodowych<br \/>&#8211; Polska Mo\u017cliwo\u015bci: innowacyjne pa\u0144stwo budowane na dialogu<br \/>\nnauki, biznesu i aktywizmu<br \/>&#8211; Odporno\u015b\u0107 jutra: reagowanie na kryzysy, dezinformacj\u0119 i<br \/>\nwyzwania przysz\u0142o\u015bci<\/p>\n<p class=\"font-primary mb-8 text-lg leading-[1.55] [&amp;_a]:text-[#23437D] [&amp;_a]:underline [&amp;_a]:font-bold\">Opr\u00f3cz debat i paneli odb\u0119d\u0105 si\u0119 warsztaty z udzia\u0142em<br \/>\npolityk\u00f3w, ekspert\u00f3w, aktywist\u00f3w, samorz\u0105dowc\u00f3w, publicyst\u00f3w i artyst\u00f3w. W<br \/>\nprogramie pierwszego dnia s\u0105 m.in. spotkania z laureatem pokojowej nagrody<br \/>\nNobla, bia\u0142oruskim obro\u0144c\u0105 praw cz\u0142owieka Alesiem Bialackim, a tak\u017ce z<br \/>\nszefem MSWiA Marcinem Kierwi\u0144skim.<\/p>\n<p>Redakcja poleca<\/p>\n<p class=\"font-primary mb-8 text-lg leading-[1.55] [&amp;_a]:text-[#23437D] [&amp;_a]:underline [&amp;_a]:font-bold\">W\u015br\u00f3d go\u015bci trwaj\u0105cego do 26 do 30 sierpnia Campusu b\u0119d\u0105<br \/>\ncz\u0142onkowie rz\u0105du: premier Donald Tusk, wicepremier, szef MON W\u0142adys\u0142aw<br \/>\nKosiniak-Kamysz, minister sprawiedliwo\u015bci Waldemar \u017burek, minister<br \/>\nenergii Mi\u0142osz Motyka, ministra rodziny, pracy i polityki spo\u0142ecznej Agnieszka<br \/>\nDziemanowicz-B\u0105k, wiceministrowie obrony Cezary Tomczyk i Magdalena<br \/>\nSobkowiak-Czarnecka czy pe\u0142nomocniczka rz\u0105du ds. r\u00f3wno\u015bci Katarzyna<br \/>\nKotula.<\/p>\n<p class=\"font-primary mb-8 text-lg leading-[1.55] [&amp;_a]:text-[#23437D] [&amp;_a]:underline [&amp;_a]:font-bold\">Z uczestnikami spotkaj\u0105 si\u0119 te\u017c m.in. marsza\u0142ek Sejmu W\u0142odzimierz<br \/>\nCzarzasty i marsza\u0142ek Senatu Ma\u0142gorzata Kidawa-B\u0142o\u0144ska, dziennikarz<br \/>\ni dzia\u0142acz mniejszo\u015bci polskiej na Bia\u0142orusi Andrzej Poczobut, w\u0119gierski<br \/>\nminister kultury oraz wiceprzewodnicz\u0105cy partii TISZA Zoltan Tarr oraz<br \/>\nameryka\u0144ski strateg polityczny, by\u0142y dyrektor polityczny w administracji<br \/>\nprezydenta Baracka Obamy, Patrick Gaspard.<\/p>\n<p>Campus Polska wraca do Olsztyna po rocznej przerwie<\/p>\n<p class=\"font-primary mb-8 text-lg leading-[1.55] [&amp;_a]:text-[#23437D] [&amp;_a]:underline [&amp;_a]:font-bold\">Projekt &#8222;Campus Polska Przysz\u0142o\u015bci&#8221; zainaugurowany zosta\u0142 w<br \/>\n2021 r. By\u0142 inicjatyw\u0105 Ruchu Wsp\u00f3lna Polska powsta\u0142ego jesieni\u0105 2020 r. wok\u00f3\u0142<br \/>\nRafa\u0142a Trzaskowskiego po kampanii prezydenckiej. Campus wraca do Olsztyna po<br \/>\nrocznej przerwie. W 2025 r., po przegranych przez Trzaskowskiego wyborach na<br \/>\nprezydenta RP, zorganizowano w Mi\u0119dzyzdrojach okrojon\u0105 wersj\u0119 wydarzenia &#8211;<br \/>\nCampus Academy.<\/p>\n<p class=\"font-primary mb-8 text-lg leading-[1.55] [&amp;_a]:text-[#23437D] [&amp;_a]:underline [&amp;_a]:font-bold\">Organizator &#8211; Fundacja Campus Polska &#8211; okre\u015bla wydarzenie<br \/>\njako najwi\u0119kszy festiwal spo\u0142eczno-polityczny w Europie. W dotychczasowych<br \/>\nedycjach wzi\u0119\u0142o udzia\u0142 ponad 4,9 tys. uczestnik\u00f3w i ponad 1,5 tys. prelegent\u00f3w.<br \/>\nCampus odbywa si\u0119 na terenie miasteczka akademickiego Uniwersytetu<br \/>\nWarmi\u0144sko-Mazurskiego w olszty\u0144skim Kortowie.<\/p>\n<p>Redakcja poleca<\/p>\n","protected":false},"excerpt":{"rendered":"Campus Polska po raz pi\u0105ty. Trzaskowski poda\u0142 szczeg\u00f3\u0142y Podczas \u015brodowej konferencji prasowej poprzedzaj\u0105cej otwarcie &#8222;Campus Polska Przysz\u0142o\u015bci&#8221;\u00a0prezydent Warszawy&hellip;\n","protected":false},"author":2,"featured_media":648532,"comment_status":"","ping_status":"","sticky":false,"template":"","format":"standard","meta":{"footnotes":"","_share_on_mastodon":"0"},"categories":[12],"tags":[11309,2464,42,38,40,39,2462,41,2837],"class_list":["post-648531","post","type-post","status-publish","format-standard","has-post-thumbnail","category-polska","tag-barbara-nowacka","tag-koalicja-obywatelska","tag-pl","tag-poland","tag-polish","tag-polska","tag-polska-polityka","tag-polski","tag-rafal-trzaskowski"],"share_on_mastodon":{"url":"https:\/\/pubeurope.com\/@pl\/117164000361344691","error":""},"_links":{"self":[{"href":"https:\/\/www.europesays.com\/pl\/wp-json\/wp\/v2\/posts\/648531","targetHints":{"allow":["GET"]}}],"collection":[{"href":"https:\/\/www.europesays.com\/pl\/wp-json\/wp\/v2\/posts"}],"about":[{"href":"https:\/\/www.europesays.com\/pl\/wp-json\/wp\/v2\/types\/post"}],"author":[{"embeddable":true,"href":"https:\/\/www.europesays.com\/pl\/wp-json\/wp\/v2\/users\/2"}],"replies":[{"embeddable":true,"href":"https:\/\/www.europesays.com\/pl\/wp-json\/wp\/v2\/comments?post=648531"}],"version-history":[{"count":0,"href":"https:\/\/www.europesays.com\/pl\/wp-json\/wp\/v2\/posts\/648531\/revisions"}],"wp:featuredmedia":[{"embeddable":true,"href":"https:\/\/www.europesays.com\/pl\/wp-json\/wp\/v2\/media\/648532"}],"wp:attachment":[{"href":"https:\/\/www.europesays.com\/pl\/wp-json\/wp\/v2\/media?parent=648531"}],"wp:term":[{"taxonomy":"category","embeddable":true,"href":"https:\/\/www.europesays.com\/pl\/wp-json\/wp\/v2\/categories?post=648531"},{"taxonomy":"post_tag","embeddable":true,"href":"https:\/\/www.europesays.com\/pl\/wp-json\/wp\/v2\/tags?post=648531"}],"curies":[{"name":"wp","href":"https:\/\/api.w.org\/{rel}","templated":true}]}}