{"id":648595,"date":"2026-08-26T22:24:26","date_gmt":"2026-08-26T22:24:26","guid":{"rendered":"https:\/\/www.europesays.com\/pl\/648595\/"},"modified":"2026-08-26T22:24:26","modified_gmt":"2026-08-26T22:24:26","slug":"donald-tusk-zdecydowal-w-sprawie-stopni-alarmowych-chodzi-o-cala-polske","status":"publish","type":"post","link":"https:\/\/www.europesays.com\/pl\/648595\/","title":{"rendered":"Donald Tusk zdecydowa\u0142 w sprawie stopni alarmowych. Chodzi o ca\u0142\u0105 Polsk\u0119"},"content":{"rendered":"<p>Przed\u0142u\u017cone zosta\u0142y: 2. stopie\u0144 zagro\u017cenia BRAVO oraz 2. stopie\u0144 zagro\u017cenia BRAVO-CRP, kt\u00f3re obowi\u0105zuj\u0105 na terytorium ca\u0142ego kraju oraz 2. stopie\u0144 zagro\u017cenia BRAVO wobec polskiej infrastruktury energetycznej mieszcz\u0105cej si\u0119 poza granicami Rzeczypospolitej Polskiej.<\/p>\n<p>Zarz\u0105dzeniem premiera przed\u0142u\u017cone zosta\u0142o r\u00f3wnie\u017c obowi\u0105zywanie trzeciego stopnia alarmowego CHARLIE na obszarach linii kolejowych zarz\u0105dzanych przez PKP Polskie Linie Kolejowe S.A. i PKP Linia Hutnicza Szerokotorowa. Ostatni ze stopni alarmowych zosta\u0142 wprowadzony po<a href=\"https:\/\/wiadomosci.onet.pl\/kraj\/sabotaz-na-polskiej-kolei-karta-sim-i-odcisk-palca-doprowadzily-do-sprawcow\/nxqm42p\" id=\"cd0bf36c-2c8c-41e9-9889-e95e6d789b4e\" rel=\"nofollow noopener\" target=\"_blank\"> akcjach sabota\u017cu na polskiej kolei w listopadzie ubieg\u0142ego roku.<\/a>Stopie\u0144 alarmowy BRAVO i BRAVO-CRP \u2014 co oznacza?<\/p>\n<p>Stopie\u0144 alarmowy BRAVO (drugi w czterostopniowej skali) wprowadza si\u0119 w przypadku zaistnienia zwi\u0119kszonego i przewidywalnego zagro\u017cenia wyst\u0105pieniem zdarzenia o charakterze terrorystycznym. Oznacza to, \u017ce s\u0142u\u017cby maj\u0105 informacj\u0119 o potencjalnym zagro\u017ceniu, a w zwi\u0105zku z tym administracja publiczna jest zobowi\u0105zana do zachowania szczeg\u00f3lnej czujno\u015bci.<\/p>\n<p>BRAVO-CRP jest drugim z czterech stopni alarmowych okre\u015blonych w ustawie o dzia\u0142aniach antyterrorystycznych. Oznacza to, \u017ce administracja publiczna jest zobowi\u0105zana do prowadzenia wzmo\u017conego monitoringu stanu bezpiecze\u0144stwa system\u00f3w teleinformatycznych.<\/p>\n<p>Stopie\u0144 alarmowy CHARLIE<\/p>\n<p>Z kolei stopie\u0144 alarmowy CHARLIE \u2014 trzeci w czterostopniowej rosn\u0105cej skali \u2014 jest jak do tej pory najwy\u017cszym w Polsce. Oznacza m.in. wprowadzenie dy\u017cur\u00f3w, w tym os\u00f3b odpowiedzialnych za procedury w przypadku zdarze\u0144 o charakterze terrorystycznym.<\/p>\n<p class=\"ods-o-frame-in-text__paragraph\">POLECAMY: <a href=\"https:\/\/wiadomosci.onet.pl\/tylko-w-onecie\/fronty-wojny-czy-nowy-dowodca-armii-ukrainy-uchroni-nas-przed-rosja-wyjasniamy\/9nhxbk6\" id=\"b71bc7f5-fb55-43cb-ad45-e40ce8828d25\" rel=\"nofollow noopener\" target=\"_blank\">Kim jest &#8222;ga\u015bniczy&#8221; na czele ukrai\u0144skiej armii? Zas\u0142yn\u0105\u0142 brawurow\u0105 akcj\u0105<\/a><\/p>\n<p><img class=\"ods-a-photo ods-a-photo--background\" src=\"https:\/\/www.europesays.com\/pl\/wp-content\/uploads\/2026\/08\/tNXk9lBaHR0cHM6Ly9vY2RuLmV1L3B1bHNjbXMvTURBXy81MWU5ZGJhYzI2MDY1MWVkN2ViMzU3N2JhN2QyMzM1ZS5qcGeRlQLNA.jpeg\" height=\"322\" width=\"450\" alt=\"Gen. Mychaj\u0142o Drapaty\" loading=\"lazy\" fetchpriority=\"low\" decoding=\"async\"\/><\/p>\n<p>Stopnie alarmowe wprowadza, zmienia i odwo\u0142uje, w drodze zarz\u0105dzenia, Prezes Rady Ministr\u00f3w po zasi\u0119gni\u0119ciu opinii ministra w\u0142a\u015bciwego do spraw wewn\u0119trznych i szefa ABW, a w przypadkach niecierpi\u0105cych zw\u0142oki \u2014 minister w\u0142a\u015bciwy do spraw wewn\u0119trznych po zasi\u0119gni\u0119ciu opinii szefa ABW, informuj\u0105c o tym niezw\u0142ocznie Prezesa Rady Ministr\u00f3w.<\/p>\n","protected":false},"excerpt":{"rendered":"Przed\u0142u\u017cone zosta\u0142y: 2. stopie\u0144 zagro\u017cenia BRAVO oraz 2. stopie\u0144 zagro\u017cenia BRAVO-CRP, kt\u00f3re obowi\u0105zuj\u0105 na terytorium ca\u0142ego kraju oraz&hellip;\n","protected":false},"author":2,"featured_media":648596,"comment_status":"","ping_status":"","sticky":false,"template":"","format":"standard","meta":{"footnotes":"","_share_on_mastodon":"0"},"categories":[62713],"tags":[61195,1345,212,49,48,46,8250,47,952],"class_list":["post-648595","post","type-post","status-publish","format-standard","has-post-thumbnail","category-donald-tusk","tag-bottomfeed_styl","tag-donald-tusk","tag-donald_tusk","tag-kraj","tag-nat_styl","tag-omp","tag-rcb","tag-screening_general","tag-terroryzm"],"share_on_mastodon":{"url":"https:\/\/pubeurope.com\/@pl\/117164157468672053","error":""},"_links":{"self":[{"href":"https:\/\/www.europesays.com\/pl\/wp-json\/wp\/v2\/posts\/648595","targetHints":{"allow":["GET"]}}],"collection":[{"href":"https:\/\/www.europesays.com\/pl\/wp-json\/wp\/v2\/posts"}],"about":[{"href":"https:\/\/www.europesays.com\/pl\/wp-json\/wp\/v2\/types\/post"}],"author":[{"embeddable":true,"href":"https:\/\/www.europesays.com\/pl\/wp-json\/wp\/v2\/users\/2"}],"replies":[{"embeddable":true,"href":"https:\/\/www.europesays.com\/pl\/wp-json\/wp\/v2\/comments?post=648595"}],"version-history":[{"count":0,"href":"https:\/\/www.europesays.com\/pl\/wp-json\/wp\/v2\/posts\/648595\/revisions"}],"wp:featuredmedia":[{"embeddable":true,"href":"https:\/\/www.europesays.com\/pl\/wp-json\/wp\/v2\/media\/648596"}],"wp:attachment":[{"href":"https:\/\/www.europesays.com\/pl\/wp-json\/wp\/v2\/media?parent=648595"}],"wp:term":[{"taxonomy":"category","embeddable":true,"href":"https:\/\/www.europesays.com\/pl\/wp-json\/wp\/v2\/categories?post=648595"},{"taxonomy":"post_tag","embeddable":true,"href":"https:\/\/www.europesays.com\/pl\/wp-json\/wp\/v2\/tags?post=648595"}],"curies":[{"name":"wp","href":"https:\/\/api.w.org\/{rel}","templated":true}]}}