{"id":648663,"date":"2026-08-26T23:10:35","date_gmt":"2026-08-26T23:10:35","guid":{"rendered":"https:\/\/www.europesays.com\/pl\/648663\/"},"modified":"2026-08-26T23:10:35","modified_gmt":"2026-08-26T23:10:35","slug":"antycyklon-stefan-pojawi-sie-w-czwartek-nad-polska-mamy-nowa-prognoze-pogoda","status":"publish","type":"post","link":"https:\/\/www.europesays.com\/pl\/648663\/","title":{"rendered":"Antycyklon Stefan pojawi si\u0119 w czwartek nad Polsk\u0105. Mamy now\u0105 prognoz\u0119 [POGODA]"},"content":{"rendered":"<p>Poranek w wi\u0119kszo\u015bci <a href=\"https:\/\/wiadomosci.onet.pl\/polska\" id=\"905e39fa-7490-48b2-837d-2125d5230699\" rel=\"nofollow noopener\" target=\"_blank\">Polski<\/a> przyniesie ju\u017c du\u017co s\u0142o\u0144ca, cho\u0107 na p\u00f3\u0142nocy gdzieniegdzie mo\u017ce zrobi\u0107 si\u0119 mglisto, a w Tatrach niewykluczone s\u0105 s\u0142abe, zanikaj\u0105ce opady deszczu. B\u0119dzie zarazem ch\u0142odno. Termometry miejscami spadn\u0105 nieco poni\u017cej 10 st. C.Policzyli\u015bmy, kt\u00f3re miasta najgorzej znosz\u0105 upa\u0142y. Sprawd\u017a nasz ranking.<img class=\"ods-a-photo ods-a-photo--background\" src=\"https:\/\/www.europesays.com\/pl\/wp-content\/uploads\/2026\/08\/1787785833_845_PMkk9lBaHR0cHM6Ly9vY2RuLmV1L3B1bHNjbXMvTURBXy9iYTBhZWM2NzBiOTI0NDA0N2U0NDJjMTg2MmUzMDQwYS5wbmeRlQLNA.jpeg\" height=\"199\" width=\"450\" alt=\"Indeks podatno\u015bci na upa\u0142y\" loading=\"lazy\" fetchpriority=\"low\" decoding=\"async\"\/>Polska sk\u0105pana w s\u0142o\u0144cu i coraz wy\u017cszych temperaturach. Pogoda w czwartek zrobi nam niespodziank\u0119Dalsza cz\u0119\u015b\u0107 dnia od morza po g\u00f3ry przyniesie ju\u017c jednak fantastyczn\u0105, wakacyjn\u0105 <a href=\"https:\/\/wiadomosci.onet.pl\/pogoda\" id=\"3f94afd1-276c-4259-a401-8227931c3726\" rel=\"nofollow noopener\" target=\"_blank\">pogod\u0119<\/a>, z du\u017c\u0105 ilo\u015bci\u0105 s\u0142o\u0144ca i ma\u0142ym albo umiarkowanym zachmurzeniem. Nigdzie nie musimy si\u0119 obawia\u0107 deszczu czy burz.<img class=\"ods-a-photo ods-a-photo--background\" src=\"https:\/\/www.europesays.com\/pl\/wp-content\/uploads\/2026\/08\/mFwk9lBaHR0cHM6Ly9vY2RuLmV1L3B1bHNjbXMvTURBXy82YzA0MTU2NTZmYTFjYjY5NzZlODViNWMyN2QyNDUzMy5wbmeRkwXNB.jpeg\" height=\"1155\" width=\"940\" alt=\"Czwartek od morza po g\u00f3ry zapowiada si\u0119 pogodnie i ciep\u0142o, cho\u0107 bez upa\u0142\u00f3w\" loading=\"lazy\" fetchpriority=\"auto\" decoding=\"auto\" url=\"https:\/\/ocdn.eu\/pulscms\/MDA_\/6c0415656fa1cb6976e85b5c27d24533.png\" description=\"Czwartek od morza po g\u00f3ry zapowiada si\u0119 pogodnie i ciep\u0142o, cho\u0107 bez upa\u0142\u00f3w\" author=\"Arkadiusz P\u0142achta \/ Onet\" source=\"\" link=\"\"\/><\/p>\n<p>Arkadiusz P\u0142achta \/ Onet<\/p>\n<p>Czwartek od morza po g\u00f3ry zapowiada si\u0119 pogodnie i ciep\u0142o, cho\u0107 bez upa\u0142\u00f3w<\/p>\n<p>Zmian za oknami nie zapowiadamy tak\u017ce w nocy z czwartku na pi\u0105tek. Wy\u017c pozostanie blisko Polski, st\u0105d nadal w ka\u017cdym wojew\u00f3dztwie b\u0119dzie bardzo pogodnie i sucho, a na wschodzie na niebie okresami mo\u017ce nie pojawia\u0107 si\u0119 \u017cadna chmura.<\/p>\n<p>Dalszy ci\u0105g artyku\u0142u pod materia\u0142em wideo<a href=\"https:\/\/wiadomosci.onet.pl\/temperatura\" id=\"b84326d6-c8b3-4a73-990c-cff17dbc5bf7\" rel=\"nofollow noopener\" target=\"_blank\">Temperatura<\/a> b\u0119dzie wy\u017csza ni\u017c ostatnio i zarazem przyjemna, bez wi\u0119kszych anomalii. Przewidujemy od 21 st. C na Podhalu, Pomorzu Gda\u0144skim oraz w rejonie Suwa\u0142k, 24 st. C w centrum, do 26 st. C na Dolnym \u015al\u0105sku, Opolszczy\u017anie i wschodzie Ma\u0142opolski. Natomiast w nocy och\u0142odzi si\u0119 do 8-10 st. C na wschodzie i po\u0142udniowym wschodzie, 11-14 st. C w g\u0142\u0119bi kraju oraz do 15-16 st. C na zachodzie i Wybrze\u017cu.<img class=\"ods-a-photo ods-a-photo--background\" src=\"https:\/\/www.europesays.com\/pl\/wp-content\/uploads\/2026\/08\/lydk9lBaHR0cHM6Ly9vY2RuLmV1L3B1bHNjbXMvTURBXy8yNjkwNDlhYWViMjUyNWVkYjc2M2ZmM2EzNTFjOTM3YS5wbmeRkwXNB.jpeg\" height=\"760\" width=\"760\" alt=\"W czwartek z zachodu do Polski zacznie nap\u0142ywa\u0107 coraz cieplejsze powietrze\" loading=\"lazy\" fetchpriority=\"auto\" decoding=\"auto\" url=\"https:\/\/ocdn.eu\/pulscms\/MDA_\/269049aaeb2525edb763ff3a351c937a.png\" description=\"W czwartek z zachodu do Polski zacznie nap\u0142ywa\u0107 coraz cieplejsze powietrze\" author=\"meteologix.com\" source=\"\" link=\"\"\/><\/p>\n<p>meteologix.com<\/p>\n<p>W czwartek z zachodu do Polski zacznie nap\u0142ywa\u0107 coraz cieplejsze powietrze<\/p>\n<p>Wiatr powieje s\u0142abo i umiarkowanie, na zachodzie niekiedy troch\u0119 mocniej, ze wschodu i po\u0142udniowego wschodu. Warunki biometeorologiczne w czwartek w ca\u0142ej Polsce stan\u0105 si\u0119 korzystne. Cho\u0107 rano i wieczorem przewa\u017ca\u0107 ma odczucie ch\u0142odu, to ju\u017c po po\u0142udniu, niezale\u017cnie od regionu, b\u0119dzie nam komfortowo albo ciep\u0142o.<\/p>\n","protected":false},"excerpt":{"rendered":"Poranek w wi\u0119kszo\u015bci Polski przyniesie ju\u017c du\u017co s\u0142o\u0144ca, cho\u0107 na p\u00f3\u0142nocy gdzieniegdzie mo\u017ce zrobi\u0107 si\u0119 mglisto, a w&hellip;\n","protected":false},"author":2,"featured_media":648664,"comment_status":"","ping_status":"","sticky":false,"template":"","format":"standard","meta":{"footnotes":"","_share_on_mastodon":"0"},"categories":[12],"tags":[61195,1715,48,46,42,78,38,40,39,41,47,1984],"class_list":["post-648663","post","type-post","status-publish","format-standard","has-post-thumbnail","category-polska","tag-bottomfeed_styl","tag-lato","tag-nat_styl","tag-omp","tag-pl","tag-pogoda","tag-poland","tag-polish","tag-polska","tag-polski","tag-screening_general","tag-slonce"],"share_on_mastodon":{"url":"https:\/\/pubeurope.com\/@pl\/117164339758158633","error":""},"_links":{"self":[{"href":"https:\/\/www.europesays.com\/pl\/wp-json\/wp\/v2\/posts\/648663","targetHints":{"allow":["GET"]}}],"collection":[{"href":"https:\/\/www.europesays.com\/pl\/wp-json\/wp\/v2\/posts"}],"about":[{"href":"https:\/\/www.europesays.com\/pl\/wp-json\/wp\/v2\/types\/post"}],"author":[{"embeddable":true,"href":"https:\/\/www.europesays.com\/pl\/wp-json\/wp\/v2\/users\/2"}],"replies":[{"embeddable":true,"href":"https:\/\/www.europesays.com\/pl\/wp-json\/wp\/v2\/comments?post=648663"}],"version-history":[{"count":0,"href":"https:\/\/www.europesays.com\/pl\/wp-json\/wp\/v2\/posts\/648663\/revisions"}],"wp:featuredmedia":[{"embeddable":true,"href":"https:\/\/www.europesays.com\/pl\/wp-json\/wp\/v2\/media\/648664"}],"wp:attachment":[{"href":"https:\/\/www.europesays.com\/pl\/wp-json\/wp\/v2\/media?parent=648663"}],"wp:term":[{"taxonomy":"category","embeddable":true,"href":"https:\/\/www.europesays.com\/pl\/wp-json\/wp\/v2\/categories?post=648663"},{"taxonomy":"post_tag","embeddable":true,"href":"https:\/\/www.europesays.com\/pl\/wp-json\/wp\/v2\/tags?post=648663"}],"curies":[{"name":"wp","href":"https:\/\/api.w.org\/{rel}","templated":true}]}}