{"id":648703,"date":"2026-08-26T23:37:11","date_gmt":"2026-08-26T23:37:11","guid":{"rendered":"https:\/\/www.europesays.com\/pl\/648703\/"},"modified":"2026-08-26T23:37:11","modified_gmt":"2026-08-26T23:37:11","slug":"gospodarczy-wieczor-w-radiu-wroclaw-podatkowe-przetasowania-i-chlodniejszy-rynek-pracy-2","status":"publish","type":"post","link":"https:\/\/www.europesays.com\/pl\/648703\/","title":{"rendered":"Gospodarczy wiecz\u00f3r w Radiu Wroc\u0142aw. Podatkowe przetasowania i ch\u0142odniejszy rynek pracy"},"content":{"rendered":"<p>Gospodarczy wiecz\u00f3r w Radiu Wroc\u0142aw<\/p>\n<p>fot. Krzysztof Jano\u015b<\/p>\n<p>Rz\u0105dowa reforma PIT podnosi pierwszy pr\u00f3g do 130 tys. z\u0142 i wprowadza po\u015bredni\u0105 stawk\u0119 24 proc, jednak realny zysk odczuj\u0105 jedynie osoby zarabiaj\u0105ce powy\u017cej 12 tys. z\u0142 brutto. Dla wi\u0119kszo\u015bci pracownik\u00f3w brak podwy\u017cszenia kwoty wolnej od podatku oznacza brak jakichkolwiek korzy\u015bci.<\/p>\n<p style=\"text-align: justify;\">Rachunek za zmiany zap\u0142ac\u0105 du\u017ce firmy \u2013 poprzez wy\u017cszy CIT (22 proc.) \u2013 oraz specjali\u015bci na rycza\u0142cie, dla kt\u00f3rych limit przychod\u00f3w zostanie drastycznie obni\u017cony z 2 mln do 250 tys. euro. Jednocze\u015bnie rynek pracy wysy\u0142a niepokoj\u0105ce sygna\u0142y: bezrobocie rejestrowane powoli ro\u015bnie, poszukiwanie etatu trwa ju\u017c \u015brednio 4,5 miesi\u0105ca, a wska\u017anik braku zatrudnienia w\u015br\u00f3d m\u0142odych do 25. roku \u017cycia skoczy\u0142 do alarmuj\u0105cych 12,5 proc.<\/p>\n<p style=\"text-align: justify;\">Sytuacj\u0119 zaostrza fakt, \u017ce pa\u0144stwowy bud\u017cet na aktywizacj\u0119 zawodow\u0105 skurczy\u0142 si\u0119 o ponad 40 proc. Dodatkowym czynnikiem rewolucjonizuj\u0105cym relacje w firmach jest reforma Pa\u0144stwowej Inspekcji Pracy, kt\u00f3rej inspektorzy zyskaj\u0105 prawo do odg\u00f3rnego przekszta\u0142cania um\u00f3w B2B i zlece\u0144 w etaty, a maksymalne grzywny za naruszenia wzrosn\u0105 do 60 tys. z\u0142.<\/p>\n<p style=\"text-align: justify;\">O tym, jak te nak\u0142adaj\u0105ce si\u0119 na siebie zjawiska prze\u0142o\u017c\u0105 si\u0119 na codzienne \u017cycie mieszka\u0144c\u00f3w Dolnego \u015al\u0105ska i kondycj\u0119 lokalnych przedsi\u0119biorstw, dyskutowali w studiu Radia Wroc\u0142aw:<\/p>\n<p>&#13;<br \/>\nKazimierz Kimso przewodnicz\u0105cy Regionu Dolny \u015al\u0105sk NSZZ \u201eSolidarno\u015b\u0107\u201d&#13;<br \/>\nAndrzej Otr\u0119ba przewodnicz\u0105cy Rady OPZZ wojew\u00f3dztwa dolno\u015bl\u0105skiego&#13;<br \/>\nMarek Pasztetnik prezes zarz\u0105du Zachodniej Izby Gospodarczej.&#13;<\/p>\n<p style=\"text-align: justify;\">Pos\u0142uchajcie:<\/p>\n","protected":false},"excerpt":{"rendered":"Gospodarczy wiecz\u00f3r w Radiu Wroc\u0142aw fot. Krzysztof Jano\u015b Rz\u0105dowa reforma PIT podnosi pierwszy pr\u00f3g do 130 tys. z\u0142&hellip;\n","protected":false},"author":2,"featured_media":648704,"comment_status":"","ping_status":"","sticky":false,"template":"","format":"standard","meta":{"footnotes":"","_share_on_mastodon":"0"},"categories":[51607],"tags":[126948,16566,51726,42,126946,38,40,39,41,12899,126947,47717,1136,31600,8804,1853],"class_list":["post-648703","post","type-post","status-publish","format-standard","has-post-thumbnail","category-wroclaw","tag-chlodniejszy","tag-gospodarczy","tag-i","tag-pl","tag-podatkowe","tag-poland","tag-polish","tag-polska","tag-polski","tag-pracy","tag-przetasowania","tag-radiu","tag-rynek","tag-w","tag-wieczor","tag-wroclaw"],"share_on_mastodon":{"url":"https:\/\/pubeurope.com\/@pl\/117164444587184174","error":""},"_links":{"self":[{"href":"https:\/\/www.europesays.com\/pl\/wp-json\/wp\/v2\/posts\/648703","targetHints":{"allow":["GET"]}}],"collection":[{"href":"https:\/\/www.europesays.com\/pl\/wp-json\/wp\/v2\/posts"}],"about":[{"href":"https:\/\/www.europesays.com\/pl\/wp-json\/wp\/v2\/types\/post"}],"author":[{"embeddable":true,"href":"https:\/\/www.europesays.com\/pl\/wp-json\/wp\/v2\/users\/2"}],"replies":[{"embeddable":true,"href":"https:\/\/www.europesays.com\/pl\/wp-json\/wp\/v2\/comments?post=648703"}],"version-history":[{"count":0,"href":"https:\/\/www.europesays.com\/pl\/wp-json\/wp\/v2\/posts\/648703\/revisions"}],"wp:featuredmedia":[{"embeddable":true,"href":"https:\/\/www.europesays.com\/pl\/wp-json\/wp\/v2\/media\/648704"}],"wp:attachment":[{"href":"https:\/\/www.europesays.com\/pl\/wp-json\/wp\/v2\/media?parent=648703"}],"wp:term":[{"taxonomy":"category","embeddable":true,"href":"https:\/\/www.europesays.com\/pl\/wp-json\/wp\/v2\/categories?post=648703"},{"taxonomy":"post_tag","embeddable":true,"href":"https:\/\/www.europesays.com\/pl\/wp-json\/wp\/v2\/tags?post=648703"}],"curies":[{"name":"wp","href":"https:\/\/api.w.org\/{rel}","templated":true}]}}