{"id":648717,"date":"2026-08-26T23:45:13","date_gmt":"2026-08-26T23:45:13","guid":{"rendered":"https:\/\/www.europesays.com\/pl\/648717\/"},"modified":"2026-08-26T23:45:13","modified_gmt":"2026-08-26T23:45:13","slug":"prokop-i-wellman-rozbawili-publicznosc-w-sopocie-trudno-uwierzyc-jak-sie-nazwali-plejada","status":"publish","type":"post","link":"https:\/\/www.europesays.com\/pl\/648717\/","title":{"rendered":"Prokop i Wellman rozbawili publiczno\u015b\u0107 w Sopocie. Trudno uwierzy\u0107, jak si\u0119 nazwali &#8211; Plejada"},"content":{"rendered":"<ol>\n<li><a href=\"https:\/\/news.google.com\/rss\/articles\/CBMiswFBVV95cUxOVWpuMzJOeFp0NUxFWFBraXg1bzVOczdBZEtQTDNieUJWYnQteW05S01CMHA0SlROQ1ZXRWhLa08ySjJ1QkhhLTh0Y0ZnNmFtS2hlM0tLZFFpcS1FQmFOQkF5U3B4WjRiWXlZNVlzb0lnRmpmYkg4RXNQTGF0YVI3VlRtQmdUQXVmcGtwcWVqVVhSVGNmbjgwYWNSWHdmNnRZTEV1TzZhdEYtaEJjc2pkVWdjZw?oc=5\" target=\"_blank\" rel=\"nofollow noopener\">Prokop i Wellman rozbawili publiczno\u015b\u0107 w Sopocie. Trudno uwierzy\u0107, jak si\u0119 nazwali<\/a>&nbsp;&nbsp;Plejada<\/li>\n<li><a href=\"https:\/\/news.google.com\/rss\/articles\/CBMizgFBVV95cUxNTlBJdl9VcW1EODZLNjVsV0xIdzVmdGd4ekw5TkQzNWk4aTNLOUl0d0NaVWpRaVRlMmsyczBSMzV2NnZhNGhYS1hKVG42VGlNVThLejIxazhRVHlCcTRxaDQtZEJjbkpFUW9rVm9TMW1kbVF1ZVV4MWE2d3RMMVU4TFRVRUZTaWxXSUZta3g1VTBBclRvbUFlTkhWMFZBTmlual9Ed1FhSTFCWXByVnU1YmZCRF8tUHZGWUhlQk1mNEhSLTVBMkRCTjQxS0xHQQ?oc=5\" target=\"_blank\" rel=\"nofollow noopener\">Nier\u00f3wny trzeci dzie\u0144 festiwalu w Sopocie. Show skrad\u0142 Ralph Kaminski<\/a>&nbsp;&nbsp;Kultura Onet<\/li>\n<li><a href=\"https:\/\/news.google.com\/rss\/articles\/CBMisAFBVV95cUxNTHhyVlNBWXplZVBISUdUZVhBZURFcDhIQkRPTHJkMk1xVmNsYzJJNnhqeERZcklqaWRtM0o1Z19Oa3lZU1hBeVRudUt4ZmpWTjV2TW5kSWlZU2tTWTJFWHlzUmRNS0YtejN5WXdyck9GemxXVzh3eVA4anBGbV9zSU9KQ1NZa040UXFoMldiaWVmNUExZDE1TVZiMlhJbXprZ2NUdURtMFo2VEtNbHg0Vw?oc=5\" target=\"_blank\" rel=\"nofollow noopener\">Jak trwoga, to do Majewskiej, Korcza i Bajora. Co posz\u0142o nie tak w Sopocie?<\/a>&nbsp;&nbsp;WP Kultura<\/li>\n<li><a href=\"https:\/\/news.google.com\/rss\/articles\/CBMiqAFBVV95cUxQYXhIanpLc0N0NHYyQ2tRaVJNMHQtTWplbEdGMGFaYjBlLWM4TWFJWWNZTHlEb0tHNkJVRVQ2MU9OZnhyNnZaMWxUY1RSVjFURnlja2ZLZVJ0OGZ0X003dllDZ0hBNF8xc1BVNU43eVliWU5IdjJuVVMxYjY1WVhvYkgtaXBsT2JQSTVvTV96eDJSUl82QjlQcFZyOVYyV1ktMndCY1ZrdEk?oc=5\" target=\"_blank\" rel=\"nofollow noopener\">Magiczny las wype\u0142niony przebojami. Wzruszaj\u0105cy fina\u0142 od Rojka<\/a>&nbsp;&nbsp;TVN24<\/li>\n<li><a href=\"https:\/\/news.google.com\/rss\/articles\/CBMisgFBVV95cUxNWWxkemtybF9DUE9IUDA1X2JFcXN4WWlMUnc1ZXVjZm95SmthLVEydnBOVlRNNnQzd1NIRjByb0RuUmlVVVhWVlBNLXBPbkNXRm53U1hzUHpxTlBZQ2xhM1U0dm1GczFYWjdQQzhsU1p4ZjhHcjkwR0NpV3B3NEt0dXI5aHZzMVlMREdiWmFZamVCSTAyeFVrVlVaeWVPTVYxTWRVQlROUmZMZ1lvbEFYMUJB?oc=5\" target=\"_blank\" rel=\"nofollow noopener\">TVN zbudowa\u0142 las na sopockiej scenie. Prokop: &#8222;Pierwszy rz\u0105d nie widzi zza krzak\u00f3w&#8221;<\/a>&nbsp;&nbsp;Plejada<\/li>\n<\/ol>\n","protected":false},"excerpt":{"rendered":"Prokop i Wellman rozbawili publiczno\u015b\u0107 w Sopocie. Trudno uwierzy\u0107, jak si\u0119 nazwali&nbsp;&nbsp;Plejada Nier\u00f3wny trzeci dzie\u0144 festiwalu w Sopocie.&hellip;\n","protected":false},"author":2,"featured_media":648718,"comment_status":"","ping_status":"","sticky":false,"template":"","format":"standard","meta":{"footnotes":"","_share_on_mastodon":"0"},"categories":[22],"tags":[61195,2955,122,37297,2956,48,125,46,42,38,40,39,41,123,47],"class_list":["post-648717","post","type-post","status-publish","format-standard","has-post-thumbnail","category-rozrywka","tag-bottomfeed_styl","tag-dorota_wellman","tag-entertainment","tag-festiwal_w_sopocie","tag-marcin_prokop","tag-nat_styl","tag-newsy","tag-omp","tag-pl","tag-poland","tag-polish","tag-polska","tag-polski","tag-rozrywka","tag-screening_general"],"share_on_mastodon":{"url":"https:\/\/pubeurope.com\/@pl\/117164476003672351","error":""},"_links":{"self":[{"href":"https:\/\/www.europesays.com\/pl\/wp-json\/wp\/v2\/posts\/648717","targetHints":{"allow":["GET"]}}],"collection":[{"href":"https:\/\/www.europesays.com\/pl\/wp-json\/wp\/v2\/posts"}],"about":[{"href":"https:\/\/www.europesays.com\/pl\/wp-json\/wp\/v2\/types\/post"}],"author":[{"embeddable":true,"href":"https:\/\/www.europesays.com\/pl\/wp-json\/wp\/v2\/users\/2"}],"replies":[{"embeddable":true,"href":"https:\/\/www.europesays.com\/pl\/wp-json\/wp\/v2\/comments?post=648717"}],"version-history":[{"count":0,"href":"https:\/\/www.europesays.com\/pl\/wp-json\/wp\/v2\/posts\/648717\/revisions"}],"wp:featuredmedia":[{"embeddable":true,"href":"https:\/\/www.europesays.com\/pl\/wp-json\/wp\/v2\/media\/648718"}],"wp:attachment":[{"href":"https:\/\/www.europesays.com\/pl\/wp-json\/wp\/v2\/media?parent=648717"}],"wp:term":[{"taxonomy":"category","embeddable":true,"href":"https:\/\/www.europesays.com\/pl\/wp-json\/wp\/v2\/categories?post=648717"},{"taxonomy":"post_tag","embeddable":true,"href":"https:\/\/www.europesays.com\/pl\/wp-json\/wp\/v2\/tags?post=648717"}],"curies":[{"name":"wp","href":"https:\/\/api.w.org\/{rel}","templated":true}]}}