{"id":648779,"date":"2026-08-27T00:29:29","date_gmt":"2026-08-27T00:29:29","guid":{"rendered":"https:\/\/www.europesays.com\/pl\/648779\/"},"modified":"2026-08-27T00:29:29","modified_gmt":"2026-08-27T00:29:29","slug":"orlen-uruchamia-trzy-nowe-zloza-w-norwegii-wiecej-gazu-poplynie-do-polski","status":"publish","type":"post","link":"https:\/\/www.europesays.com\/pl\/648779\/","title":{"rendered":"Orlen uruchamia trzy nowe z\u0142o\u017ca w Norwegii. Wi\u0119cej gazu pop\u0142ynie do Polski"},"content":{"rendered":"<p>Om\u00f3wienie<\/p>\n<p class=\"font-inter text-base font-medium leading-[145%] text-[#111]\">Orlen, we wsp\u00f3\u0142pracy z zagranicznymi partnerami, rozpocz\u0105\u0142 produkcj\u0119 gazu ze z\u0142o\u017ca Idun Nord, a wkr\u00f3tce uruchomi wydobycie z dw\u00f3ch kolejnych: Alve Nord i \u00d8rn.<\/p>\n<p class=\"font-inter text-base font-medium leading-[145%] text-[#111]\">Trzy nowe projekty na Morzu Norweskim dostarcz\u0105 Polsce ponad 4 miliardy metr\u00f3w sze\u015bciennych gazu ziemnego.<\/p>\n<p class=\"font-inter text-base font-medium leading-[145%] text-[#111]\">Wykorzystanie istniej\u0105cej platformy Skarv pozwoli\u0142o zminimalizowa\u0107 \u015blad w\u0119glowy do 4,5 kg emisji na bary\u0142k\u0119.<\/p>\n<p class=\"font-primary mb-8 text-lg leading-[1.55] [&amp;_a]:text-[#23437D] [&amp;_a]:underline [&amp;_a]:font-bold\">Sp\u00f3\u0142ka Orlen Upstream Norway rozpocz\u0119\u0142a proces uruchamiania wydobycia z trzech nowych z\u0142\u00f3\u017c gazu i ropy naftowej zlokalizowanych na Morzu Norweskim. Jako pierwsze prac\u0119 rozpocz\u0119\u0142o z\u0142o\u017ce Idun Nord, a w ci\u0105gu najbli\u017cszych tygodni do\u0142\u0105cz\u0105 do niego obszary Alve Nord oraz \u00d8rn. \u0141\u0105czne zasoby tych projekt\u00f3w szacowane s\u0105 na 120 milion\u00f3w bary\u0142ek ekwiwalentu ropy naftowej (boe), z czego do polskiego koncernu trafi ponad 30 milion\u00f3w. A\u017c 80 procent wydobywanego stamt\u0105d surowca b\u0119dzie stanowi\u0107 gaz ziemny.<\/p>\n<p class=\"text-dark text-center text-lg leading-[1.35] font-semibold italic md:!text-2xl\">Uruchomienie wydobycia ze z\u0142\u00f3\u017c Idun Nord, Alve Nord i \u00d8rn oznacza dodatkowe wolumeny gazu ziemnego, kt\u00f3re wzmocni\u0105 bezpiecze\u0144stwo energetyczne Polski i regionu.<\/p>\n<p>Ireneusz F\u0105fara, prezes OrlenuOptymalizacja koszt\u00f3w i ekologia<\/p>\n<p class=\"font-primary mb-8 text-lg leading-[1.55] [&amp;_a]:text-[#23437D] [&amp;_a]:underline [&amp;_a]:font-bold\">Wszystkie trzy nowe obszary wydobywcze zosta\u0142y pod\u0142\u0105czone do dzia\u0142aj\u0105cej ju\u017c platformy produkcyjnej Skarv FPSO. Decyzja o zagospodarowaniu ich w ramach jednego, zintegrowanego projektu pozwoli\u0142a inwestorom na skr\u00f3cenie harmonogramu prac o rok oraz znacz\u0105ce obni\u017cenie koszt\u00f3w operacyjnych.<\/p>\n<p class=\"font-primary mb-8 text-lg leading-[1.55] [&amp;_a]:text-[#23437D] [&amp;_a]:underline [&amp;_a]:font-bold\">Wykorzystanie istniej\u0105cej infrastruktury ma r\u00f3wnie\u017c bezpo\u015bredni wp\u0142yw na \u015brodowisko. Wska\u017anik intensywno\u015bci emisji z nowych z\u0142\u00f3\u017c wyniesie zaledwie 4,5 kilograma dwutlenku w\u0119gla na ka\u017cd\u0105 wydobyt\u0105 bary\u0142k\u0119.<\/p>\n<p class=\"text-dark text-center text-lg leading-[1.35] font-semibold italic md:!text-2xl\">Pod\u0142\u0105czenie nowych z\u0142\u00f3\u017c wyd\u0142u\u017ca perspektyw\u0119 eksploatacji obszaru Skarv i pozwoli zwi\u0119kszy\u0107 wydobycie Orlenu na tym obszarze z 3,3 do 9 milion\u00f3w boe w 2027 roku.<\/p>\n<p>Wies\u0142aw Prugar, wiceprezes zarz\u0105du Orlen ds. UpstreamZnaczenie dla polskiego systemu<\/p>\n<p class=\"font-primary mb-8 text-lg leading-[1.55] [&amp;_a]:text-[#23437D] [&amp;_a]:underline [&amp;_a]:font-bold\">Z perspektywy krajowego bilansu energetycznego najwa\u017cniejszym elementem projektu jest z\u0142o\u017ce \u00d8rn, w kt\u00f3rym Orlen posiada 40% udzia\u0142\u00f3w, wsp\u00f3\u0142pracuj\u0105c z firmami Aker BP oraz Equinor. Po pe\u0142nym uruchomieniu trzech nowych punkt\u00f3w, liczba aktywnie produkuj\u0105cych z\u0142\u00f3\u017c polskiego koncernu na Norweskim Szelfie Kontynentalnym wzro\u015bnie do 24.<\/p>\n<p class=\"font-primary mb-8 text-lg leading-[1.55] [&amp;_a]:text-[#23437D] [&amp;_a]:underline [&amp;_a]:font-bold\">Norwegia stanowi jeden z kluczowych kierunk\u00f3w dostaw dla Polski. Wydobywany tam gaz trafia do kraju za po\u015brednictwem gazoci\u0105gu Baltic Pipe, kt\u00f3ry w ubieg\u0142ym roku zabezpieczy\u0142 ponad 40 procent krajowego zapotrzebowania na ten surowiec.<\/p>\n<p>Redakcja poleca<\/p>\n","protected":false},"excerpt":{"rendered":"Om\u00f3wienie Orlen, we wsp\u00f3\u0142pracy z zagranicznymi partnerami, rozpocz\u0105\u0142 produkcj\u0119 gazu ze z\u0142o\u017ca Idun Nord, a wkr\u00f3tce uruchomi wydobycie&hellip;\n","protected":false},"author":2,"featured_media":648780,"comment_status":"","ping_status":"","sticky":false,"template":"","format":"standard","meta":{"footnotes":"","_share_on_mastodon":"0"},"categories":[52097],"tags":[4779,774,42,38,40,39,41,5297],"class_list":["post-648779","post","type-post","status-publish","format-standard","has-post-thumbnail","category-orlen","tag-gaz","tag-orlen","tag-pl","tag-poland","tag-polish","tag-polska","tag-polski","tag-transformacja-energetyczna"],"share_on_mastodon":{"url":"https:\/\/pubeurope.com\/@pl\/117164649092729142","error":""},"_links":{"self":[{"href":"https:\/\/www.europesays.com\/pl\/wp-json\/wp\/v2\/posts\/648779","targetHints":{"allow":["GET"]}}],"collection":[{"href":"https:\/\/www.europesays.com\/pl\/wp-json\/wp\/v2\/posts"}],"about":[{"href":"https:\/\/www.europesays.com\/pl\/wp-json\/wp\/v2\/types\/post"}],"author":[{"embeddable":true,"href":"https:\/\/www.europesays.com\/pl\/wp-json\/wp\/v2\/users\/2"}],"replies":[{"embeddable":true,"href":"https:\/\/www.europesays.com\/pl\/wp-json\/wp\/v2\/comments?post=648779"}],"version-history":[{"count":0,"href":"https:\/\/www.europesays.com\/pl\/wp-json\/wp\/v2\/posts\/648779\/revisions"}],"wp:featuredmedia":[{"embeddable":true,"href":"https:\/\/www.europesays.com\/pl\/wp-json\/wp\/v2\/media\/648780"}],"wp:attachment":[{"href":"https:\/\/www.europesays.com\/pl\/wp-json\/wp\/v2\/media?parent=648779"}],"wp:term":[{"taxonomy":"category","embeddable":true,"href":"https:\/\/www.europesays.com\/pl\/wp-json\/wp\/v2\/categories?post=648779"},{"taxonomy":"post_tag","embeddable":true,"href":"https:\/\/www.europesays.com\/pl\/wp-json\/wp\/v2\/tags?post=648779"}],"curies":[{"name":"wp","href":"https:\/\/api.w.org\/{rel}","templated":true}]}}