{"id":648942,"date":"2026-08-27T02:38:23","date_gmt":"2026-08-27T02:38:23","guid":{"rendered":"https:\/\/www.europesays.com\/pl\/648942\/"},"modified":"2026-08-27T02:38:23","modified_gmt":"2026-08-27T02:38:23","slug":"trzeci-ryz-za-001-zl-w-dino-do-1-wrzesnia","status":"publish","type":"post","link":"https:\/\/www.europesays.com\/pl\/648942\/","title":{"rendered":"Trzeci ry\u017c za 0,01 z\u0142 w Dino. Do 1 wrze\u015bnia"},"content":{"rendered":"<p><a href=\"https:\/\/www.google.com\/preferences\/source?q=biznes.o2.pl\" target=\"_blank\" rel=\"nofollow noopener\" class=\"preferred-source-banner\" id=\"preferred-source-banner\" data-vab-box=\"preferred_source_banner\"><\/p>\n<p class=\"preferred-source-banner-title\">Dodaj Biznes o2 &#8211; Najnowsze wiadomo\u015bci ze \u015bwiata finans\u00f3w, gospodarki i biznesu jako preferowane \u017ar\u00f3d\u0142o w Google<\/p>\n<p class=\"preferred-source-banner-subtitle\">Nasze tre\u015bci b\u0119d\u0105 cz\u0119\u015bciej wy\u015bwietla\u0107 si\u0119 w Twoich wynikach Google<\/p>\n<p><\/a> <\/p>\n<p>W\u00a0promocji znalaz\u0142y si\u0119 wszystkie ry\u017ce dost\u0119pne w\u00a0Dino. Kupuj\u0105c trzy opakowania, trzeci, najta\u0144szy produkt mo\u017cna dobra\u0107 za 0,01 z\u0142. Akcja obejmuje m.in. ry\u017ce marek Sonko oraz Kuchnia Smaku.<\/p>\n<p>Nap\u00f3j gazowany Hellena Orange (1,25 l) kosztuje 3,59 z\u0142. Cena regularna wynosi 4,79 z\u0142, co oznacza obni\u017ck\u0119 o\u00a025\u00a0proc. Najni\u017csz\u0105 cen\u0119 w\u00a0ci\u0105gu 30\u00a0dni przed obni\u017ck\u0105 wskazano na 4,79 z\u0142.<\/p>\n<p>Nap\u00f3j gazowany Polo Cockta (2 l) obj\u0119to promocj\u0105 przy zakupie dw\u00f3ch butelek. Cena jednostkowa wynosi wtedy 2,79 z\u0142, podczas gdy pojedyncza sztuka kosztuje 3,99 z\u0142. Kupuj\u0105c dwie butelki, mo\u017cna wi\u0119c zaoszcz\u0119dzi\u0107 \u0142\u0105cznie 2,40 z\u0142.<\/p>\n<p> <img role=\"presentation\" class=\"absolute left-1\/2 top-1\/2 max-h-[80%] max-w-[100px] -translate-x-1\/2 -translate-y-1\/2\" src=\"https:\/\/v.wpimg.pl\/ZXJfd3AudTkrBBIAbg54LGhcRlAxHQUrPgJGH2MAeGJoSQ1eIBI_K2UHAEVuBTY5KQMMXC0RPyoVERQdMgM9ejc\" loading=\"lazy\" decoding=\"async\"\/><\/p>\n<p>Woda i s\u0142odycze w ni\u017cszych cenach<\/p>\n<p>Woda mineralna Skarb \u017bycia Muszyna (1,5 l), w\u00a0wariancie gazowanym i\u00a0niegazowanym, kosztuje 1,15 z\u0142 za sztuk\u0119 przy zakupie 12\u00a0butelek. Przy zakupie pojedynczej sztuki cena wynosi 1,99 z\u0142. Limit promocji to 12\u00a0sztuk.<\/p>\n<p>Cukierki mix sprzedawane luzem przeceniono do 22,45 z\u0142 za kg. Przed obni\u017ck\u0105 kilogram kosztowa\u0142 28,99 z\u0142, wi\u0119c r\u00f3\u017cnica wynosi 6,54 z\u0142.<\/p>\n<p>\u017belki Zozole w\u00a0opakowaniach 145\u2013150 g\u00a0mo\u017cna kupi\u0107 za 2,65 z\u0142 za sztuk\u0119 przy zakupie trzech opakowa\u0144. Jedno opakowanie kosztuje 3,99 z\u0142, a\u00a0przy zakupie dw\u00f3ch cena jednostkowa spada do 3,27 z\u0142.<\/p>\n<p> <img role=\"presentation\" class=\"absolute left-1\/2 top-1\/2 max-h-[80%] max-w-[100px] -translate-x-1\/2 -translate-y-1\/2\" src=\"https:\/\/v.wpimg.pl\/ZXJfd3AudTkrBBIAbg54LGhcRlAxHQUrPgJGH2MAeGJoSQ1eIBI_K2UHAEVuBTY5KQMMXC0RPyoVERQdMgM9ejc\" loading=\"lazy\" decoding=\"async\"\/>  <\/p>\n<p>Chcesz si\u0119 dowiedzie\u0107 o\u00a0innych okazjach i\u00a0przecenach? Sprawd\u017a <a href=\"https:\/\/biznes.o2.pl\/tag\/o2kazje\/\" rel=\"noopener noreferrer nofollow\" target=\"_blank\">O2KAZJE \u2013 codzienn\u0105 dawk\u0119 promocji na o2.pl<\/a>.<\/p>\n","protected":false},"excerpt":{"rendered":"Dodaj Biznes o2 &#8211; Najnowsze wiadomo\u015bci ze \u015bwiata finans\u00f3w, gospodarki i biznesu jako preferowane \u017ar\u00f3d\u0142o w Google Nasze&hellip;\n","protected":false},"author":2,"featured_media":648943,"comment_status":"","ping_status":"","sticky":false,"template":"","format":"standard","meta":{"footnotes":"","_share_on_mastodon":"0"},"categories":[52249],"tags":[857,41997,42,38,40,39,41],"class_list":["post-648942","post","type-post","status-publish","format-standard","has-post-thumbnail","category-dino-polska","tag-dino","tag-dino-polska","tag-pl","tag-poland","tag-polish","tag-polska","tag-polski"],"share_on_mastodon":{"url":"https:\/\/pubeurope.com\/@pl\/117165157131292048","error":""},"_links":{"self":[{"href":"https:\/\/www.europesays.com\/pl\/wp-json\/wp\/v2\/posts\/648942","targetHints":{"allow":["GET"]}}],"collection":[{"href":"https:\/\/www.europesays.com\/pl\/wp-json\/wp\/v2\/posts"}],"about":[{"href":"https:\/\/www.europesays.com\/pl\/wp-json\/wp\/v2\/types\/post"}],"author":[{"embeddable":true,"href":"https:\/\/www.europesays.com\/pl\/wp-json\/wp\/v2\/users\/2"}],"replies":[{"embeddable":true,"href":"https:\/\/www.europesays.com\/pl\/wp-json\/wp\/v2\/comments?post=648942"}],"version-history":[{"count":0,"href":"https:\/\/www.europesays.com\/pl\/wp-json\/wp\/v2\/posts\/648942\/revisions"}],"wp:featuredmedia":[{"embeddable":true,"href":"https:\/\/www.europesays.com\/pl\/wp-json\/wp\/v2\/media\/648943"}],"wp:attachment":[{"href":"https:\/\/www.europesays.com\/pl\/wp-json\/wp\/v2\/media?parent=648942"}],"wp:term":[{"taxonomy":"category","embeddable":true,"href":"https:\/\/www.europesays.com\/pl\/wp-json\/wp\/v2\/categories?post=648942"},{"taxonomy":"post_tag","embeddable":true,"href":"https:\/\/www.europesays.com\/pl\/wp-json\/wp\/v2\/tags?post=648942"}],"curies":[{"name":"wp","href":"https:\/\/api.w.org\/{rel}","templated":true}]}}