{"id":649050,"date":"2026-08-27T04:15:20","date_gmt":"2026-08-27T04:15:20","guid":{"rendered":"https:\/\/www.europesays.com\/pl\/649050\/"},"modified":"2026-08-27T04:15:20","modified_gmt":"2026-08-27T04:15:20","slug":"jeszcze-wyzszy-przelew-na-konto-piesiewicza-w-pkol-oto-kwota","status":"publish","type":"post","link":"https:\/\/www.europesays.com\/pl\/649050\/","title":{"rendered":"Jeszcze wy\u017cszy przelew na konto Piesiewicza w PKOl. Oto kwota"},"content":{"rendered":"<p>Prawie p\u00f3\u0142 miliona z\u0142otych czeka jeszcze na Rados\u0142awa Piesiewicza w PKOl do ko\u0144ca kadencji. Dlatego prezes \u2013 cho\u0107 widywany w Centrum Olimpijskim coraz rzadziej \u2013 odrzuca wezwania do dymisji. Tak\u017ce po kolejnej ods\u0142onie afery Zondacrypto. Ale fakty s\u0105 dla niego bolesne.<\/p>\n<p>Dalszy ci\u0105g artyku\u0142u pod materia\u0142em wideoRados\u0142aw Piesiewicz t\u0142umaczy si\u0119 z zegarka za 40 tys. euro<\/p>\n<p>Polski Komitet Olimpijski i Rados\u0142aw Piesiewicz od 16 czerwca funkcjonuj\u0105 w rzeczywisto\u015bci r\u00f3wnoleg\u0142ej.<\/p>\n<p>Sprawozdanie z dzia\u0142alno\u015bci zarz\u0105du \u2014 odrzucone.<\/p>\n<p>Sprawozdanie z finansowe PKOl \u2014 odrzucone.<\/p>\n<p>Wniosek o zwo\u0142anie walnego, na kt\u00f3rym odby\u0142oby si\u0119 g\u0142osowanie nad przysz\u0142o\u015bci\u0105 Piesiewicza \u2014 przyj\u0119ty.<\/p>\n<p>Prezes wybra\u0142 jednak gr\u0119 na czas i <a href=\"https:\/\/przegladsportowy.onet.pl\/igrzyska-olimpijskie\/piesiewicz-tlumaczy-sie-z-zegarka-za-40-tys-euro-pada-nazwisko-szefa-zondacrypto\/j9her5l\" id=\"313d6bb9-e854-410d-bbc4-b6404551c8ae\" rel=\"nofollow noopener\" target=\"_blank\">gdyby nie afera zegarkowa<\/a> w og\u00f3le pewnie by\u015bmy o nim tego lata nie us\u0142yszeli. Ale zn\u00f3w musi si\u0119 broni\u0107 przed bardzo powa\u017cnymi zarzutami, tym razem o przyj\u0119cie korzy\u015bci maj\u0105tkowej od Przemys\u0142awa Krala, by\u0142ego szefa upad\u0142ej gie\u0142dy Zondacrypto. Mowa o luksusowym zegarku za 40 tys. euro.Ci\u0105g dalszy afery Zondacrypto<\/p>\n<p class=\"ods-o-frame-in-text__paragraph\"><a href=\"https:\/\/wiadomosci.onet.pl\/kraj\/tomasz-sakiewicz-chcial-sprzedac-czesc-tv-republika-szefowi-zondacrypto-ujawniamy\/n7wm8mt\" id=\"25b631f6-8dcd-4ec1-88b5-858c7a16cb7b\" rel=\"nofollow noopener\" target=\"_blank\">Przeczytaj ustalenia Onetu w sprawie TV Republika<\/a><\/p>\n<p><img class=\"ods-a-photo ods-a-photo--background\" src=\"https:\/\/www.europesays.com\/pl\/wp-content\/uploads\/2026\/08\/cKQk9lBaHR0cHM6Ly9vY2RuLmV1L3B1bHNjbXMvTURBXy8zYzViYzlhMjkzZTc0NzQ3ZjRkMjcyYjU0NDRiOWE5Mi5wbmeRlQLNA.jpeg\" height=\"253\" width=\"450\" alt=\"Tomasz Sakiewicz i Przemys\u0142aw Kral\" loading=\"lazy\" fetchpriority=\"low\" decoding=\"async\"\/><\/p>\n<p>Wed\u0142ug naszych informacji w przysz\u0142ym tygodniu zwo\u0142a konferencj\u0119 prasow\u0105, na kt\u00f3rej \u2014 powo\u0142uj\u0105c si\u0119 na opinie swoich prawnik\u00f3w \u2014 chce og\u0142osi\u0107, \u017ce wniosek o zwo\u0142anie walnego nie ma podstawy prawnej. Statut PKOl jest tu faktycznie mocno niejednoznaczny, cho\u0107 opozycja liczy\u0142a, \u017ce same proporcje ostatniego g\u0142osowania (117 za walnym, 48 przeciw, 10 wstrzymuj\u0105cych) dadz\u0105 Piesiewiczowi do my\u015blenia.<\/p>\n<p>\u2014 \u015arodowisko wyrazi\u0142o sw\u00f3j jasny g\u0142os. To sprzeciw wobec upolitycznienia PKOl, sprzeciw wobec uwik\u0142ania sportowc\u00f3w w afer\u0119 Zondacrypto, sprzeciw wobec niszczeniu wizerunku polskiego olimpizmu \u2014 m\u00f3wi\u0142 po tym ostatnim g\u0142osowaniu Robert Korzeniowski.<\/p>\n<p>61 tys. z\u0142 \u2014 tyle zarobi\u0142 za lipiec w PKOl Rados\u0142aw Piesiewicz<\/p>\n<p>Piesiewicz ani my\u015bli jednak odda\u0107 funkcj\u0119 przedterminowo, czyli przed kwietniem 2027 r. To niby ju\u017c niewiele czasu, ale za ka\u017cdy miesi\u0105c prezesury w PKOl na jego konto trafia pensja wysoko\u015bci 6 i p\u00f3\u0142 \u015bredniej krajowej brutto. Podwy\u017ck\u0119 uchwali\u0142 zarz\u0105d tu\u017c po igrzyskach w Turynie. A to oznacza, \u017ce pensja Piesiewicza za sierpie\u0144 wzro\u015bnie do 61 808 z\u0142 i 63 gr (bo \u015brednia krajowa w sektorze przedsi\u0119biorstw za lipiec to 9509,02). Do ko\u0144ca kadencji czekaj\u0105 wi\u0119c \u2013 przy dzisiejszym przeliczniku \u2013 494 tys. z\u0142.<\/p>\n<p>\u2014 To chyba najbardziej boli wiele os\u00f3b. \u017be on tam siedzi, cho\u0107 w PKOl si\u0119 pojawia coraz rzadziej, kompromituje nas coraz bardziej i nie ma nawet cienia refleksji \u2014 m\u00f3wi nam jeden z cz\u0142onk\u00f3w zarz\u0105du.<\/p>\n<p>Dodaje jednak, \u017ce opozycja te\u017c si\u0119 zd\u0105\u017cy\u0142a podzieli\u0107 w kwestii nast\u0119pnych krok\u00f3w. \u2014 Jest kilku ludzi, kt\u00f3rzy chcieliby zosta\u0107 kolejnym prezesem PKOl. Nie s\u0105 tajemnic\u0105 ambicje Mariana Kmity, Adama Korola czy Roberta Korzeniowskiego. Nie wszyscy chcieliby zast\u0119powa\u0107 Piesiewicza ju\u017c teraz, na osiem miesi\u0119cy i sprz\u0105ta\u0107 ten ba\u0142agan. A statut m\u00f3wi jasno \u2014 przy odwo\u0142aniu urz\u0119duj\u0105cego prezesa, musimy go do ko\u0144ca kadencji zast\u0105pi\u0107 jednym wiceprezes\u00f3w. Korzeniowski tu by wi\u0119c odpada\u0142. Ale akurat on ma najwi\u0119kszy apetyt do dzia\u0142ania ju\u017c teraz \u2014 s\u0142yszymy.<\/p>\n<p>&#8222;Piesiewicz \u0142\u017ce w spos\u00f3b oczywisty&#8221; \u2014 m\u00f3wi Roman Giertych<\/p>\n<p>Afera z zegarkiem, kt\u00f3ry Piesiewicz odebra\u0142 od Krala oraz liczne wizyty zagraniczne na zaproszenie szefa Zondacrypto \u2014 tak\u017ce w towarzystwie najwi\u0119kszych sojusznik\u00f3w ze \u015brodka PKOl, Grzegorza Kotowicza czy Andrzeja Suprona \u2014 kwestionuj\u0105 wi\u0119kszo\u015b\u0107 komunikat\u00f3w, jakie wysy\u0142a\u0142 prezes Rados\u0142aw po podpisaniu umowy z kontrowersyjnym partnerem i oddaniu mu nazwy siedziby komitetu (Zondacrypto Centrum Olimpijskie im. Jana Paw\u0142a II).<\/p>\n<p>\u2014 Ja nie by\u0142em a\u017c na takim etapie znajomo\u015bci z panem prezesem, to by\u0142y bardziej takie oficjalne spotkania \u2014 m\u00f3wi\u0142 Piesiewicz w Radiu WNET.<\/p>\n<p>\u2014 Piesiewicz \u0142\u017ce w spos\u00f3b oczywisty \u2014 skomentowa\u0142 lini\u0119 obrony prezesa PKOl obro\u0144ca Przemys\u0142awa Krala, Roman Giertych w programie Pytanie Dnia w TVP Info.<\/p>\n","protected":false},"excerpt":{"rendered":"Prawie p\u00f3\u0142 miliona z\u0142otych czeka jeszcze na Rados\u0142awa Piesiewicza w PKOl do ko\u0144ca kadencji. Dlatego prezes \u2013 cho\u0107&hellip;\n","protected":false},"author":2,"featured_media":649051,"comment_status":"","ping_status":"","sticky":false,"template":"","format":"standard","meta":{"footnotes":"","_share_on_mastodon":"0"},"categories":[5],"tags":[61195,32,33,36,37,27,2399,34,35,28,31,48,25,46,15347,42,38,40,39,41,15346,47,29,30,26,17994],"class_list":["post-649050","post","type-post","status-publish","format-standard","has-post-thumbnail","category-naglowki","tag-bottomfeed_styl","tag-breaking-news","tag-breakingnews","tag-featured-news","tag-featurednews","tag-headlines","tag-igrzyska_olimpijskie","tag-latest-news","tag-latestnews","tag-naglowki","tag-najwazniejsze-artykuly","tag-nat_styl","tag-news","tag-omp","tag-pkol","tag-pl","tag-poland","tag-polish","tag-polska","tag-polski","tag-radoslaw_piesiewicz","tag-screening_general","tag-top-stories","tag-topstories","tag-wiadomosci","tag-zondacrypto"],"share_on_mastodon":{"url":"https:\/\/pubeurope.com\/@pl\/117165538436169439","error":""},"_links":{"self":[{"href":"https:\/\/www.europesays.com\/pl\/wp-json\/wp\/v2\/posts\/649050","targetHints":{"allow":["GET"]}}],"collection":[{"href":"https:\/\/www.europesays.com\/pl\/wp-json\/wp\/v2\/posts"}],"about":[{"href":"https:\/\/www.europesays.com\/pl\/wp-json\/wp\/v2\/types\/post"}],"author":[{"embeddable":true,"href":"https:\/\/www.europesays.com\/pl\/wp-json\/wp\/v2\/users\/2"}],"replies":[{"embeddable":true,"href":"https:\/\/www.europesays.com\/pl\/wp-json\/wp\/v2\/comments?post=649050"}],"version-history":[{"count":0,"href":"https:\/\/www.europesays.com\/pl\/wp-json\/wp\/v2\/posts\/649050\/revisions"}],"wp:featuredmedia":[{"embeddable":true,"href":"https:\/\/www.europesays.com\/pl\/wp-json\/wp\/v2\/media\/649051"}],"wp:attachment":[{"href":"https:\/\/www.europesays.com\/pl\/wp-json\/wp\/v2\/media?parent=649050"}],"wp:term":[{"taxonomy":"category","embeddable":true,"href":"https:\/\/www.europesays.com\/pl\/wp-json\/wp\/v2\/categories?post=649050"},{"taxonomy":"post_tag","embeddable":true,"href":"https:\/\/www.europesays.com\/pl\/wp-json\/wp\/v2\/tags?post=649050"}],"curies":[{"name":"wp","href":"https:\/\/api.w.org\/{rel}","templated":true}]}}