{"id":649072,"date":"2026-08-27T04:35:12","date_gmt":"2026-08-27T04:35:12","guid":{"rendered":"https:\/\/www.europesays.com\/pl\/649072\/"},"modified":"2026-08-27T04:35:12","modified_gmt":"2026-08-27T04:35:12","slug":"netflix-wrzucil-dzis-wszystkie-4-czesci-ukochanej-serii-cala-polska-oglada-to-w-weekend","status":"publish","type":"post","link":"https:\/\/www.europesays.com\/pl\/649072\/","title":{"rendered":"Netflix wrzuci\u0142 dzi\u015b wszystkie 4 cz\u0119\u015bci ukochanej serii. Ca\u0142a Polska ogl\u0105da to w weekend"},"content":{"rendered":"<p>Jakie cz\u0119\u015bci kultowej serii s\u0105 dost\u0119pne na Netflixie.<\/p>\n<p>O czym opowiada film &#8222;Shrek&#8221;.<\/p>\n<p>Jaki jest odbi\u00f3r serii i kt\u00f3ra produkcja otrzyma\u0142a Oscara.<\/p>\n<p>    \t\t<a name=\"eztoc26568455_0_5\" id=\"eztoc26568455_0_5\"\/>\u201eShrek\u201d od dzisiaj na Netflixie<\/p>\n<p>Tej produkcji z pewno\u015bci\u0105 nikomu przedstawia\u0107 nie trzeba. \u201eShrek\u201d zachwyci\u0142 ca\u0142y \u015bwiat, zdobywaj\u0105c mn\u00f3stwo pozytywnych opinii. Zielonego ogra na ekranie ch\u0119tnie ogl\u0105daj\u0105 nie tylko najm\u0142odsi, ale tak\u017ce starsi widzowie. Produkcja zachwyci\u0142a widz\u00f3w i krytyk\u00f3w, co prze\u0142o\u017cy\u0142o si\u0119 na mn\u00f3stwo pozytywnych opinii. Pierwszy film z serii otrzyma\u0142<br \/>\n<a href=\"https:\/\/rozrywka.radiozet.pl\/tag\/kategoria\/oscary\" target=\"_self\" rel=\"dofollow noopener\">Oscara<\/a> w kategorii najlepszy d\u0142ugometra\u017cowy film animowany.<\/p>\n<p>Rozwi\u0105\u017c filmowy quiz. Tylko mistrz zdob\u0119dzie komplet punkt\u00f3w! Dalsz\u0105 cz\u0119\u015b\u0107 artyku\u0142u znajdziesz pod quizem\u2026<\/p>\n<p>    Quiz: Kto to powiedzia\u0142? Dopasuj cytat do bohatera &#8222;Shreka&#8221;. Na zwyci\u0119zc\u0119 czeka w\u0142asne bagno<\/p>\n<p>                                    <img decoding=\"async\" data-ot-ignore=\"\" src=\"https:\/\/www.europesays.com\/pl\/wp-content\/uploads\/2026\/08\/6a3b70ccc59cc9fc4e60007e.jpg\" alt=\"Screen\/IMDb\" loading=\"lazy\"\/><\/p>\n<p>Je\u015bli lubicie od czasu do czasu przypomnie\u0107 sobie losy Shreka, Fiony, Os\u0142a, czy Kota w butach i wielu innych kultowych bohater\u00f3w serii, b\u0105d\u017a jeszcze nie mieli\u015bcie okazji obejrze\u0107 wszystkich czterech pe\u0142nometra\u017cowych film\u00f3w z serii, to mamy \u015bwietn\u0105 wiadomo\u015b\u0107. Od dzisiaj, 27 sierpnia na<br \/>\n<a href=\"https:\/\/rozrywka.radiozet.pl\/tag\/kategoria\/netflix\" target=\"_self\" rel=\"dofollow noopener\">Netflixie<\/a> dost\u0119pna jest kultowa seria, sk\u0142adaj\u0105ca si\u0119 z czterech pe\u0142nometra\u017cowych film\u00f3w. S\u0105 to<br \/>\n<a href=\"https:\/\/rozrywka.radiozet.pl\/tag\/kategoria\/filmy\" target=\"_self\" rel=\"dofollow noopener\"> filmy: \u201eShrek\u201d, \u201eShrek 2\u201d, \u201eShrek Trzeci\u201d, \u201eShrek Forever\u201d.<\/a><\/p>\n<p><a name=\"eztoc26568455_0_6\" id=\"eztoc26568455_0_6\"\/>Shrek zachwyci\u0142 \u015bwiat<\/p>\n<p>\u201eShrek\u201d to ameryka\u0144ski film animowany, kt\u00f3ry premier\u0119 mia\u0142 w 2001 roku. Produkcj\u0119 wyre\u017cyserowali Andrew Adamson i Vicky Jenson. Jest to adaptacja ilustrowanej<br \/>\n<a href=\"https:\/\/rozrywka.radiozet.pl\/tag\/kategoria\/ksiazki\" target=\"_self\" rel=\"dofollow noopener\"> ksi\u0105\u017cki \u201eShrek!\u201d autorstwa Williama Steigna.<\/a><br \/>\n<a href=\"https:\/\/rozrywka.radiozet.pl\/tag\/kategoria\/film\" target=\"_self\" rel=\"dofollow noopener\">Film <\/a>jest pierwszym z ca\u0142ej serii. Produkcja doczeka\u0142a si\u0119 kontynuacji w trzech kolejnych cz\u0119\u015bciach.<\/p>\n<p>Shrek, tytu\u0142owy bohater jest ogrem, kt\u00f3ry samotnie mieszka na bagnie. Odstrasza wszystkich, kt\u00f3rzy pr\u00f3buj\u0105 zak\u0142\u00f3ci\u0107 jego spok\u00f3j. Pewnego dnia wpada na niego gadaj\u0105cy Osio\u0142, kt\u00f3ry ucieka przed \u017co\u0142nierzami. Shrek odstrasza \u017co\u0142nierzy, a Osio\u0142 pr\u00f3buje si\u0119 zaprzyja\u017ani\u0107 z ogrem, czego ten nie odwzajemnia. Pod domem Shreka pojawiaj\u0105 si\u0119 ba\u015bniowe postacie, kt\u00f3re zosta\u0142y wyp\u0119dzone z Duloc przez Lorda Farquaada. Ogr, chc\u0105c odzyska\u0107 swoje bagno wyrusza do Farquaada. Towarzyszy mu Osio\u0142.<\/p>\n<p>Farquaad otrzymuje magiczne zwierciad\u0142o, kt\u00f3re oznajmia, \u017ce aby zosta\u0107 kr\u00f3lem musi po\u015blubi\u0107 kr\u00f3lewn\u0119. Farquaad wybiera Fion\u0119. Po pokonaniu kilku przeszk\u00f3d Shrek i Osio\u0142 docieraj\u0105 do zamku. Ratuj\u0105 Fion\u0119. W O\u015ble zakochuje si\u0119 Smoczyca pilnuj\u0105ca zamku. Ca\u0142a tr\u00f3jka: Fiona, Shrek i Osio\u0142 wyrusza w podr\u00f3\u017c.<\/p>\n<p>Kultowa seria \u201eShrek\u201d sta\u0142a si\u0119 fenomenem i jednym z najwa\u017cniejszych tytu\u0142\u00f3w we wsp\u00f3\u0142czesnej popkulturze.<\/p>\n<p>\u0179r\u00f3d\u0142o: Radio ZET\/Netflix\/<br \/>\n<a href=\"https:\/\/pl.wikipedia.org\/wiki\/Shrek\" target=\"_self\" rel=\"dofollow noopener\">Wikipedia<\/a>\/Filmweb<\/p>\n","protected":false},"excerpt":{"rendered":"Jakie cz\u0119\u015bci kultowej serii s\u0105 dost\u0119pne na Netflixie. O czym opowiada film &#8222;Shrek&#8221;. Jaki jest odbi\u00f3r serii i&hellip;\n","protected":false},"author":2,"featured_media":649073,"comment_status":"","ping_status":"","sticky":false,"template":"","format":"standard","meta":{"footnotes":"","_share_on_mastodon":"0"},"categories":[12],"tags":[816,397,1091,216,1125,42,38,40,39,41],"class_list":["post-649072","post","type-post","status-publish","format-standard","has-post-thumbnail","category-polska","tag-film","tag-filmy","tag-kino","tag-netflix","tag-oscary","tag-pl","tag-poland","tag-polish","tag-polska","tag-polski"],"share_on_mastodon":{"url":"https:\/\/pubeurope.com\/@pl\/117165616651085039","error":""},"_links":{"self":[{"href":"https:\/\/www.europesays.com\/pl\/wp-json\/wp\/v2\/posts\/649072","targetHints":{"allow":["GET"]}}],"collection":[{"href":"https:\/\/www.europesays.com\/pl\/wp-json\/wp\/v2\/posts"}],"about":[{"href":"https:\/\/www.europesays.com\/pl\/wp-json\/wp\/v2\/types\/post"}],"author":[{"embeddable":true,"href":"https:\/\/www.europesays.com\/pl\/wp-json\/wp\/v2\/users\/2"}],"replies":[{"embeddable":true,"href":"https:\/\/www.europesays.com\/pl\/wp-json\/wp\/v2\/comments?post=649072"}],"version-history":[{"count":0,"href":"https:\/\/www.europesays.com\/pl\/wp-json\/wp\/v2\/posts\/649072\/revisions"}],"wp:featuredmedia":[{"embeddable":true,"href":"https:\/\/www.europesays.com\/pl\/wp-json\/wp\/v2\/media\/649073"}],"wp:attachment":[{"href":"https:\/\/www.europesays.com\/pl\/wp-json\/wp\/v2\/media?parent=649072"}],"wp:term":[{"taxonomy":"category","embeddable":true,"href":"https:\/\/www.europesays.com\/pl\/wp-json\/wp\/v2\/categories?post=649072"},{"taxonomy":"post_tag","embeddable":true,"href":"https:\/\/www.europesays.com\/pl\/wp-json\/wp\/v2\/tags?post=649072"}],"curies":[{"name":"wp","href":"https:\/\/api.w.org\/{rel}","templated":true}]}}