{"id":649108,"date":"2026-08-27T05:01:10","date_gmt":"2026-08-27T05:01:10","guid":{"rendered":"https:\/\/www.europesays.com\/pl\/649108\/"},"modified":"2026-08-27T05:01:10","modified_gmt":"2026-08-27T05:01:10","slug":"deus-sex-machina-premiera-we-wroclawiu","status":"publish","type":"post","link":"https:\/\/www.europesays.com\/pl\/649108\/","title":{"rendered":"Deus sex machina &#8211; Premiera we Wroc\u0142awiu"},"content":{"rendered":"<p class=\"atomsHappeningContent__desc\">Premiera spektaklu <br \/>\u201eTo opowie\u015b\u0107 oparta na prawdziwych historiach\u201d \u2013 m\u00f3wi Mateusz Atman. <\/p>\n<p>Jej bohaterami s\u0105 ludzie, kt\u00f3rzy w \u015bwiecie nowych technologii szukaj\u0105 tego samego, czego szukali zawsze: mi\u0142o\u015bci, blisko\u015bci i poczucia bycia potrzebnym. Tw\u00f3rcy si\u0119gaj\u0105 po autentyczne przyk\u0142ady relacji mi\u0119dzy lud\u017ami a sekslalkami, robotami i systemami sztucznej inteligencji, by zada\u0107 pytanie, kt\u00f3re jeszcze niedawno pojawia\u0142o si\u0119 w literaturze science fiction, a dzi\u015b staje si\u0119 cz\u0119\u015bci\u0105 rzeczywisto\u015bci: czy technologia mo\u017ce zast\u0105pi\u0107 intymno\u015b\u0107?<\/p>\n<p>Przedstawienie sk\u0142ada si\u0119 z dw\u00f3ch cz\u0119\u015bci. Pierwsza opowiada o wiejskim uzdrowicielu, kt\u00f3ry po traumatycznym rozstaniu pr\u00f3buje u\u0142o\u017cy\u0107 sobie \u017cycie z sekslalk\u0105. Mateusz Atman wyja\u015bnia, \u017ce maszyna nie przychodzi tutaj z zewn\u0105trz, jako ratunek, ale wchodzi w sam \u015brodek ludzkich potrzeb i problem\u00f3w zwi\u0105zanych z samotno\u015bci\u0105, pragnieniami, brakiem relacji. <\/p>\n<p>W drugiej cz\u0119\u015bci spektaklu przedstawiona zostaje Emma \u2013 seksrobot ze sztuczn\u0105 inteligencj\u0105 wypo\u017cyczony od artystki wizualnej Gosi Wojas. Tw\u00f3rczyni w latach 90. wyemigrowa\u0142a do Stan\u00f3w Zjednoczonych, gdzie w ramach pisania pracy magisterskiej postanowi\u0142a go kupi\u0107 i wyemancypowa\u0107. Dzi\u0119ki pojawieniu si\u0119 Emmy performatywny ch\u00f3r z\u0142o\u017cony z sze\u015bciu aktorek b\u0119dzie m\u00f3g\u0142 skonfrontowa\u0107 konwencjonalne wyobra\u017cenia o kobiecej seksualno\u015bci z cielesn\u0105 praktyk\u0105 sceniczn\u0105. <\/p>\n<p>\u201eTeatr stanie si\u0119 maszyn\u0105 do uruchamiania seksualnej wyobra\u017ani i spe\u0142niania marze\u0144, kt\u00f3re nie mieszcz\u0105 si\u0119 w ani w m\u0119skocentrycznym obiegu pragnie\u0144 erotycznych, ani w urz\u0105dzeniach konstruowanych do ich realizacji\u201d \u2013 podkre\u015bla Agnieszka Jakimiak. <\/p>\n<p>Tw\u00f3rcy Deus sex machina stawiaj\u0105 pytanie, czy technologia, kt\u00f3ra powiela stereotypowe modele kobieco\u015bci \u2013 idealizowane cia\u0142o, dost\u0119pno\u015b\u0107, brak sprzeciwu \u2013 mo\u017ce realnie wspiera\u0107 emancypacj\u0119. <\/p>\n<p>Spektakl rekomendowany od lat 18.<\/p>\n<p>Re\u017cyser: Agnieszka Jakimiak, Mateusz Atman<\/p>\n<p>Obsada: Anna B\u0142aut, Zina Kerste, Anna Kuli\u0144ska-Kieca, Ewa Niemotko, Dominika Probachta, Magdalena Taranta, Tomasz Taranta, Lina Wosik.<\/p>\n<p>Data premiery: 2026-09-11<br \/>Gatunek: inne<br \/>Scenografia: Mateusz Atman<br \/>Muzyka: Teoniki Ro\u017cynek<br \/>\u015awiat\u0142o: Agnieszka Jakimiak<br \/>Kostiumy: Nina Sakowska<\/p>\n","protected":false},"excerpt":{"rendered":"Premiera spektaklu \u201eTo opowie\u015b\u0107 oparta na prawdziwych historiach\u201d \u2013 m\u00f3wi Mateusz Atman. Jej bohaterami s\u0105 ludzie, kt\u00f3rzy w&hellip;\n","protected":false},"author":2,"featured_media":649109,"comment_status":"","ping_status":"","sticky":false,"template":"","format":"standard","meta":{"footnotes":"","_share_on_mastodon":"0"},"categories":[51607],"tags":[6226,10195,42,38,40,39,41,8812,1853,22920],"class_list":["post-649108","post","type-post","status-publish","format-standard","has-post-thumbnail","category-wroclaw","tag-bilety","tag-impreza","tag-pl","tag-poland","tag-polish","tag-polska","tag-polski","tag-spektakle","tag-wroclaw","tag-wydarzenie"],"share_on_mastodon":{"url":"https:\/\/pubeurope.com\/@pl\/117165718508367199","error":""},"_links":{"self":[{"href":"https:\/\/www.europesays.com\/pl\/wp-json\/wp\/v2\/posts\/649108","targetHints":{"allow":["GET"]}}],"collection":[{"href":"https:\/\/www.europesays.com\/pl\/wp-json\/wp\/v2\/posts"}],"about":[{"href":"https:\/\/www.europesays.com\/pl\/wp-json\/wp\/v2\/types\/post"}],"author":[{"embeddable":true,"href":"https:\/\/www.europesays.com\/pl\/wp-json\/wp\/v2\/users\/2"}],"replies":[{"embeddable":true,"href":"https:\/\/www.europesays.com\/pl\/wp-json\/wp\/v2\/comments?post=649108"}],"version-history":[{"count":0,"href":"https:\/\/www.europesays.com\/pl\/wp-json\/wp\/v2\/posts\/649108\/revisions"}],"wp:featuredmedia":[{"embeddable":true,"href":"https:\/\/www.europesays.com\/pl\/wp-json\/wp\/v2\/media\/649109"}],"wp:attachment":[{"href":"https:\/\/www.europesays.com\/pl\/wp-json\/wp\/v2\/media?parent=649108"}],"wp:term":[{"taxonomy":"category","embeddable":true,"href":"https:\/\/www.europesays.com\/pl\/wp-json\/wp\/v2\/categories?post=649108"},{"taxonomy":"post_tag","embeddable":true,"href":"https:\/\/www.europesays.com\/pl\/wp-json\/wp\/v2\/tags?post=649108"}],"curies":[{"name":"wp","href":"https:\/\/api.w.org\/{rel}","templated":true}]}}