{"id":649124,"date":"2026-08-27T05:13:14","date_gmt":"2026-08-27T05:13:14","guid":{"rendered":"https:\/\/www.europesays.com\/pl\/649124\/"},"modified":"2026-08-27T05:13:14","modified_gmt":"2026-08-27T05:13:14","slug":"tysiace-mieszkancow-ceuty-protestowaly-przeciwko-migrantom-interweniowala-policja","status":"publish","type":"post","link":"https:\/\/www.europesays.com\/pl\/649124\/","title":{"rendered":"Tysi\u0105ce mieszka\u0144c\u00f3w Ceuty protestowa\u0142y przeciwko migrantom. Interweniowa\u0142a policja"},"content":{"rendered":"<p>G\u0142\u00f3wna manifestacja rozpocz\u0119\u0142a si\u0119 w centrum miasta. Nast\u0119pnie jej uczestnicy przeszli pod siedzib\u0119 przedstawicielstwa rz\u0105du Hiszpanii. W trakcie tego protestu demonstranci wykrzykiwali has\u0142a przeciwko afryka\u0144skim migrantom, a tak\u017ce przeciwko gabinetowi premiera Pedro Sancheza. W\u015br\u00f3d uczestnik\u00f3w protestu s\u0142ycha\u0107 by\u0142o: &#8222;Nie zostawiajcie nas samych!&#8221;, &#8222;Ceuta jest hiszpa\u0144ska!&#8221;, &#8222;Bronimy Ceuty!&#8221;, a tak\u017ce &#8222;Nie st\u00f3j biernie, chod\u017a z nami!&#8221;. Wielu z nich przysz\u0142o na protest z flagami Hiszpanii.<\/p>\n<p>Dalszy ci\u0105g artyku\u0142u pod materia\u0142em wideoTysi\u0105ce mieszka\u0144c\u00f3w Ceuty protestowa\u0142y przeciwko obecno\u015bci migrant\u00f3w z Maroka<\/p>\n<p>W rozmowach z reporterami lokalnej stacji z Ceuty Faro TV niekt\u00f3rzy demonstranci krytykowali te\u017c w\u0142adze Maroka. Sugerowali, \u017ce to one wywo\u0142a\u0142y kryzys migracyjny w tym autonomicznym mie\u015bcie. Przypominali o wysuwanych w ostatnich dniach roszczeniach terytorialnych cz\u0142onk\u00f3w rz\u0105du w Rabacie wobec Hiszpanii dotycz\u0105cych Ceuty i Melilli.<\/p>\n<p>Bezrobocie i beznadzieja, czyli przera\u017caj\u0105ca twarz Maroka. M\u0142odzi ludzie wol\u0105 st\u0105d ucieka\u0107<img class=\"ods-a-photo ods-a-photo--background\" src=\"https:\/\/www.europesays.com\/pl\/wp-content\/uploads\/2026\/08\/ALHk9lBaHR0cHM6Ly9vY2RuLmV1L3B1bHNjbXMvTURBXy8wMDAwNzcyMWU4ZmE0NTY0ZmUwOGY3MTgxMTc3MWI0OS5qcGeRlQLNA.jpeg\" height=\"300\" width=\"450\" alt=\"Maroko\" loading=\"lazy\" fetchpriority=\"low\" decoding=\"async\"\/><\/p>\n<p>Przed p\u00f3\u0142noc\u0105 grupa kilkuset mieszka\u0144c\u00f3w Ceuty skierowa\u0142a si\u0119 w stron\u0119 pla\u017cy Trampolin, na kt\u00f3rej koczuj\u0105 liczni migranci, wykrzykuj\u0105c w ich stron\u0119 obra\u017aliwe has\u0142a. Obie grupy rozdzieli\u0142a policja. P\u00f3\u017anym wieczorem mniejsze protesty przeciwko licznej obecno\u015bci migrant\u00f3w, g\u0142\u00f3wnie Maroka\u0144czyk\u00f3w, odbywa\u0142y si\u0119 na kilku innych ulicach Ceuty.<\/p>\n<p>Pod koniec lipca (z 30 na 31), przy biernej postawie maroka\u0144skich s\u0142u\u017cb granicznych, do Ceuty wdar\u0142o si\u0119 ok. 80 tys. migrant\u00f3w. Cho\u0107 w ci\u0105gu kolejnych dni do Maroka zawr\u00f3ci\u0142o ponad 70 tys. os\u00f3b, to wci\u0105\u017c tysi\u0105ce nielegalnych przybysz\u00f3w koczuj\u0105 w miejscach publicznych, m.in. na ulicach, pla\u017cy i cmentarzu.<\/p>\n<p>Wtargni\u0119cie migrant\u00f3w zapocz\u0105tkowa\u0142o powa\u017cny kryzys migracyjny. Wed\u0142ug szacunk\u00f3w pozarz\u0105dowej organizacji praw cz\u0142owieka Caminando Fronteras w trakcie masowej przeprawy do Ceuty pod koniec lipca zgin\u0119\u0142o co najmniej 145 os\u00f3b.<\/p>\n","protected":false},"excerpt":{"rendered":"G\u0142\u00f3wna manifestacja rozpocz\u0119\u0142a si\u0119 w centrum miasta. Nast\u0119pnie jej uczestnicy przeszli pod siedzib\u0119 przedstawicielstwa rz\u0105du Hiszpanii. W trakcie&hellip;\n","protected":false},"author":2,"featured_media":649125,"comment_status":"","ping_status":"","sticky":false,"template":"","format":"standard","meta":{"footnotes":"","_share_on_mastodon":"0"},"categories":[14],"tags":[61195,32,33,117048,27,267,116977,34,35,21441,409,28,31,48,25,46,40,41,1622,47,80,29,30,26,82,83,84],"class_list":["post-649124","post","type-post","status-publish","format-standard","has-post-thumbnail","category-swiat","tag-bottomfeed_styl","tag-breaking-news","tag-breakingnews","tag-ceuta","tag-headlines","tag-hiszpania","tag-kryzys_migracyjny","tag-latest-news","tag-latestnews","tag-maroko","tag-migracja","tag-naglowki","tag-najwazniejsze-artykuly","tag-nat_styl","tag-news","tag-omp","tag-polish","tag-polski","tag-protesty","tag-screening_general","tag-swiat","tag-top-stories","tag-topstories","tag-wiadomosci","tag-world","tag-world-news","tag-worldnews"],"share_on_mastodon":{"url":"https:\/\/pubeurope.com\/@pl\/117165767012421213","error":""},"_links":{"self":[{"href":"https:\/\/www.europesays.com\/pl\/wp-json\/wp\/v2\/posts\/649124","targetHints":{"allow":["GET"]}}],"collection":[{"href":"https:\/\/www.europesays.com\/pl\/wp-json\/wp\/v2\/posts"}],"about":[{"href":"https:\/\/www.europesays.com\/pl\/wp-json\/wp\/v2\/types\/post"}],"author":[{"embeddable":true,"href":"https:\/\/www.europesays.com\/pl\/wp-json\/wp\/v2\/users\/2"}],"replies":[{"embeddable":true,"href":"https:\/\/www.europesays.com\/pl\/wp-json\/wp\/v2\/comments?post=649124"}],"version-history":[{"count":0,"href":"https:\/\/www.europesays.com\/pl\/wp-json\/wp\/v2\/posts\/649124\/revisions"}],"wp:featuredmedia":[{"embeddable":true,"href":"https:\/\/www.europesays.com\/pl\/wp-json\/wp\/v2\/media\/649125"}],"wp:attachment":[{"href":"https:\/\/www.europesays.com\/pl\/wp-json\/wp\/v2\/media?parent=649124"}],"wp:term":[{"taxonomy":"category","embeddable":true,"href":"https:\/\/www.europesays.com\/pl\/wp-json\/wp\/v2\/categories?post=649124"},{"taxonomy":"post_tag","embeddable":true,"href":"https:\/\/www.europesays.com\/pl\/wp-json\/wp\/v2\/tags?post=649124"}],"curies":[{"name":"wp","href":"https:\/\/api.w.org\/{rel}","templated":true}]}}