{"id":649178,"date":"2026-08-27T05:56:11","date_gmt":"2026-08-27T05:56:11","guid":{"rendered":"https:\/\/www.europesays.com\/pl\/649178\/"},"modified":"2026-08-27T05:56:11","modified_gmt":"2026-08-27T05:56:11","slug":"rusza-remont-drogi-szczecin-dobieszczyn","status":"publish","type":"post","link":"https:\/\/www.europesays.com\/pl\/649178\/","title":{"rendered":"Rusza remont drogi Szczecin \u2013 Dobieszczyn"},"content":{"rendered":"<p>                        <a href=\"https:\/\/24kurier.pl\/media\/p1dc5uyb\/959163-starostwo-powiatowe-w-policach.jpg\" data-fancybox=\"gallery3\" data-caption=\"Fot. Starostwo Powiatowe w Policach\" rel=\"nofollow noopener\" target=\"_blank\">&#13;<br \/>\n                            &#13;<br \/>\n                            <img decoding=\"async\" src=\"https:\/\/www.europesays.com\/pl\/wp-content\/uploads\/2026\/08\/959163-starostwo-powiatowe-w-policach.jpg\" class=\"img-fluid figure-img\" alt=\"Rusza remont drogi Szczecin \u2013 Dobieszczyn\"\/>&#13;<br \/>\n                        <\/a><\/p>\n<p>&#13;<br \/>\n                            Fot. Starostwo Powiatowe w Policach&#13;<br \/>\n                            &#13;<br \/>\n                                \u00a0&#13;<br \/>\n                            &#13;\n                        <\/p>\n<p>Rozpoczyna si\u0119 jedna z\u00a0najbardziej wyczekiwanych inwestycji drogowych w\u00a0powiecie polickim. Dotyczy odcinka drogi Szczecin \u2013 Dobieszczyn na odcinku Dobra \u2013 Stolec. Powiat przekaza\u0142 plac budowy wykonawcy. Po zatwierdzeniu tymczasowej organizacji ruchu na drodze rozpoczn\u0105 si\u0119 prace zwi\u0105zane z\u00a0frezowaniem nawierzchni.<\/p>\n<p>&#13;<\/p>\n<p>REKLAMA<\/p>\n<p>&#13;<br \/>\n    &#13;<br \/>\n    &#13;<\/p>\n<p>Pierwszy etap rob\u00f3t obejmie odcinek od Stolca do przejazdu przez \u015bcie\u017ck\u0119 rowerow\u0105. Start prac zaplanowano na pocz\u0105tek wrze\u015bnia.<\/p>\n<p>Modernizacja obejmie ponad 7 km drogi. Wykonawca sfrezuje istniej\u0105c\u0105 nawierzchni\u0119 i\u00a0po\u0142o\u017cy now\u0105 warstw\u0119 asfaltu. Zgodnie z\u00a0umow\u0105 na realizacj\u0119 zadania przewidziano cztery miesi\u0105ce.<\/p>\n<p>Inwestycja ma znacz\u0105co poprawi\u0107 bezpiecze\u0144stwo i\u00a0komfort podr\u00f3\u017cowania na tym odcinku drogi.<\/p>\n<p>W\u0142adze powiatu prosz\u0105 kierowc\u00f3w o\u00a0wyrozumia\u0142o\u015b\u0107 i\u00a0przepraszaj\u0105 za utrudnienia, kt\u00f3re mog\u0105 wyst\u0105pi\u0107 w\u00a0trakcie prowadzonych prac.<\/p>\n<p>Wykonawc\u0105 inwestycji jest firma STANLED Sp. z\u00a0o.o.<\/p>\n<p>(K)<\/p>\n<p>REKLAMA<\/p>\n","protected":false},"excerpt":{"rendered":"&#13; &#13; &#13; &#13; Fot. Starostwo Powiatowe w Policach&#13; &#13; \u00a0&#13; &#13; Rozpoczyna si\u0119 jedna z\u00a0najbardziej wyczekiwanych inwestycji&hellip;\n","protected":false},"author":2,"featured_media":649179,"comment_status":"","ping_status":"","sticky":false,"template":"","format":"standard","meta":{"footnotes":"","_share_on_mastodon":"0"},"categories":[51611],"tags":[18709,42,38,40,39,41,126670,3813,2307,127065],"class_list":["post-649178","post","type-post","status-publish","format-standard","has-post-thumbnail","category-szczecin","tag-droga","tag-pl","tag-poland","tag-polish","tag-polska","tag-polski","tag-powiat-policki","tag-remont","tag-szczecin","tag-szczecin-dobieszczyn"],"share_on_mastodon":{"url":"https:\/\/pubeurope.com\/@pl\/117165935542816157","error":""},"_links":{"self":[{"href":"https:\/\/www.europesays.com\/pl\/wp-json\/wp\/v2\/posts\/649178","targetHints":{"allow":["GET"]}}],"collection":[{"href":"https:\/\/www.europesays.com\/pl\/wp-json\/wp\/v2\/posts"}],"about":[{"href":"https:\/\/www.europesays.com\/pl\/wp-json\/wp\/v2\/types\/post"}],"author":[{"embeddable":true,"href":"https:\/\/www.europesays.com\/pl\/wp-json\/wp\/v2\/users\/2"}],"replies":[{"embeddable":true,"href":"https:\/\/www.europesays.com\/pl\/wp-json\/wp\/v2\/comments?post=649178"}],"version-history":[{"count":0,"href":"https:\/\/www.europesays.com\/pl\/wp-json\/wp\/v2\/posts\/649178\/revisions"}],"wp:featuredmedia":[{"embeddable":true,"href":"https:\/\/www.europesays.com\/pl\/wp-json\/wp\/v2\/media\/649179"}],"wp:attachment":[{"href":"https:\/\/www.europesays.com\/pl\/wp-json\/wp\/v2\/media?parent=649178"}],"wp:term":[{"taxonomy":"category","embeddable":true,"href":"https:\/\/www.europesays.com\/pl\/wp-json\/wp\/v2\/categories?post=649178"},{"taxonomy":"post_tag","embeddable":true,"href":"https:\/\/www.europesays.com\/pl\/wp-json\/wp\/v2\/tags?post=649178"}],"curies":[{"name":"wp","href":"https:\/\/api.w.org\/{rel}","templated":true}]}}