{"id":649224,"date":"2026-08-27T06:32:13","date_gmt":"2026-08-27T06:32:13","guid":{"rendered":"https:\/\/www.europesays.com\/pl\/649224\/"},"modified":"2026-08-27T06:32:13","modified_gmt":"2026-08-27T06:32:13","slug":"swieto-solidarnosci-i-wolnosci-w-gdansku-znow-przypomna-wazne-wydarzenia-z-sierpnia-1980","status":"publish","type":"post","link":"https:\/\/www.europesays.com\/pl\/649224\/","title":{"rendered":"\u015awi\u0119to Solidarno\u015bci i Wolno\u015bci w Gda\u0144sku. Zn\u00f3w przypomn\u0105 wa\u017cne wydarzenia z sierpnia 1980"},"content":{"rendered":"<p>                    Z wdzi\u0119czno\u015bci\u0105 my\u015blimy o tamtych rewolucjonistach<\/p>\n<p>W Europejskim Centrum Solidarno\u015bci w sobot\u0119, 29 sierpnia rozpoczn\u0105 si\u0119 obchody \u015awi\u0119ta Solidarno\u015bci i Wolno\u015bci. Potrwaj\u0105 one do poniedzia\u0142ku, 31 sierpnia i b\u0119d\u0105 jednym z g\u0142\u00f3wnych wydarze\u0144 \u015bwi\u0119ta pa\u0144stwowego ustanowionego w 2005 roku przez Sejm RP z okazji wydarze\u0144 z sierpnia 1980 roku.\u00a0<\/p>\n<p>\u2013 Zapraszamy na \u015awi\u0119to Solidarno\u015bci i Wolno\u015bci, we wsp\u00f3lnocie nape\u0142niamy si\u0119 rado\u015bci\u0105, si\u0142\u0105 i nadziej\u0105, kt\u00f3re tak bardzo wszystkim nam s\u0105 potrzebne. Odwaga i wizjonerstwo mniejszo\u015bci 46 lat temu da\u0142y nadziej\u0119 i pierwsze przeb\u0142yski wolno\u015bci wi\u0119kszo\u015bci. Z wdzi\u0119czno\u015bci\u0105 my\u015blimy o tamtych rewolucjonistach, nie trac\u0105c nadziei, \u017ce mi\u0119dzyludzka solidarno\u015b\u0107 i dzi\u015b mo\u017ce zmienia\u0107 \u015bwiat na lepsze \u2013 by\u0107 lekarstwem na nienawi\u015b\u0107 i nacjonalizm, nie\u015b\u0107 nadziej\u0119 s\u0142abszym, samotnym i tym, kt\u00f3rzy wci\u0105\u017c nie zaznali wolno\u015bci, dawa\u0107 odwag\u0119 tym, co walcz\u0105 o pok\u00f3j \u2013 m\u00f3wi, cytowana przez stron\u0119 Europejskiego Centrum Solidarno\u015bci, Magdalena Mistat, p.o. dyrektor ECS.<\/p>\n<p>\u015awi\u0119towanie kolejnej rocznicy wydarze\u0144 z sierpnia 1980 roku w Gda\u0144sku rozpocz\u0119\u0142o si\u0119 kilkana\u015bcie dni temu spacerem po Stoczni Gda\u0144skiej. \u015aladami strajku zwiedzaj\u0105cych poprowadzi\u0142 jego wsp\u00f3\u0142organizator Jerzy Borowczak. A fina\u0142owe wydarzenia zaplanowano w\u0142a\u015bnie na najbli\u017csze dni 29\u201331 sierpnia.<\/p>\n<p>O Solidarno\u015bci dla dzieci<\/p>\n<p>W sobot\u0119 29 sierpnia sporo b\u0119dzie atrakcji dla rodzin z dzie\u0107mi \u2013 warsztaty \u201ePierwsze \u015bwiat\u0142o w stoczni\u201d i czas swobodnej zabawy w Sali Ma\u0142ych Stoczniowc\u00f3w oraz spacery subiektywne po wystawie sta\u0142ej prowadzone przez uczestnik\u00f3w wydarze\u0144 sprzed lat: Henryk\u0119 Krzywonos-Strycharsk\u0105, S\u0142awomira Rybickiego i Chrisa Niedenthala.\u00a0<\/p>\n<p>Na niedziel\u0119, 30 sierpnia zaplanowano m.in. premier\u0119 czytania ilustrowanej ksi\u0105\u017cki Sylwii Chutnik \u201eD\u017cinsy na parapecie. O r\u00f3wno\u015bci dla dzieci\u201d. Inscenizacj\u0119 przygotowali Micha\u0142 Derlatka i zesp\u00f3\u0142 Miejskiego Teatru Miniatura w Gda\u0144sku, a rysunki Magda Danaj. W programie dnia znalaz\u0142y si\u0119 r\u00f3wnie\u017c warsztaty rodzinne m.in. warsztaty stolarskie \u201eBrama stoczniowa\u201d.<\/p>\n<p>Wok\u00f3\u0142 Buzka<\/p>\n<p>Tego dnia go\u015bciem specjalnym b\u0119dzie prof. Jerzy Buzek. Zaplanowano dwa spotkania z udzia\u0142em przyjaci\u00f3\u0142 i wsp\u00f3\u0142pracownik\u00f3w, jedno po\u015bwi\u0119cone jego dzia\u0142alno\u015bci zwi\u0105zkowej \u2013 \u201eMarzyli\u015bmy o wolnej Polsce, nic wi\u0119cej\u201d, a drugie czasowi premierostwa \u2013 \u201ePremier reform\u201d. Prof. Jerzy Buzek poprowadzi te\u017c spacer po wystawie sta\u0142ej pod has\u0142em \u201eSi\u0142a marze\u0144\u201d. Zaplanowano tak\u017ce premier\u0119 filmu dokumentalnego \u201eJerzy Buzek. Si\u0142a marze\u0144\u201d w re\u017cyserii Andrzeja Buchowskiego oraz rozmow\u0119 z bohaterem filmu i dwoma prezydentami \u2013 Bronis\u0142awem Komorowskim i Aleksandrem Kwa\u015bniewskim. Jerzy Buzek odbierze te\u017c Odznak\u0119 Solidarno\u015bci i Praw Cz\u0142owieka ECS.<\/p>\n<p>Natomiast w poniedzia\u0142ek, 31 sierpnia w rocznic\u0119 podpisania Porozumienia Gda\u0144skiego, o godz. 11.00 odb\u0119dzie si\u0119 w ECS \u015bniadanie mi\u0119dzykulturowe \u201ePrzy wsp\u00f3lnym stole\u201d, a w samo po\u0142udnie nast\u0105pi symboliczne otwarcie Bramy nr 2 z udzia\u0142em m.in. sygnatariuszy Porozumienia Gda\u0144skiego i bohater\u00f3w Sierpnia 80. To oczywiste nawi\u0105zanie do historycznego zako\u0144czenia strajku, w\u0142a\u015bnie t\u0105 bram\u0105 i t\u0105 drog\u0105 robotnicy ruszyli do dom\u00f3w.\u00a0<\/p>\n<p>Debaty, odznaczenia i wystawa fotograficzna<\/p>\n<p>\u2013 W poniedzia\u0142ek zapraszamy r\u00f3wnie\u017c na rozmow\u0119 opozycjonist\u00f3w z pierwszej w powojennej historii Polski organizacji otwarcie i jawnie wyst\u0119puj\u0105cej przeciw w\u0142adzom komunistycznym \u2013 \u201e50 lat Komitetu Obrony Robotnik\u00f3w\u201d. Odb\u0119d\u0105 si\u0119 r\u00f3wnie\u017c warsztaty i debata \u2013 \u201ePol(s)ka gotowa 2.0. Rola kobiet w ochronie ludno\u015bci i obronie cywilnej\u201d. A tak\u017ce uroczysto\u015b\u0107 wr\u0119czenia Odznak Solidarno\u015bci i Praw Cz\u0142owieka ECS \u2013 zach\u0119caj\u0105 w ECS.<\/p>\n<p>Odznakami uhonorowani zostan\u0105: Zbigniew Ho\u0142dys, Jerzy Kiszkis, Agnieszka Lichnerowicz, Chris Niedenthal i Piotr Olech.<\/p>\n<p>Dodajmy, \u017ce na czas \u015awi\u0119ta Solidarno\u015bci i Wolno\u015bci na Placu Solidarno\u015bci b\u0119dzie prezentowana wystawa fotograficzna \u201e\u015awi\u0119to podniesionych g\u0142\u00f3w\u201d, a wewn\u0105trz ogrodu zimowego \u2013 oryginalne pami\u0105tki z dni sierpniowego strajku w Stoczni Gda\u0144skiej im. Lenina oraz 12 fotografii oddaj\u0105cych klimat tamtych dni. A dodatkowo na spacery po przygotowanej na te okoliczno\u015b\u0107 wystawie \u2013 w j\u0119zykach polskim i angielskim \u2013 zapraszaj\u0105 certyfikowani przewodnicy ECS.\u00a0<\/p>\n<p>Szczeg\u00f3\u0142owy program (godziny, miejsca i informacja czy wst\u0119p jest darmowy czy biletowany) mo\u017cna znale\u017a\u0107 <a href=\"https:\/\/ecs.gda.pl\/wydarzenie\/ssiw-2026\/\" rel=\"nofollow noopener\" target=\"_blank\">na stronie internetowej ECS<\/a>.<\/p>\n","protected":false},"excerpt":{"rendered":"Z wdzi\u0119czno\u015bci\u0105 my\u015blimy o tamtych rewolucjonistach W Europejskim Centrum Solidarno\u015bci w sobot\u0119, 29 sierpnia rozpoczn\u0105 si\u0119 obchody \u015awi\u0119ta&hellip;\n","protected":false},"author":2,"featured_media":649225,"comment_status":"","ping_status":"","sticky":false,"template":"","format":"standard","meta":{"footnotes":"","_share_on_mastodon":"0"},"categories":[51610],"tags":[6288,65080,1048,42,38,40,39,41,7870],"class_list":["post-649224","post","type-post","status-publish","format-standard","has-post-thumbnail","category-gdansk","tag-ecs","tag-europejskie-centrum-solidarnosci","tag-gdansk","tag-pl","tag-poland","tag-polish","tag-polska","tag-polski","tag-solidarnosc"],"share_on_mastodon":{"url":"","error":""},"_links":{"self":[{"href":"https:\/\/www.europesays.com\/pl\/wp-json\/wp\/v2\/posts\/649224","targetHints":{"allow":["GET"]}}],"collection":[{"href":"https:\/\/www.europesays.com\/pl\/wp-json\/wp\/v2\/posts"}],"about":[{"href":"https:\/\/www.europesays.com\/pl\/wp-json\/wp\/v2\/types\/post"}],"author":[{"embeddable":true,"href":"https:\/\/www.europesays.com\/pl\/wp-json\/wp\/v2\/users\/2"}],"replies":[{"embeddable":true,"href":"https:\/\/www.europesays.com\/pl\/wp-json\/wp\/v2\/comments?post=649224"}],"version-history":[{"count":0,"href":"https:\/\/www.europesays.com\/pl\/wp-json\/wp\/v2\/posts\/649224\/revisions"}],"wp:featuredmedia":[{"embeddable":true,"href":"https:\/\/www.europesays.com\/pl\/wp-json\/wp\/v2\/media\/649225"}],"wp:attachment":[{"href":"https:\/\/www.europesays.com\/pl\/wp-json\/wp\/v2\/media?parent=649224"}],"wp:term":[{"taxonomy":"category","embeddable":true,"href":"https:\/\/www.europesays.com\/pl\/wp-json\/wp\/v2\/categories?post=649224"},{"taxonomy":"post_tag","embeddable":true,"href":"https:\/\/www.europesays.com\/pl\/wp-json\/wp\/v2\/tags?post=649224"}],"curies":[{"name":"wp","href":"https:\/\/api.w.org\/{rel}","templated":true}]}}