{"id":649248,"date":"2026-08-27T06:49:20","date_gmt":"2026-08-27T06:49:20","guid":{"rendered":"https:\/\/www.europesays.com\/pl\/649248\/"},"modified":"2026-08-27T06:49:20","modified_gmt":"2026-08-27T06:49:20","slug":"smiertelne-pobicie-w-krakowie-nagly-zwrot-w-sprawie-zatrzymanego-16-latka","status":"publish","type":"post","link":"https:\/\/www.europesays.com\/pl\/649248\/","title":{"rendered":"\u015amiertelne pobicie w Krakowie. Nag\u0142y zwrot w sprawie zatrzymanego 16-latka"},"content":{"rendered":"<p>Jakub L. zosta\u0142 doprowadzony przez ma\u0142opolskich policjant\u00f3w do s\u0105du rodzinnego 26 sierpnia. By\u0142 jednym z zatrzymanych w zwi\u0105zku z brutalnym pobiciem Jakuba C. ps. Yankes, do kt\u00f3rego dosz\u0142o na osiedlu Willowym w Krakowie.<\/p>\n<p>Wed\u0142ug informacji uzyskanych przez Wirtualn\u0105 Polsk\u0119 s\u0105d uzna\u0142, \u017ce nie ma podstaw do skierowania 16-latka do schroniska dla nieletnich ani do obj\u0119cia go nadzorem. W efekcie Jakub L. opu\u015bci\u0142 s\u0105d jako osoba wolna.<\/p>\n<p>Rzecznik prasowy S\u0105du Okr\u0119gowego w Krakowie ds. cywilnych, s\u0119dzia Zbigniew Zgud, potwierdzi\u0142, \u017ce wobec nastolatka s\u0105d nie zastosowa\u0142 \u017cadnych \u015brodk\u00f3w przewidzianych w ustawie o wspieraniu i resocjalizacji nieletnich.<\/p>\n<p>S\u0105d nagle zmienia decyzj\u0119<\/p>\n<p>Jakub L. od pewnego czasu przebywa\u0142 na urlopie z m\u0142odzie\u017cowego o\u015brodka wychowawczego, do kt\u00f3rego trafi\u0142 z powodu wcze\u015bniejszych konflikt\u00f3w z prawem. S\u0105d mia\u0142 mo\u017cliwo\u015b\u0107 zako\u0144czenia urlopu jednym postanowieniem, jednak nie skorzysta\u0142 z tej opcji. Urlop 16-latka mia\u0142 trwa\u0107 do najbli\u017cszego poniedzia\u0142ku, co oznacza\u0142o, \u017ce przez kilka dni m\u00f3g\u0142 on swobodnie przebywa\u0107 poza plac\u00f3wk\u0105.<\/p>\n<p>Lata, kt\u00f3re nios\u0142y \u015bmier\u0107. Wojna gang\u00f3w w Krakowie<img class=\"ods-a-photo ods-a-photo--background\" src=\"https:\/\/www.europesays.com\/pl\/wp-content\/uploads\/2026\/08\/uFok9lBaHR0cHM6Ly9vY2RuLmV1L3B1bHNjbXMvTURBXy9hOWYyYzVjYWQ5MWZiNmYwZmRkNDVlZWUzOTU1MWU3NS5qcGeRlQLNA.jpeg\" height=\"253\" width=\"450\" alt=\"Kibole na osiedlu Tysi\u0105clecia. Zdj\u0119cie z 2018 r.\" loading=\"lazy\" fetchpriority=\"low\" decoding=\"async\"\/><\/p>\n<p>W tym czasie istnia\u0142o ryzyko, \u017ce Jakub L. m\u00f3g\u0142by pr\u00f3bowa\u0107 wp\u0142ywa\u0107 na \u015bwiadk\u00f3w, opu\u015bci\u0107 kraj lub w inny spos\u00f3b utrudnia\u0107 prowadzone \u015bledztwo. Dopiero po pytaniach skierowanych przez dziennikarzy Wirtualnej Polski s\u0119dzia Zgud poinformowa\u0142, \u017ce urlop ostatecznie zosta\u0142 uchylony i nastolatek ma wr\u00f3ci\u0107 do o\u015brodka wychowawczego.<\/p>\n<p>\u015amiertelne pobicie w KrakowieDo dramatycznych wydarze\u0144 dosz\u0142o w nocy z 20 na 21 sierpnia na osiedlu Willowym w Nowej Hucie w Krakowie. <a href=\"https:\/\/przegladsportowy.onet.pl\/pilka-nozna\/smiertelne-pobicie-w-krakowie-pieciu-mezczyzn-skatowalo-36-latka\/7vxjpsr\" id=\"902f574e-363a-49f2-a3df-e3c50586e4d8\" rel=\"nofollow noopener\" target=\"_blank\">36-letni m\u0119\u017cczyzna zosta\u0142 zaatakowany przez grup\u0119 pi\u0119ciu os\u00f3b<\/a>. Gdy upad\u0142 na chodnik, napastnicy zacz\u0119li go bi\u0107 i kopa\u0107. Mieli r\u00f3wnie\u017c przy sobie ostre narz\u0119dzia. Na miejsce przyjecha\u0142y s\u0142u\u017cby ratunkowe wezwane przez \u015bwiadka, jednak mimo udzielonej pomocy 36-latek zmar\u0142 w karetce.<\/p>\n","protected":false},"excerpt":{"rendered":"Jakub L. zosta\u0142 doprowadzony przez ma\u0142opolskich policjant\u00f3w do s\u0105du rodzinnego 26 sierpnia. By\u0142 jednym z zatrzymanych w zwi\u0105zku&hellip;\n","protected":false},"author":2,"featured_media":649249,"comment_status":"","ping_status":"","sticky":false,"template":"","format":"standard","meta":{"footnotes":"","_share_on_mastodon":"0"},"categories":[12],"tags":[61195,32,33,36,37,27,49,34,35,28,31,48,25,46,42,3823,38,414,40,39,41,412,1598,47,29,30,26,2354],"class_list":["post-649248","post","type-post","status-publish","format-standard","has-post-thumbnail","category-polska","tag-bottomfeed_styl","tag-breaking-news","tag-breakingnews","tag-featured-news","tag-featurednews","tag-headlines","tag-kraj","tag-latest-news","tag-latestnews","tag-naglowki","tag-najwazniejsze-artykuly","tag-nat_styl","tag-news","tag-omp","tag-pl","tag-pobicie","tag-poland","tag-policja","tag-polish","tag-polska","tag-polski","tag-prawo_sady_prawnicy","tag-pseudokibice","tag-screening_general","tag-top-stories","tag-topstories","tag-wiadomosci","tag-wisla_krakow"],"share_on_mastodon":{"url":"https:\/\/pubeurope.com\/@pl\/117166144244285619","error":""},"_links":{"self":[{"href":"https:\/\/www.europesays.com\/pl\/wp-json\/wp\/v2\/posts\/649248","targetHints":{"allow":["GET"]}}],"collection":[{"href":"https:\/\/www.europesays.com\/pl\/wp-json\/wp\/v2\/posts"}],"about":[{"href":"https:\/\/www.europesays.com\/pl\/wp-json\/wp\/v2\/types\/post"}],"author":[{"embeddable":true,"href":"https:\/\/www.europesays.com\/pl\/wp-json\/wp\/v2\/users\/2"}],"replies":[{"embeddable":true,"href":"https:\/\/www.europesays.com\/pl\/wp-json\/wp\/v2\/comments?post=649248"}],"version-history":[{"count":0,"href":"https:\/\/www.europesays.com\/pl\/wp-json\/wp\/v2\/posts\/649248\/revisions"}],"wp:featuredmedia":[{"embeddable":true,"href":"https:\/\/www.europesays.com\/pl\/wp-json\/wp\/v2\/media\/649249"}],"wp:attachment":[{"href":"https:\/\/www.europesays.com\/pl\/wp-json\/wp\/v2\/media?parent=649248"}],"wp:term":[{"taxonomy":"category","embeddable":true,"href":"https:\/\/www.europesays.com\/pl\/wp-json\/wp\/v2\/categories?post=649248"},{"taxonomy":"post_tag","embeddable":true,"href":"https:\/\/www.europesays.com\/pl\/wp-json\/wp\/v2\/tags?post=649248"}],"curies":[{"name":"wp","href":"https:\/\/api.w.org\/{rel}","templated":true}]}}