{"id":649392,"date":"2026-08-27T08:15:08","date_gmt":"2026-08-27T08:15:08","guid":{"rendered":"https:\/\/www.europesays.com\/pl\/649392\/"},"modified":"2026-08-27T08:15:08","modified_gmt":"2026-08-27T08:15:08","slug":"afera-powodziowa-cba-zatrzymala-kolejne-osoby-na-dolnym-slasku","status":"publish","type":"post","link":"https:\/\/www.europesays.com\/pl\/649392\/","title":{"rendered":"Afera powodziowa. CBA zatrzyma\u0142a kolejne osoby na Dolnym \u015al\u0105sku"},"content":{"rendered":"\n<p>&#13;<br \/>\nRzecznik prasowy Ministra Koordynatora S\u0142u\u017cb Specjalnych przekaza\u0142, \u017ce\u00a0na polecenie Prokuratury Europejskiej agenci Centralnego Biura Antykorupcyjnego realizuj\u0105 czynno\u015bci procesowe na\u00a0Dolnym \u015al\u0105sku. &#13;\n<\/p>\n<p>&#13;<br \/>\n&#8222;Ze wzgl\u0119du na\u00a0ich ci\u0105g\u0142o\u015b\u0107 i\u00a0skomplikowany charakter, szczeg\u00f3\u0142owy komunikat prowadzonych przez CBA dzia\u0142a\u0144 zostanie przekazany po\u00a0ich zako\u0144czeniu. S\u0105 to\u00a0wszystkie informacje, kt\u00f3re na\u00a0tym etapie \u015bledztwa mog\u0119 przekaza\u0107&#8221; \u2013\u00a0napisa\u0142 na\u00a0X Jacek Dobrzy\u0144ski. &#13;\n<\/p>\n<p>&#13;<br \/>\nWirtualna Polska nieoficjalnie informuje, \u017ce\u00a0dosz\u0142o do\u00a0zatrzyma\u0144 os\u00f3b zwi\u0105zanych z\u00a0afer\u0105 powodziow\u0105. Mieli oni zosta\u0107 przewiezieni do\u00a0Prokuratury Europejskiej w\u00a0Katowicach. &#13;\n<\/p>\n<p>Afera z\u00a0pomoc\u0105 dla\u00a0powodzian<\/p>\n<p>&#13;<br \/>\nWed\u0142ug ustale\u0144 Wirtualnej Polski, Karkonoska Agencja Rozwoju Regionalnego (KARR) przeznaczy\u0142a blisko 4,5 mln z\u0142\u00a0z\u00a0programu pomocowego dla\u00a0trzech firm z\u00a0tej samej miejscowo\u015bci z\u00a0Dolnego \u015al\u0105sku. Pieni\u0105dze otrzyma\u0142a firma m\u0119\u017ca Anny Konieczy\u0144skiej oraz\u00a0podmioty nale\u017c\u0105ce do\u00a0s\u0105siada by\u0142ej ju\u017c dzia\u0142aczki KO oraz\u00a0w\u0142a\u015bciciela lokalnej telewizji, kt\u00f3ra wsp\u00f3\u0142pracowa\u0142a z\u00a0samorz\u0105dem. Tymczasem z\u00a0danych z\u00a0system\u00f3w satelitarnych oraz\u00a0rejestr\u00f3w stra\u017cy po\u017carnej nie\u00a0wynika, aby\u00a0woda dotar\u0142a do\u00a0wskazanych nieruchomo\u015bci. &#13;\n<\/p>\n<p>&#13;<br \/>\nKARR to\u00a0samorz\u0105dowa sp\u00f3\u0142ka, kt\u00f3ra zajmowa\u0142a si\u0119 dystrybucj\u0105 rz\u0105dowych po\u017cyczek dla\u00a0przedsi\u0119biorc\u00f3w dotkni\u0119tych powodzi\u0105. Od\u00a0lutego 2025\u00a0r. funkcj\u0119 wiceprezesa agencji pe\u0142ni\u0142a Anna Konieczy\u0144ska. Po\u00a0publikacji WP <a href=\"https:\/\/dorzeczy.pl\/ekonomia\/927529\/konieczynska-odwolana-poklosie-afery-z-pomoca-dla-powodzian.html\" rel=\"nofollow noopener\" target=\"_blank\">zosta\u0142a odwo\u0142ana<\/a>. &#13;\n<\/p>\n<p>&#13;<br \/>\nCentralne Biuro Antykorupcyjne sprawdza dokumentacj\u0119 i\u00a0procedury, na\u00a0podstawie kt\u00f3rych przedsi\u0119biorcom wydawano za\u015bwiadczenia potrzebne do\u00a0ubiegania si\u0119 o\u00a0popowodziowe wsparcie. Funkcjonariusze CBA <a href=\"https:\/\/dorzeczy.pl\/kraj\/930796\/jelenia-gora-cba-wchodzi-do-ratusza-chodzi-o-afere-powodziowa.html\" rel=\"nofollow noopener\" target=\"_blank\">prowadz\u0105 kontrol\u0119<\/a> w\u00a0Urz\u0119dzie Miasta Jeleniej G\u00f3ry. Agenci rozmawiaj\u0105 z\u00a0pracownikami urz\u0119du oraz\u00a0prosz\u0105 o\u00a0udost\u0119pnienie dokument\u00f3w. Jak przekaza\u0142 PAP rzecznik prasowy Urz\u0119du Miasta Marcin Ry\u0142ko, magistrat w\u00a0pe\u0142ni wsp\u00f3\u0142pracuje ze\u00a0s\u0142u\u017cbami. &#13;\n<\/p>\n<p>&#13;<br \/>\n   Czytaj te\u017c:<br \/><a href=\"https:\/\/dorzeczy.pl\/opinie\/932311\/okradanie-powodzian.html\" rel=\"follow nofollow noopener\" data-schema=\"DORZECZY\" data-image=\"https:\/\/img.dorzeczy.pl\/_thumb\/ac\/b9\/240b3ab692c6b346ffec92bb3c38.jpeg\" target=\"_blank\">Okradanie powodzian<\/a>   Czytaj te\u017c:<br \/><a href=\"https:\/\/dorzeczy.pl\/kraj\/931045\/konieczynska-wyrzucona-z-partii-po-aferze-powodziowej.html\" rel=\"follow nofollow noopener\" data-schema=\"DORZECZY\" data-image=\"https:\/\/img.dorzeczy.pl\/_thumb\/cc\/4d\/d08ea0c24c7900ede4775e03eb2a.jpeg\" target=\"_blank\">Afera powodziowa. Dzia\u0142aczka KO wykluczona z\u00a0partii<\/a> &#13;<\/p>\n","protected":false},"excerpt":{"rendered":"&#13; Rzecznik prasowy Ministra Koordynatora S\u0142u\u017cb Specjalnych przekaza\u0142, \u017ce\u00a0na polecenie Prokuratury Europejskiej agenci Centralnego Biura Antykorupcyjnego realizuj\u0105 czynno\u015bci&hellip;\n","protected":false},"author":2,"featured_media":649393,"comment_status":"","ping_status":"","sticky":false,"template":"","format":"standard","meta":{"footnotes":"","_share_on_mastodon":"0"},"categories":[12],"tags":[122411,32,33,359,8524,98,36,37,27,49,34,35,28,31,25,42,38,40,39,41,29,30,26,14428],"class_list":["post-649392","post","type-post","status-publish","format-standard","has-post-thumbnail","category-polska","tag-afera-powodziowa","tag-breaking-news","tag-breakingnews","tag-cba","tag-dolny-slask","tag-dorzeczy","tag-featured-news","tag-featurednews","tag-headlines","tag-kraj","tag-latest-news","tag-latestnews","tag-naglowki","tag-najwazniejsze-artykuly","tag-news","tag-pl","tag-poland","tag-polish","tag-polska","tag-polski","tag-top-stories","tag-topstories","tag-wiadomosci","tag-zatrzymania"],"share_on_mastodon":{"url":"https:\/\/pubeurope.com\/@pl\/117166481539045086","error":""},"_links":{"self":[{"href":"https:\/\/www.europesays.com\/pl\/wp-json\/wp\/v2\/posts\/649392","targetHints":{"allow":["GET"]}}],"collection":[{"href":"https:\/\/www.europesays.com\/pl\/wp-json\/wp\/v2\/posts"}],"about":[{"href":"https:\/\/www.europesays.com\/pl\/wp-json\/wp\/v2\/types\/post"}],"author":[{"embeddable":true,"href":"https:\/\/www.europesays.com\/pl\/wp-json\/wp\/v2\/users\/2"}],"replies":[{"embeddable":true,"href":"https:\/\/www.europesays.com\/pl\/wp-json\/wp\/v2\/comments?post=649392"}],"version-history":[{"count":0,"href":"https:\/\/www.europesays.com\/pl\/wp-json\/wp\/v2\/posts\/649392\/revisions"}],"wp:featuredmedia":[{"embeddable":true,"href":"https:\/\/www.europesays.com\/pl\/wp-json\/wp\/v2\/media\/649393"}],"wp:attachment":[{"href":"https:\/\/www.europesays.com\/pl\/wp-json\/wp\/v2\/media?parent=649392"}],"wp:term":[{"taxonomy":"category","embeddable":true,"href":"https:\/\/www.europesays.com\/pl\/wp-json\/wp\/v2\/categories?post=649392"},{"taxonomy":"post_tag","embeddable":true,"href":"https:\/\/www.europesays.com\/pl\/wp-json\/wp\/v2\/tags?post=649392"}],"curies":[{"name":"wp","href":"https:\/\/api.w.org\/{rel}","templated":true}]}}