{"id":649436,"date":"2026-08-27T08:41:12","date_gmt":"2026-08-27T08:41:12","guid":{"rendered":"https:\/\/www.europesays.com\/pl\/649436\/"},"modified":"2026-08-27T08:41:12","modified_gmt":"2026-08-27T08:41:12","slug":"to-moze-byc-inna-zima-od-poprzedniej-taka-pogoda-czeka-nas-od-grudnia-do-lutego","status":"publish","type":"post","link":"https:\/\/www.europesays.com\/pl\/649436\/","title":{"rendered":"To mo\u017ce by\u0107 inna zima od poprzedniej. Taka pogoda czeka nas od grudnia do lutego"},"content":{"rendered":"<p>Jak wskazuje SWE, tegoroczna zima mo\u017ce w du\u017cej mierze zale\u017ce\u0107 od anomalii <a href=\"https:\/\/wiadomosci.onet.pl\/el-nino\" id=\"7ef3671e-ce3b-4d6b-932c-377eb095d9b7\" rel=\"nofollow noopener\" target=\"_blank\">El Ni\u00f1o<\/a>, jaka rozwija si\u0119 na Pacyfiku. Prawdopodobnie w kolejnych miesi\u0105cach osi\u0105gnie ona swoje apogeum i zarazem niezwyk\u0142\u0105 si\u0142\u0119. Eksperci zaznaczaj\u0105, \u017ce przesz\u0142o\u015bci, gdy mieli\u015bmy do czynienia z tak\u0105 sytuacj\u0105, okres od grudnia do lutego w Europie cz\u0119sto bywa\u0142 \u0142agodny, co mo\u017ce oznacza\u0107, \u017ce r\u00f3wnie\u017c w tym sezonie czeka nas cieplejsza <a href=\"https:\/\/wiadomosci.onet.pl\/zima\" id=\"4365f2dd-fca0-41ae-ac96-133e2edacafa\" rel=\"nofollow noopener\" target=\"_blank\">zima<\/a> ni\u017c poprzednia, lecz bez ekstrem\u00f3w.Policzyli\u015bmy, kt\u00f3re miasta najgorzej znosz\u0105 upa\u0142y. Sprawd\u017a nasz ranking.<img class=\"ods-a-photo ods-a-photo--background\" src=\"https:\/\/www.europesays.com\/pl\/wp-content\/uploads\/2026\/08\/1787820070_83_PMkk9lBaHR0cHM6Ly9vY2RuLmV1L3B1bHNjbXMvTURBXy9iYTBhZWM2NzBiOTI0NDA0N2U0NDJjMTg2MmUzMDQwYS5wbmeRlQLNA.jpeg\" height=\"199\" width=\"450\" alt=\"Indeks podatno\u015bci na upa\u0142y\" loading=\"lazy\" fetchpriority=\"low\" decoding=\"async\"\/>Pojawi\u0142a si\u0119 pierwsza prognoza na zim\u0119 dla Europy. Taka pogoda mo\u017ce nas czeka\u0107 od grudnia do lutego<\/p>\n<p>Potwierdzaj\u0105 to prognozy Europejskiego Centrum Prognoz \u015arednioterminowych (ECMWF), wed\u0142ug kt\u00f3rych grudzie\u0144, stycze\u0144 i luty b\u0119d\u0105 w Polsce, ale i w wi\u0119kszo\u015bci Starego Kontynentu, \u015brednio o 1-2 st. C cieplejsze od \u015bredniej. Jest to wyra\u017ana, ale nie wyj\u0105tkowo du\u017ca anomalia, niemniej mo\u017ce \u015bwiadczy\u0107 o tym, \u017ce na razie jest du\u017ce prawdopodobie\u0144stwo, i\u017c zim\u0105 pojawi si\u0119 nieco wi\u0119cej cieplejszych dni ni\u017c mro\u017anych.<\/p>\n<p><img class=\"ods-a-photo ods-a-photo--background\" src=\"https:\/\/www.europesays.com\/pl\/wp-content\/uploads\/2026\/08\/v8vk9lBaHR0cHM6Ly9vY2RuLmV1L3B1bHNjbXMvTURBXy80YTk5NjQyNzk2YzUzNmNjYTlmZmUyM2VhZTg3NWRlNi5wbmeRkwXNB.jpeg\" height=\"495\" width=\"725\" alt=\"Przed nami prawdopodobnie do\u015b\u0107 ciep\u0142a zima\" loading=\"lazy\" fetchpriority=\"auto\" decoding=\"auto\" url=\"https:\/\/ocdn.eu\/pulscms\/MDA_\/4a99642796c536cca9ffe23eae875de6.png\" description=\"Przed nami prawdopodobnie do\u015b\u0107 ciep\u0142a zima\" author=\"charts.ecmwf.int\" source=\"\" link=\"\"\/><\/p>\n<p>charts.ecmwf.int<\/p>\n<p>Przed nami prawdopodobnie do\u015b\u0107 ciep\u0142a zima<\/p>\n<p>Po ostatnich do\u015b\u0107 suchych zimach ta najbli\u017csza mo\u017ce przynie\u015b\u0107 r\u00f3wnie\u017c nadmiar opad\u00f3w, zar\u00f3wno deszczu, jak i \u015bniegu. Dotyczy to nie tylko Polski, ale r\u00f3wnie\u017c wi\u0119kszo\u015bci Europy. Szczeg\u00f3lnie sporo pada\u0107 powinno w pasie od Hiszpanii po Alpy oraz w okolicach Morza Czarnego.<\/p>\n<p>Dalszy ci\u0105g artyku\u0142u pod materia\u0142em wideoTakie prognozy <a href=\"https:\/\/wiadomosci.onet.pl\/pogoda\" id=\"d0fca2f2-9299-492e-aff6-62612adc952d\" rel=\"nofollow noopener\" target=\"_blank\">pogody<\/a> to jednak bardzo dobra informacja, poniewa\u017c Europa z powodu s\u0142onecznego i ekstremalnie gor\u0105cego lata walczy z katastrofaln\u0105 susz\u0105, a tak\u017ce z po\u017carami. Obecnie ka\u017cdy, nawet niewielki opad, jest na wag\u0119 z\u0142ota.<img class=\"ods-a-photo ods-a-photo--background\" src=\"https:\/\/www.europesays.com\/pl\/wp-content\/uploads\/2026\/08\/qO6k9lBaHR0cHM6Ly9vY2RuLmV1L3B1bHNjbXMvTURBXy80ZTg5ZDE2NTk5MWI4ZDllZmMzZTU5YzgzMzFiMzE5Mi5wbmeRkwXNB.jpeg\" height=\"495\" width=\"725\" alt=\"To mo\u017ce by\u0107 wilgotna zima w wi\u0119kszo\u015bci Europy\" loading=\"lazy\" fetchpriority=\"auto\" decoding=\"auto\" url=\"https:\/\/ocdn.eu\/pulscms\/MDA_\/4e89d165991b8d9efc3e59c8331b3192.png\" description=\"To mo\u017ce by\u0107 wilgotna zima w wi\u0119kszo\u015bci Europy\" author=\"charts.ecmwf.int\" source=\"\" link=\"\"\/><\/p>\n<p>charts.ecmwf.int<\/p>\n<p>To mo\u017ce by\u0107 wilgotna zima w wi\u0119kszo\u015bci Europy<\/p>\n<p>Portal Severe Weather Europe dokona\u0142 r\u00f3wnie\u017c analizy tych prognoz pod k\u0105tem opad\u00f3w \u015bniegu. Wynika z nich, \u017ce od grudnia do lutego mniej bia\u0142ego puchu ni\u017c zwykle spadnie w wi\u0119kszo\u015bci zachodniej i po\u0142udniowej cz\u0119\u015bci kontynentu oraz na zachodzie Skandynawii. Natomiast na wschodzie Europy i miejscami w Alpach \u015bniegu pojawi si\u0119 wi\u0119cej ni\u017c zwykle. Polska, w \u015bwietle obecnych prognoz, ma si\u0119 znale\u017a\u0107 na granicy \u2014 na zachodzie sypa\u0107 ma s\u0142abiej i rzadziej, a w g\u00f3rach i na p\u00f3\u0142nocnym wschodzie \u2014 nieznacznie mocniej oraz cz\u0119\u015bciej.<\/p>\n<p><img class=\"ods-a-photo ods-a-photo--background\" src=\"https:\/\/www.europesays.com\/pl\/wp-content\/uploads\/2026\/08\/T0Nk9lBaHR0cHM6Ly9vY2RuLmV1L3B1bHNjbXMvTURBXy9iNTg5OTRjNmU2MzE4ODZjZDJiMWE2MmNkODY0ZDYxMi5wbmeRkwXNB.jpeg\" height=\"800\" width=\"910\" alt=\"Prognoza anomalii opad\u00f3w \u015bniegu w Europie od grudnia do lutego\" loading=\"lazy\" fetchpriority=\"auto\" decoding=\"auto\" url=\"https:\/\/ocdn.eu\/pulscms\/MDA_\/b58994c6e631886cd2b1a62cd864d612.png\" description=\"Prognoza anomalii opad\u00f3w \u015bniegu w Europie od grudnia do lutego\" author=\"Severe Weather Europe\" source=\"\" link=\"\"\/><\/p>\n<p>Severe Weather Europe<\/p>\n<p>Prognoza anomalii opad\u00f3w \u015bniegu w Europie od grudnia do lutego<\/p>\n<p>Przypominamy jednak, \u017ce s\u0105 to dopiero wst\u0119pne i og\u00f3lne prognozy, maj\u0105ce jedynie wskaza\u0107 mo\u017cliwy trend w pogodzie w nast\u0119pnych miesi\u0105cach. W kolejnych aktualizacjach mog\u0105 one ulega\u0107 znacznym zmianom, a najnowsze przewidywania b\u0119dziemy na bie\u017c\u0105co przedstawia\u0107 w Onecie.<\/p>\n","protected":false},"excerpt":{"rendered":"Jak wskazuje SWE, tegoroczna zima mo\u017ce w du\u017cej mierze zale\u017ce\u0107 od anomalii El Ni\u00f1o, jaka rozwija si\u0119 na&hellip;\n","protected":false},"author":2,"featured_media":649437,"comment_status":"","ping_status":"","sticky":false,"template":"","format":"standard","meta":{"footnotes":"","_share_on_mastodon":"0"},"categories":[16],"tags":[113,61195,112,6987,48,46,42,78,38,40,39,41,47,7312,7441],"class_list":["post-649436","post","type-post","status-publish","format-standard","has-post-thumbnail","category-biznes","tag-biznes","tag-bottomfeed_styl","tag-business","tag-mroz","tag-nat_styl","tag-omp","tag-pl","tag-pogoda","tag-poland","tag-polish","tag-polska","tag-polski","tag-screening_general","tag-snieg","tag-zima"],"share_on_mastodon":{"url":"https:\/\/pubeurope.com\/@pl\/117166583838191443","error":""},"_links":{"self":[{"href":"https:\/\/www.europesays.com\/pl\/wp-json\/wp\/v2\/posts\/649436","targetHints":{"allow":["GET"]}}],"collection":[{"href":"https:\/\/www.europesays.com\/pl\/wp-json\/wp\/v2\/posts"}],"about":[{"href":"https:\/\/www.europesays.com\/pl\/wp-json\/wp\/v2\/types\/post"}],"author":[{"embeddable":true,"href":"https:\/\/www.europesays.com\/pl\/wp-json\/wp\/v2\/users\/2"}],"replies":[{"embeddable":true,"href":"https:\/\/www.europesays.com\/pl\/wp-json\/wp\/v2\/comments?post=649436"}],"version-history":[{"count":0,"href":"https:\/\/www.europesays.com\/pl\/wp-json\/wp\/v2\/posts\/649436\/revisions"}],"wp:featuredmedia":[{"embeddable":true,"href":"https:\/\/www.europesays.com\/pl\/wp-json\/wp\/v2\/media\/649437"}],"wp:attachment":[{"href":"https:\/\/www.europesays.com\/pl\/wp-json\/wp\/v2\/media?parent=649436"}],"wp:term":[{"taxonomy":"category","embeddable":true,"href":"https:\/\/www.europesays.com\/pl\/wp-json\/wp\/v2\/categories?post=649436"},{"taxonomy":"post_tag","embeddable":true,"href":"https:\/\/www.europesays.com\/pl\/wp-json\/wp\/v2\/tags?post=649436"}],"curies":[{"name":"wp","href":"https:\/\/api.w.org\/{rel}","templated":true}]}}