{"id":649480,"date":"2026-08-27T09:08:23","date_gmt":"2026-08-27T09:08:23","guid":{"rendered":"https:\/\/www.europesays.com\/pl\/649480\/"},"modified":"2026-08-27T09:08:23","modified_gmt":"2026-08-27T09:08:23","slug":"nadchodzi-skladany-iphone-apple-potwierdzilo-date-wielkiej-premiery","status":"publish","type":"post","link":"https:\/\/www.europesays.com\/pl\/649480\/","title":{"rendered":"Nadchodzi sk\u0142adany iPhone. Apple potwierdzi\u0142o dat\u0119 wielkiej premiery"},"content":{"rendered":"<p style=\"text-align:justify\">Apple potwierdzi\u0142o termin swojego najwa\u017cniejszego jesiennego wydarzenia. Konferencja \u201eSurprise and Shine\u201d odb\u0119dzie si\u0119 9 wrze\u015bnia o godzinie 19:00 czasu polskiego. G\u0142\u00f3wnymi bohaterami b\u0119d\u0105 za\u015b przede wszystkim iPhone 18 Pro, iPhone 18 Pro Max oraz d\u0142ugo wyczekiwany sk\u0142adany iPhone Fold.<\/p>\n<p style=\"text-align:justify\">To w\u0142a\u015bnie ten ostatni mo\u017ce wzbudzi\u0107 najwi\u0119ksze emocje. Pierwszy sk\u0142adany smartfon Apple ma otrzyma\u0107 ekran pozbawiony widocznego zagi\u0119cia, co od lat pozostaje jednym z najwi\u0119kszych wyzwa\u0144 konstrukcyjnych dla producent\u00f3w takich urz\u0105dze\u0144. Apple b\u0119dzie musia\u0142o jednak udowodni\u0107, \u017ce rozwi\u0105zanie sprawdza si\u0119 nie tylko na materia\u0142ach promocyjnych.\u00a0<\/p>\n<blockquote><p>&#13;<\/p>\n<p style=\"text-align:justify\">Apple potwierdzi\u0142o termin swojego najwa\u017cniejszego jesiennego wydarzenia. Konferencja \u201eSurprise and Shine\u201d odb\u0119dzie si\u0119 9 wrze\u015bnia o godzinie 19:00 czasu polskiego.<\/p>\n<p>&#13;\n<\/p><\/blockquote>\n<p>A20 Pro i pierwsze uk\u0142ady wykonane w 2 nm<\/p>\n<p style=\"text-align:justify\">Wszystkie trzy nowe flagowce maj\u0105 korzysta\u0107 z procesora A20 Pro, kt\u00f3ry ma by\u0107 pierwszym smartfonowym uk\u0142adem Apple wykonanym w technologii 2 nm. Nowy proces produkcyjny powinien pozwoli\u0107 zwi\u0119kszy\u0107 wydajno\u015b\u0107 i efektywno\u015b\u0107 energetyczn\u0105, cho\u0107 na szczeg\u00f3\u0142owe informacje dotycz\u0105ce specyfikacji b\u0119dziemy musieli poczeka\u0107 do premiery.<\/p>\n<p style=\"text-align:justify\">Apple ma r\u00f3wnie\u017c przygotowywa\u0107 kolejne produkty. Podczas wydarzenia mog\u0105 zosta\u0107 zaprezentowane zegarki Apple Watch Series 12 i Apple Watch Ultra 4, a tak\u017ce d\u0142ugo wyczekiwany domowy hub, nowa generacja Apple TV 4K czy HomePod mini.<\/p>\n<p>Nie tylko sprz\u0119t. Apple poda daty aktualizacji system\u00f3w<\/p>\n<p style=\"text-align:justify\">Wrze\u015bniowa konferencja mo\u017ce by\u0107 r\u00f3wnie\u017c okazj\u0105 do og\u0142oszenia termin\u00f3w udost\u0119pnienia nowych wersji system\u00f3w operacyjnych. U\u017cytkownicy mog\u0105 oczekiwa\u0107 informacji dotycz\u0105cych m.in. iOS 27, iPadOS 27 oraz macOS 27.<\/p>\n<p style=\"text-align:justify\">Na uwag\u0119 zas\u0142uguje tak\u017ce kwestia dost\u0119pno\u015bci nowych smartfon\u00f3w. Przedsprzeda\u017c iPhone&#8217;a 18 Pro oraz 18 Pro Max ma rozpocz\u0105\u0107 si\u0119 prawdopodobnie w pi\u0105tek po prezentacji. iPhone Fold mo\u017ce by\u0107 natomiast znacznie trudniej dost\u0119pny.<\/p>\n<p>Sk\u0142adany iPhone mo\u017ce by\u0107 produktem deficytowym<\/p>\n<p style=\"text-align:justify\">Produkcja sk\u0142adanego modelu ma by\u0107 bardziej skomplikowana ze wzgl\u0119du na wymagaj\u0105ce tolerancje, zawias oraz konstrukcj\u0119 elastycznego ekranu. To mo\u017ce ograniczy\u0107 pocz\u0105tkowe dostawy i sprawi\u0107, \u017ce zdobycie pierwszego sk\u0142adanego iPhone&#8217;a b\u0119dzie trudniejsze ni\u017c zakup klasycznych modeli.<\/p>\n<p style=\"text-align:justify\">Jeste\u015bmy niezmiernie ciekawi, co ciekawe Apple wymy\u015bli w kategorii sk\u0142adak\u00f3w i czy klasyczny &#8222;emejzing&#8221; firmy b\u0119dzie jedynie marketingowym, czy rzeczywi\u015bcie zobaczymy co\u015b nowego w tym segmencie.<\/p>\n<p class=\"m-0\">Spodoba\u0142o Ci si\u0119? Podziel si\u0119 ze znajomymi!<\/p>\n","protected":false},"excerpt":{"rendered":"Apple potwierdzi\u0142o termin swojego najwa\u017cniejszego jesiennego wydarzenia. Konferencja \u201eSurprise and Shine\u201d odb\u0119dzie si\u0119 9 wrze\u015bnia o godzinie 19:00&hellip;\n","protected":false},"author":2,"featured_media":649481,"comment_status":"","ping_status":"","sticky":false,"template":"","format":"standard","meta":{"footnotes":"","_share_on_mastodon":"0"},"categories":[20],"tags":[489,6203,120,118,119,42,38,40,39,41,116,114,115,121,117],"class_list":["post-649480","post","type-post","status-publish","format-standard","has-post-thumbnail","category-nauka-i-technika","tag-apple","tag-iphone","tag-nauka","tag-nauka-i-technika","tag-naukatechnika","tag-pl","tag-poland","tag-polish","tag-polska","tag-polski","tag-science","tag-science-and-technology","tag-sciencetechnology","tag-technika","tag-technology"],"share_on_mastodon":{"url":"https:\/\/pubeurope.com\/@pl\/117166689796811494","error":""},"_links":{"self":[{"href":"https:\/\/www.europesays.com\/pl\/wp-json\/wp\/v2\/posts\/649480","targetHints":{"allow":["GET"]}}],"collection":[{"href":"https:\/\/www.europesays.com\/pl\/wp-json\/wp\/v2\/posts"}],"about":[{"href":"https:\/\/www.europesays.com\/pl\/wp-json\/wp\/v2\/types\/post"}],"author":[{"embeddable":true,"href":"https:\/\/www.europesays.com\/pl\/wp-json\/wp\/v2\/users\/2"}],"replies":[{"embeddable":true,"href":"https:\/\/www.europesays.com\/pl\/wp-json\/wp\/v2\/comments?post=649480"}],"version-history":[{"count":0,"href":"https:\/\/www.europesays.com\/pl\/wp-json\/wp\/v2\/posts\/649480\/revisions"}],"wp:featuredmedia":[{"embeddable":true,"href":"https:\/\/www.europesays.com\/pl\/wp-json\/wp\/v2\/media\/649481"}],"wp:attachment":[{"href":"https:\/\/www.europesays.com\/pl\/wp-json\/wp\/v2\/media?parent=649480"}],"wp:term":[{"taxonomy":"category","embeddable":true,"href":"https:\/\/www.europesays.com\/pl\/wp-json\/wp\/v2\/categories?post=649480"},{"taxonomy":"post_tag","embeddable":true,"href":"https:\/\/www.europesays.com\/pl\/wp-json\/wp\/v2\/tags?post=649480"}],"curies":[{"name":"wp","href":"https:\/\/api.w.org\/{rel}","templated":true}]}}