{"id":649484,"date":"2026-08-27T09:10:13","date_gmt":"2026-08-27T09:10:13","guid":{"rendered":"https:\/\/www.europesays.com\/pl\/649484\/"},"modified":"2026-08-27T09:10:13","modified_gmt":"2026-08-27T09:10:13","slug":"kanada-daje-europie-lekcje-w-wojnie-gospodarczej-przeciwko-trumpowi-trafia-w-czule-punkty-usa-analiza","status":"publish","type":"post","link":"https:\/\/www.europesays.com\/pl\/649484\/","title":{"rendered":"Kanada daje Europie lekcj\u0119 w wojnie gospodarczej przeciwko Trumpowi. Trafia w czu\u0142e punkty USA [ANALIZA]"},"content":{"rendered":"<p>Tego Donald Trump raczej si\u0119 nie spodziewa\u0142. To w\u0142a\u015bnie Kanada, najbli\u017cszy s\u0105siad USA, znacznie s\u0142absza zar\u00f3wno pod wzgl\u0119dem militarnym, jak i gospodarczym, postanowi\u0142a mu si\u0119 postawi\u0107. Na wprowadzenie 50-procentowych ce\u0142 karnych Trumpa, premier Kanady Mark Carney odpowiada niespodziewanie c\u0142ami odwetowymi tej samej wysoko\u015bci.<\/p>\n<p>Cho\u0107 uk\u0142ad si\u0142 jest jasny, Kanada, b\u0119d\u0105ca s\u0142abszym graczem, dysponuje pot\u0119\u017cn\u0105 d\u017awigni\u0105 wp\u0142ywu wobec gospodarczego giganta, jakim s\u0105 USA. Ottawa wykorzystuje t\u0119 przewag\u0119 tam, gdzie najbardziej zaboli Amerykan\u00f3w. To podr\u0119cznikowy przyk\u0142ad buntu wobec polityki Trumpa, z kt\u00f3rego Europa powinna wyci\u0105gn\u0105\u0107 wnioski.<\/p>\n<p>Jeszcze do niedawna wsp\u00f3\u0142praca mi\u0119dzy Kanad\u0105 a USA uk\u0142ada\u0142a si\u0119 bez zarzutu. W ubieg\u0142ym roku warto\u015b\u0107 handlu towarami i us\u0142ugami wynios\u0142a 880 mld dol. (3 bln 243 mld z\u0142). Wielu Kanadyjczyk\u00f3w pracuje w USA, a wielu Amerykan\u00f3w zarabia na \u017cycie w Kanadzie.<\/p>\n<p>Od soboty w USA obowi\u0105zuj\u0105 50-procentowe c\u0142a karne na kanadyjskie towary, takie jak alkohol, produkty mleczne, meble, sklejka i kije hokejowe. Pow\u00f3d? Wed\u0142ug Trumpa Kanada wykorzystuje Stany Zjednoczone. Od 2027 r. prezydent USA zamierza r\u00f3wnie\u017c podnie\u015b\u0107 c\u0142a na samochody, ci\u0119\u017car\u00f3wki, cz\u0119\u015bci samochodowe i stal do 50 proc. C\u0142a na kanadyjski import maj\u0105 przynie\u015b\u0107 oko\u0142o 20 mld dol. (73 mld 704 mln z\u0142).<\/p>\n<p>C\u0142a Trumpa mocno uderzaj\u0105 w Kanad\u0119. Oko\u0142o 70 proc. ca\u0142ego kanadyjskiego eksportu trafia bowiem do Stan\u00f3w Zjednoczonych.<\/p>\n<p>Carney przyst\u0119puje do kontrataku<\/p>\n<p>Zamiast narzeka\u0107 i ugi\u0105\u0107 si\u0119, premier Carney nie zwleka\u0142 ani chwili. Po nieudanych negocjacjach przeszed\u0142 do kontrataku. Og\u0142osi\u0142, \u017ce od 8 wrze\u015bnia wprowadzi c\u0142a odwetowe si\u0119gaj\u0105ce nawet 50 proc. Obejm\u0105 one ameryka\u0144skie produkty, takie jak stal, aluminium, sprz\u0119t AGD, sprz\u0119t rolniczy, celuloza, papier i elektronika. Wp\u0142ywy z ce\u0142 na import z USA maj\u0105 zasili\u0107 kanadyjski bud\u017cet kwot\u0105 ok. 20 mld dol. ameryka\u0144skich (73 mld 704 mln z\u0142).<\/p>\n<p>Trump eskaluje wojn\u0119 handlow\u0105 z Kanad\u0105. Jednego nie przewidzia\u0142. &#8222;To USA maj\u0105 wi\u0119cej do stracenia&#8221;<img class=\"ods-a-photo ods-a-photo--background\" src=\"https:\/\/www.europesays.com\/pl\/wp-content\/uploads\/2026\/08\/5_ck9lBaHR0cHM6Ly9vY2RuLmV1L3B1bHNjbXMvTURBXy83MTdiZDg5MDY1YjQ5MWM0NTcxZDcxYjA0Yjg3MjI2Yi5qcGeRlQLNA.jpeg\" height=\"300\" width=\"450\" alt=\"Donald Trump\" loading=\"lazy\" fetchpriority=\"low\" decoding=\"async\"\/><\/p>\n<p>Trump gotuje si\u0119 z gniewu. W odpowiedzi na kanadyjski kontratak zagrozi\u0142 konsekwencjami, kt\u00f3re b\u0119d\u0105 &#8222;znacznie gorsze&#8221; ni\u017c na\u0142o\u017cone c\u0142a. Carney przyjmuje jednak kolejne gro\u017aby ze spokojem. Ma bowiem w zanadrzu narz\u0119dzia, kt\u00f3re ucz\u0105 inne ukarane kraje nast\u0119puj\u0105cych rzeczy:<\/p>\n<p>1. Niedoceniana d\u017awignia wp\u0142ywu<\/p>\n<p>Cho\u0107 pod wzgl\u0119dem ludno\u015bci, pot\u0119gi gospodarczej i si\u0142y militarnej USA maj\u0105 nad Kanad\u0105 przewag\u0119, Ottawa wci\u0105\u017c mo\u017ce dotkliwie uderzy\u0107 w tego giganta. Jako by\u0142y prezes banku centralnego Mark Carney zna bowiem s\u0142abe punkty ameryka\u0144skiej gospodarki.<\/p>\n<p>Dalszy ci\u0105g artyku\u0142u pod materia\u0142em wideo<\/p>\n<p>Jedna ze strategii uderza w stany z kluczowymi dla USA ga\u0142\u0119ziami przemys\u0142u. Inna \u2014 w ameryka\u0144skie przedsi\u0119biorstwa po\u0142o\u017cone w pobli\u017cu granicy, dla kt\u00f3rych Kanada jest najwa\u017cniejszym odbiorc\u0105. W tych regionach nacisk lokalnych grup interesu na Bia\u0142y Dom gwa\u0142townie wzro\u015bnie.<\/p>\n<p>2. Nowe partnerstwa<\/p>\n<p>Kanada rozgl\u0105da si\u0119 te\u017c za nowymi, niezawodnymi partnerami. Ci\u0105g\u0142e spory z Trumpem posun\u0119\u0142y si\u0119 nawet tak daleko, \u017ce fi\u0144ski prezydent Alexander Stubb zaproponowa\u0142 w czerwcu przyj\u0119cie Kanady do UE. \u2014 Czy nie by\u0142oby wspaniale, gdyby Kanada by\u0142a 28. pa\u0144stwem cz\u0142onkowskim UE zamiast 51. stanem USA? \u2014 powiedzia\u0142 w\u00f3wczas Stubb.<\/p>\n<p>Prawdopodobnie nie dojdzie do tego, poniewa\u017c zgodnie z traktatem UE tylko pa\u0144stwa europejskie mog\u0105 ubiega\u0107 si\u0119 o cz\u0142onkostwo. Zamiast tego umowa o wolnym handlu CETA mi\u0119dzy UE a Kanad\u0105 zyskuje nowe strategiczne znaczenie. Zwyk\u0142y uk\u0142ad handlowy staje si\u0119 tarcz\u0105 chroni\u0105c\u0105 przed samowol\u0105 USA.<\/p>\n<p>Carney chce p\u00f3j\u015b\u0107 dalej. W styczniu podczas \u015awiatowego Forum Ekonomicznego w Davos zdradzi\u0142 swoje plany. Zamierza zacie\u015bni\u0107 wsp\u00f3\u0142prac\u0119 mi\u0119dzy Partnerstwem Transpacyficznym (CPTPP), do kt\u00f3rego nale\u017c\u0105 m.in. Kanada, Australia, Japonia, Wielka Brytania i Nowa Zelandia, a Uni\u0105 Europejsk\u0105. Gdyby do CPTPP do\u0142\u0105czy\u0142y te\u017c Chiny, powsta\u0142by blok handlowy obejmuj\u0105cy 1,5 mld ludzi i generuj\u0105cy 48,5 proc. \u015bwiatowego PKB.<\/p>\n<p>3. Sygna\u0142 dla Europy<\/p>\n<p>Wyst\u0105pienie Carney\u2019a na \u015awiatowym Forum Gospodarczym powinno da\u0107 Europie do my\u015blenia. Jego g\u0142\u00f3wna teza brzmi: kto pr\u00f3buje powstrzyma\u0107 protekcjonizm poprzez ust\u0119pstwa, nara\u017ca si\u0119 na szanta\u017c. Jest to dok\u0142adnie ta sama zasada, zgodnie z kt\u00f3r\u0105 zareagowa\u0142 on na c\u0142a odwetowe Trumpa.<\/p>\n<p>Jako supermocarstwo Stany Zjednoczone mog\u0105 wywiera\u0107 presj\u0119 na wszystkie inne pa\u0144stwa. Je\u015bli jednak poszkodowani zjednocz\u0105 si\u0119 i wsp\u00f3lnie na\u0142o\u017c\u0105 c\u0142a odwetowe na produkty ameryka\u0144skie, bilans koszt\u00f3w i korzy\u015bci dla Waszyngtonu ulegnie drastycznej zmianie. UE przyj\u0119\u0142a wprawdzie wzajemne c\u0142a karne, ale dotychczas wstrzymywa\u0142a si\u0119 z wprowadzeniem tych \u015brodk\u00f3w odwetowych.<\/p>\n<p>Dla Europy post\u0119powanie Carney\u2019a jest d\u0142ugo wyczekiwanym sygna\u0142em do dzia\u0142ania. Chocia\u017c UE jest znacznie silniejsza gospodarczo ni\u017c Kanada, nadal pozostaje w stanie niepewnego wyczekiwania. Je\u015bli Europa i inne pa\u0144stwa dotkni\u0119te c\u0142ami karnymi nie zareaguj\u0105 wsp\u00f3lnie, pozostan\u0105 one nadal zabawk\u0105 w r\u0119kach arbitralnych decyzji Trumpa.<\/p>\n","protected":false},"excerpt":{"rendered":"Tego Donald Trump raczej si\u0119 nie spodziewa\u0142. To w\u0142a\u015bnie Kanada, najbli\u017cszy s\u0105siad USA, znacznie s\u0142absza zar\u00f3wno pod wzgl\u0119dem&hellip;\n","protected":false},"author":2,"featured_media":649485,"comment_status":"","ping_status":"","sticky":false,"template":"","format":"standard","meta":{"footnotes":"","_share_on_mastodon":"0"},"categories":[14],"tags":[56,61195,32,33,63,44,27,193,34,35,10875,28,31,48,25,46,40,41,47,80,29,30,71,26,82,83,84],"class_list":["post-649484","post","type-post","status-publish","format-standard","has-post-thumbnail","category-swiat","tag-article_premium","tag-bottomfeed_styl","tag-breaking-news","tag-breakingnews","tag-cla","tag-donald_trump","tag-headlines","tag-kanada","tag-latest-news","tag-latestnews","tag-mark_carney","tag-naglowki","tag-najwazniejsze-artykuly","tag-nat_styl","tag-news","tag-omp","tag-polish","tag-polski","tag-screening_general","tag-swiat","tag-top-stories","tag-topstories","tag-usa","tag-wiadomosci","tag-world","tag-world-news","tag-worldnews"],"share_on_mastodon":{"url":"https:\/\/pubeurope.com\/@pl\/117166697798801898","error":""},"_links":{"self":[{"href":"https:\/\/www.europesays.com\/pl\/wp-json\/wp\/v2\/posts\/649484","targetHints":{"allow":["GET"]}}],"collection":[{"href":"https:\/\/www.europesays.com\/pl\/wp-json\/wp\/v2\/posts"}],"about":[{"href":"https:\/\/www.europesays.com\/pl\/wp-json\/wp\/v2\/types\/post"}],"author":[{"embeddable":true,"href":"https:\/\/www.europesays.com\/pl\/wp-json\/wp\/v2\/users\/2"}],"replies":[{"embeddable":true,"href":"https:\/\/www.europesays.com\/pl\/wp-json\/wp\/v2\/comments?post=649484"}],"version-history":[{"count":0,"href":"https:\/\/www.europesays.com\/pl\/wp-json\/wp\/v2\/posts\/649484\/revisions"}],"wp:featuredmedia":[{"embeddable":true,"href":"https:\/\/www.europesays.com\/pl\/wp-json\/wp\/v2\/media\/649485"}],"wp:attachment":[{"href":"https:\/\/www.europesays.com\/pl\/wp-json\/wp\/v2\/media?parent=649484"}],"wp:term":[{"taxonomy":"category","embeddable":true,"href":"https:\/\/www.europesays.com\/pl\/wp-json\/wp\/v2\/categories?post=649484"},{"taxonomy":"post_tag","embeddable":true,"href":"https:\/\/www.europesays.com\/pl\/wp-json\/wp\/v2\/tags?post=649484"}],"curies":[{"name":"wp","href":"https:\/\/api.w.org\/{rel}","templated":true}]}}