{"id":649500,"date":"2026-08-27T09:23:13","date_gmt":"2026-08-27T09:23:13","guid":{"rendered":"https:\/\/www.europesays.com\/pl\/649500\/"},"modified":"2026-08-27T09:23:13","modified_gmt":"2026-08-27T09:23:13","slug":"zderzenie-aut-na-ekspresowce-trasa-lublin-warszawa-zablokowana-lublin112-wiadomosci-z-lublina-i-regionu-wazne-informacje-z-kraju","status":"publish","type":"post","link":"https:\/\/www.europesays.com\/pl\/649500\/","title":{"rendered":"Zderzenie aut na ekspres\u00f3wce. Trasa Lublin \u2013 Warszawa zablokowana : Lublin112 \u2013 Wiadomo\u015bci z Lublina i regionu. Wa\u017cne informacje z kraju"},"content":{"rendered":"<p>Do zdarzenia dosz\u0142o w czwartek, 27 sierpnia, na drodze ekspresowej S12\/17. Po godzinie 10, na wysoko\u015bci miejscowo\u015bci Chrz\u0105ch\u00f3wek, czyli mi\u0119dzy w\u0119z\u0142ami Kur\u00f3w Wsch\u00f3d a Kur\u00f3w Zach\u00f3d, zderzy\u0142y si\u0119 trzy samochody: dwa osobowe i ci\u0119\u017carowy. Na miejscu interweniowa\u0142y s\u0142u\u017cby ratunkowe.<\/p>\n<p>Jak nam przekazano, zdarzenie mia\u0142o miejsce na odcinku, gdzie z uwagi na prace drogowe zamkni\u0119ta zosta\u0142a jedna jezdnia i wprowadzono ruch dwukierunkowy. Wiadomo ju\u017c, \u017ce dwie osoby zosta\u0142y poszkodowane. Policjanci wyja\u015bniaj\u0105, i\u017c jeden z uczestnik\u00f3w kolizji oddali\u0142 si\u0119 z miejsca zdarzenia.<\/p>\n<p>Obecnie trwa akcja s\u0142u\u017cb, prowadzone s\u0105 te\u017c czynno\u015bci wyja\u015bniaj\u0105ce. Funkcjonariusze ustalaj\u0105 szczeg\u00f3\u0142owe okoliczno\u015bci oraz przyczyny zdarzenia.<\/p>\n<p>Kierowc\u00f3w czekaj\u0105 du\u017ce problemy z przejazdem. Droga jest ca\u0142kowicie zablokowana. Z obu stron utworzy\u0142y si\u0119 ju\u017c wielokilometrowe korki. Wprowadzono objazd z w\u0119z\u0142a Kur\u00f3w Wsch\u00f3d do w\u0119z\u0142a Kur\u00f3w Zach\u00f3d \u201eStar\u0105\u201d tras\u0105 przez Kur\u00f3w, Ko\u0144skowol\u0119 i Pu\u0142awy. Na razie nie wiadomo jeszcze, jak d\u0142ugo potrwaj\u0105 utrudnienia.<\/p>\n<p>\n                                    <a href=\"https:\/\/www.google.com\/preferences\/source?q=lublin112.pl\" target=\"_blank\" rel=\"noopener noreferrer nofollow\" onclick=\"if (!window.__cfRLUnblockHandlers) return false; gtag(&#039;event&#039;, &#039;google_preferred_source_click&#039;, {&#010;                                           &#039;link_url&#039;: this.href,&#010;                                           &#039;link_text&#039;: &#039;Ustaw lublin112.pl jako preferowane \u017ar\u00f3d\u0142o&#039;&#010;                                       });\" style=\"text-align:center;display:block;\" data-cf-modified-1e23700ddcb96a5f6cad4532-=\"\"><br \/>\n                                        <img decoding=\"async\" src=\"https:\/\/www.europesays.com\/pl\/wp-content\/uploads\/2026\/08\/1787822593_133_lublin112-google-source.webp\" alt=\"Ustaw lublin112.pl jako preferowane \u017ar\u00f3d\u0142o w Google\" style=\"max-width: 70%;\"\/><br \/>\n                                    <\/a><br \/>\n                                    <\/p>\n","protected":false},"excerpt":{"rendered":"Do zdarzenia dosz\u0142o w czwartek, 27 sierpnia, na drodze ekspresowej S12\/17. Po godzinie 10, na wysoko\u015bci miejscowo\u015bci Chrz\u0105ch\u00f3wek,&hellip;\n","protected":false},"author":2,"featured_media":649501,"comment_status":"","ping_status":"","sticky":false,"template":"","format":"standard","meta":{"footnotes":"","_share_on_mastodon":"0"},"categories":[51612],"tags":[105660,3431,126469,1081,127103,42,38,40,39,41,50530,20302,19273,2588,52324],"class_list":["post-649500","post","type-post","status-publish","format-standard","has-post-thumbnail","category-lublin","tag-chrzachowek","tag-kolizja","tag-kurow","tag-lublin","tag-lublin-warszawa","tag-pl","tag-poland","tag-polish","tag-polska","tag-polski","tag-s12","tag-s17","tag-utrudnienia-w-ruchu","tag-wypadek","tag-zablokowana-droga"],"share_on_mastodon":{"url":"https:\/\/pubeurope.com\/@pl\/117166748694652457","error":""},"_links":{"self":[{"href":"https:\/\/www.europesays.com\/pl\/wp-json\/wp\/v2\/posts\/649500","targetHints":{"allow":["GET"]}}],"collection":[{"href":"https:\/\/www.europesays.com\/pl\/wp-json\/wp\/v2\/posts"}],"about":[{"href":"https:\/\/www.europesays.com\/pl\/wp-json\/wp\/v2\/types\/post"}],"author":[{"embeddable":true,"href":"https:\/\/www.europesays.com\/pl\/wp-json\/wp\/v2\/users\/2"}],"replies":[{"embeddable":true,"href":"https:\/\/www.europesays.com\/pl\/wp-json\/wp\/v2\/comments?post=649500"}],"version-history":[{"count":0,"href":"https:\/\/www.europesays.com\/pl\/wp-json\/wp\/v2\/posts\/649500\/revisions"}],"wp:featuredmedia":[{"embeddable":true,"href":"https:\/\/www.europesays.com\/pl\/wp-json\/wp\/v2\/media\/649501"}],"wp:attachment":[{"href":"https:\/\/www.europesays.com\/pl\/wp-json\/wp\/v2\/media?parent=649500"}],"wp:term":[{"taxonomy":"category","embeddable":true,"href":"https:\/\/www.europesays.com\/pl\/wp-json\/wp\/v2\/categories?post=649500"},{"taxonomy":"post_tag","embeddable":true,"href":"https:\/\/www.europesays.com\/pl\/wp-json\/wp\/v2\/tags?post=649500"}],"curies":[{"name":"wp","href":"https:\/\/api.w.org\/{rel}","templated":true}]}}