{"id":649540,"date":"2026-08-27T09:43:10","date_gmt":"2026-08-27T09:43:10","guid":{"rendered":"https:\/\/www.europesays.com\/pl\/649540\/"},"modified":"2026-08-27T09:43:10","modified_gmt":"2026-08-27T09:43:10","slug":"niedziela-handlowa-30-sierpnia-sprawdz-godziny-otwarcia-biedronki-lidla-i-dino","status":"publish","type":"post","link":"https:\/\/www.europesays.com\/pl\/649540\/","title":{"rendered":"Niedziela handlowa 30 sierpnia. Sprawd\u017a godziny otwarcia Biedronki, Lidla i Dino"},"content":{"rendered":"<p>\tCzy 30 sierpnia jest niedziela handlowa?<br \/>\n\tGodziny otwarcia sklep\u00f3w 30 sierpnia 2026<br \/>\n\tW jakie \u015bwi\u0119ta obowi\u0105zuje zakaz handlu?<br \/>\n\tNiedziele handlowe w 2026 roku<br \/>\n\tGdzie zrobi\u0107 zakupy w niedziele niehandlowe?<\/p>\n<p>Czy 30 sierpnia jest niedziela handlowa?<\/p>\n<p>Koniec wakacji przynosi kolejn\u0105 okazj\u0119 do zrobienia niedzielnych zakup\u00f3w. 30 sierpnia 2026 r. to niedziela handlowa i zarazem jedna z o\u015bmiu niedziel w roku, w kt\u00f3rych nie obowi\u0105zuje zakaz handlu. Na kolejn\u0105 trzeba b\u0119dzie poczeka\u0107 do grudnia.<\/p>\n<p>Godziny otwarcia sklep\u00f3w 30 sierpnia 2026. Biedronka, Lidl, Dino i inne sieci<\/p>\n<p>Sama mo\u017cliwo\u015b\u0107 prowadzenia handlu w niedziel\u0119 nie oznacza, \u017ce wszystkie plac\u00f3wki b\u0119d\u0105 dzia\u0142a\u0142y w takich samych godzinach jak w pozosta\u0142e dni tygodnia. Wiele sieci handlowych w niedziele handlowe ustala godziny pracy inaczej ni\u017c od poniedzia\u0142ku do soboty.<\/p>\n<p>Z tego wzgl\u0119du podajemy, w jakich godzinach maj\u0105 by\u0107 otwarte najbardziej popularne sieci handlowe w Polsce:<\/p>\n<p>\twi\u0119kszo\u015b\u0107 dyskont\u00f3w sieci Biedronka b\u0119dzie czynna w godz. od 6:00 do 22:00;<br \/>\n\tmarkety Dino b\u0119d\u0105 czynne w godz. od 8:30 do 20:00;<br \/>\n\tsklepy Lidla b\u0119d\u0105 czynne, tak jak w ka\u017cdy dzie\u0144, najcz\u0119\u015bciej od 6:00 do 22:00;<br \/>\n\tmarkety sieci Kaufland b\u0119d\u0105 czynne w godz. od 8:00 do 22:00;<br \/>\n\tplac\u00f3wki Auchan przewa\u017cnie b\u0119d\u0105 otwarte w godz. od 9:00 do 20:00;<br \/>\n\tsklepy sieci Aldi b\u0119d\u0105 czynne w godz. od 7:00 do 22:00;<br \/>\n\tdyskonty Netto b\u0119d\u0105 czynne w godz. od 8:00 do 20:00;<br \/>\n\tmarkety sieci Stokrotka b\u0119d\u0105 dzia\u0142a\u0107 w godz. od 8:00 do 20:00;<br \/>\n\tplac\u00f3wki sieci Polomarket b\u0119d\u0105 otwarte w godz. od 9:00 do 17:00.<\/p>\n<p>W przypadku \u017babki, Intermarche, Chaty Polskiej, ABC, Groszka, Lewiatana, Livio czy Chroten godziny otwarcia zale\u017c\u0105 od przedsi\u0119biorc\u00f3w prowadz\u0105cych poszczeg\u00f3lne plac\u00f3wki. To franczyzobiorcy decyduj\u0105 o tym, w jakich godzinach sklepy b\u0119d\u0105 funkcjonowa\u0107 w niedziele i \u015bwi\u0119ta.<\/p>\n<p>W jakie \u015bwi\u0119ta obowi\u0105zuje zakaz handlu?<\/p>\n<p>Zasady ograniczaj\u0105ce handel w niedziele i \u015bwi\u0119ta wynikaj\u0105 z ustawy z 2018 r. Przepisy okre\u015blaj\u0105 nie tylko niedziele obj\u0119te zakazem, ale r\u00f3wnie\u017c konkretne dni \u015bwi\u0105teczne. W tych terminach pracodawca nie mo\u017ce zleca\u0107 pracownikom ani osobom wykonuj\u0105cym prac\u0119 np. na podstawie umowy zlecenia zaj\u0119\u0107 zwi\u0105zanych z handlem.<\/p>\n<p>Zakaz handlu obejmuje niedziele i nast\u0119puj\u0105ce \u015bwi\u0119ta:<\/p>\n<p>\t1 stycznia \u2013 Nowy Rok;<br \/>\n\t6 stycznia \u2013 \u015awi\u0119to Trzech Kr\u00f3li;<br \/>\n\tpierwszy i drugi dzie\u0144 Wielkiej Nocy;<br \/>\n\t1 maja \u2013 \u015awi\u0119to Pa\u0144stwowe;<br \/>\n\t3 maja \u2013 \u015awi\u0119to Narodowe Trzeciego Maja;<br \/>\n\tpierwszy dzie\u0144 Zielonych \u015awi\u0105tek;<br \/>\n\tdzie\u0144 Bo\u017cego Cia\u0142a;<br \/>\n\t15 sierpnia \u2013 Wniebowzi\u0119cie Naj\u015bwi\u0119tszej Maryi Panny;<br \/>\n\t1 listopada \u2013 Wszystkich \u015awi\u0119tych;<br \/>\n\t11 listopada \u2013 Narodowe \u015awi\u0119to Niepodleg\u0142o\u015bci;<br \/>\n\t24 grudnia \u2013 Wigilia;<br \/>\n\t25 grudnia \u2013 pierwszy dzie\u0144 Bo\u017cego Narodzenia;<br \/>\n\t26 grudnia \u2013 drugi dzie\u0144 Bo\u017cego Narodzenia.<\/p>\n<p>Niedziele handlowe w 2026 roku<\/p>\n<p>Warto przypomnie\u0107, \u017ce zakaz handlu w Wigili\u0119 obowi\u0105zuje od pocz\u0105tku 2025 r. Jednocze\u015bnie w grudniu przypadaj\u0105 a\u017c trzy niedziele handlowe. \u0141\u0105cznie w 2026 roku mamy wi\u0119c osiem niedziel handlowych.<\/p>\n<p>Pierwsza przypada w ostatni\u0105 niedziel\u0119 stycznia i stanowi rekompensat\u0119 za zakaz handlu w \u015awi\u0119to Trzech Kr\u00f3li. Kolejna przypada tydzie\u0144 przed Wielkanoc\u0105, czyli w Niedziel\u0119 Palmow\u0105. Handel jest tak\u017ce ustawowo dozwolony tu\u017c przed maj\u00f3wk\u0105, na pocz\u0105tku i na koniec wakacji.<\/p>\n<p>Niedziele handlowe w 2026 roku przypadaj\u0105 w nast\u0119puj\u0105cych dniach:<\/p>\n<p>\t25 stycznia;<br \/>\n\t29 marca;<br \/>\n\t26 kwietnia;<br \/>\n\t28 czerwca;<br \/>\n\t30 sierpnia;<br \/>\n\t6 grudnia;<br \/>\n\t13 grudnia;<br \/>\n\t20 grudnia.<\/p>\n<p>W pozosta\u0142e niedziele obowi\u0105zuje zakaz handlu, cho\u0107 ustawa przewiduje ponad 30 wyj\u0105tk\u00f3w.<\/p>\n<p>Gdzie zrobi\u0107 zakupy w niedziele niehandlowe?<\/p>\n<p>Zakaz handlu nie dotyczy wszystkich plac\u00f3wek. Sklepy mog\u0105 dzia\u0142a\u0107 r\u00f3wnie\u017c w niedziele niehandlowe, je\u017celi spe\u0142niaj\u0105 warunki okre\u015blone w przepisach. Jednym z wyj\u0105tk\u00f3w s\u0105 plac\u00f3wki, w kt\u00f3rych sprzeda\u017c prowadzi osobi\u015bcie w\u0142a\u015bciciel albo korzysta on z pomocy najbli\u017cszej rodziny.<\/p>\n<p>To rozwi\u0105zanie sprawia, \u017ce r\u00f3wnie\u017c w niedziele obj\u0119te zakazem mog\u0105 dzia\u0142a\u0107 sklepy franczyzowe, w tym \u017babka, Chata Polska, Delikatesy Centrum, Lewiatan, Livio czy Chroten. Godziny ich pracy ustalaj\u0105 prowadz\u0105cy konkretne plac\u00f3wki.<\/p>\n<p>Handel mo\u017ce by\u0107 prowadzony tak\u017ce na stacjach paliw. Otwarte mog\u0105 by\u0107 ponadto kwiaciarnie, apteki i punkty apteczne, sklepy z pami\u0105tkami i dewocjonaliami, saloniki prasowe oraz kioski. Wyj\u0105tek od zakazu obejmuje r\u00f3wnie\u017c piekarnie.<\/p>\n<p><img decoding=\"async\" src=\"data:image\/png;base64,iVBORw0KGgoAAAANSUhEUgAAAAEAAAABCAYAAAAfFcSJAAAADUlEQVR42mNk+P+\/HgAFhAJ\/wlseKgAAAABJRU5ErkJggg==\"\/><\/p>\n","protected":false},"excerpt":{"rendered":"Czy 30 sierpnia jest niedziela handlowa? Godziny otwarcia sklep\u00f3w 30 sierpnia 2026 W jakie \u015bwi\u0119ta obowi\u0105zuje zakaz handlu?&hellip;\n","protected":false},"author":2,"featured_media":649541,"comment_status":"","ping_status":"","sticky":false,"template":"","format":"standard","meta":{"footnotes":"","_share_on_mastodon":"0"},"categories":[52249],"tags":[857,41997,90296,9382,100703,36675,36676,100705,100704,42,38,40,39,41,55497],"class_list":["post-649540","post","type-post","status-publish","format-standard","has-post-thumbnail","category-dino-polska","tag-dino","tag-dino-polska","tag-godziny-otwarcia-sklepow","tag-niedziela-handlowa","tag-niedziela-handlowa-28-czerwca","tag-niedziele-handlowe","tag-niedziele-handlowe-2026","tag-niedziele-handlowe-w-2026-kalendarz","tag-niedziele-handlowe-w-2026-roku-harmonogram","tag-pl","tag-poland","tag-polish","tag-polska","tag-polski","tag-zakaz-handlu-w-niedziele"],"share_on_mastodon":{"url":"https:\/\/pubeurope.com\/@pl\/117166827567858265","error":""},"_links":{"self":[{"href":"https:\/\/www.europesays.com\/pl\/wp-json\/wp\/v2\/posts\/649540","targetHints":{"allow":["GET"]}}],"collection":[{"href":"https:\/\/www.europesays.com\/pl\/wp-json\/wp\/v2\/posts"}],"about":[{"href":"https:\/\/www.europesays.com\/pl\/wp-json\/wp\/v2\/types\/post"}],"author":[{"embeddable":true,"href":"https:\/\/www.europesays.com\/pl\/wp-json\/wp\/v2\/users\/2"}],"replies":[{"embeddable":true,"href":"https:\/\/www.europesays.com\/pl\/wp-json\/wp\/v2\/comments?post=649540"}],"version-history":[{"count":0,"href":"https:\/\/www.europesays.com\/pl\/wp-json\/wp\/v2\/posts\/649540\/revisions"}],"wp:featuredmedia":[{"embeddable":true,"href":"https:\/\/www.europesays.com\/pl\/wp-json\/wp\/v2\/media\/649541"}],"wp:attachment":[{"href":"https:\/\/www.europesays.com\/pl\/wp-json\/wp\/v2\/media?parent=649540"}],"wp:term":[{"taxonomy":"category","embeddable":true,"href":"https:\/\/www.europesays.com\/pl\/wp-json\/wp\/v2\/categories?post=649540"},{"taxonomy":"post_tag","embeddable":true,"href":"https:\/\/www.europesays.com\/pl\/wp-json\/wp\/v2\/tags?post=649540"}],"curies":[{"name":"wp","href":"https:\/\/api.w.org\/{rel}","templated":true}]}}