{"id":649562,"date":"2026-08-27T09:55:11","date_gmt":"2026-08-27T09:55:11","guid":{"rendered":"https:\/\/www.europesays.com\/pl\/649562\/"},"modified":"2026-08-27T09:55:11","modified_gmt":"2026-08-27T09:55:11","slug":"wroclaw-160-placowek-po-remontach-za-183-mln-zl-nie-wszyscy-uczniowie-wroca-jednak-do-swoich-szkol","status":"publish","type":"post","link":"https:\/\/www.europesays.com\/pl\/649562\/","title":{"rendered":"Wroc\u0142aw: 160 plac\u00f3wek po remontach za 183 mln z\u0142! Nie wszyscy uczniowie wr\u00f3c\u0105 jednak do swoich szk\u00f3\u0142"},"content":{"rendered":"<p>Pierwszy dzwonek po wielkich remontach! Wroc\u0142aw wyda\u0142 rekordowe 183 mln z\u0142 na edukacj\u0119,<\/p>\n<p>Fot: Marek Bia\u0142ow\u0105s\/ RW<\/p>\n<p>Rekordowe wakacje na wroc\u0142awskich budowach. Miasto przeznaczy\u0142o 183 miliony z\u0142otych na remonty i modernizacje 160 szk\u00f3\u0142, przedszkoli oraz \u017c\u0142obk\u00f3w, cho\u0107 nie wszystkie prace uda\u0142o si\u0119 zako\u0144czy\u0107 przed pierwszym dzwonkiem.<\/p>\n<p style=\"text-align: justify;\">Okres wakacyjny powoli dobiega ko\u0144ca, zatem warto podsumowa\u0107 remonty we wroc\u0142awskich szko\u0142ach, przedszkolach i \u017c\u0142obkach. \u0141\u0105cznie miasto na rewitalizacje 160 plac\u00f3wek edukacyjnych przeznaczy\u0142o w tym roku 183 mln z\u0142otych. To dotychczasowy rekord je\u015bli chodzi o tego typu inwestycje.<\/p>\n<p style=\"text-align: justify;\">\u00a0<\/p>\n<p>Remont za ponad 5 mln z\u0142otych<\/p>\n<p style=\"text-align: justify;\">Wiele \u017c\u0142obk\u00f3w i przedszkoli przesz\u0142o kompletny remont, ale r\u00f3wnie\u017c wroc\u0142awskie licea czy szko\u0142y podstawowe odnowi\u0142y swoje wn\u0119trze. Co zmieni\u0142o si\u0119 w VIII Liceum Og\u00f3lnokszta\u0142c\u0105cym we Wroc\u0142awiu przy ul. Zaporowskiej t\u0142umaczy dyrektorka Anna Niewi\u0144ska:<\/p>\n<p style=\"text-align: justify;\">&#8211; Budynek zosta\u0142 kompleksowo docieplony. Przy okazji wymieniono stolark\u0119 okienn\u0105, zewn\u0119trzn\u0105 stolark\u0119 drzwiow\u0105, docieplono fundamenty i \u015bciany piwniczne oraz zaizolowano je. Wybudowano zewn\u0119trzn\u0105 wind\u0119 dla os\u00f3b niepe\u0142nosprawnych oraz zrewitalizowano patio.<\/p>\n<p>&#13;<br \/>\n\t\t\t\t\t\t\t\t\t\tAby ods\u0142ucha\u0107 za\u0142\u0105czonego d\u017awi\u0119ku zaktualizuj przegl\u0105dark\u0119 lub\/i wtyczk\u0119 Adobe Flash Player.&#13;\n\t\t\t\t\t\t\t\t\t<\/p>\n<p style=\"text-align: justify;\">Remont \u00f3smego liceum kosztowa\u0142 ponad 5 mln z\u0142otych i trwa\u0142 ok. 10 miesi\u0119cy. To jednak nie koniec zmian. W planach plac\u00f3wka ma rozbudow\u0119 szko\u0142y o nowy blok sportowy wraz z zagospodarowaniem terenu i infrastruktur\u0105 towarzysz\u0105c\u0105. Nowy obiekt b\u0119dzie mia\u0142 pe\u0142nowymiarow\u0105 sal\u0119 gimnastyczn\u0105 o powierzchni ponad 700 m. Dodatkowo na przysz\u0142y rok planowa jest tam wymiana instalacji grzewczej.<\/p>\n<p>Nie wszyscy uczniowie wr\u00f3c\u0105 1 wrze\u015bnia do swoich szk\u00f3\u0142<\/p>\n<p style=\"text-align: justify;\">Nie we wszystkich plac\u00f3wkach jednak wszystko posz\u0142o po dobrej my\u015bli. W pierwszym Liceum Og\u00f3lnokszta\u0142c\u0105cym przy ul. Poniatowskiego prace troch\u0119 si\u0119 op\u00f3\u017ani\u0142y, przez co liceali\u015bci od 1 wrze\u015bnia b\u0119d\u0105 przeniesieni na miesi\u0105c do Uniwersytetu WSB Merito. T\u0142umaczy dyrektor 1 LO Marek Sempik:<\/p>\n<p style=\"text-align: justify;\">&#8211; Chcieli\u015bmy ju\u017c teraz jak najszybciej zako\u0144czy\u0107 te prace g\u0142o\u015bne, tak \u017ceby uczniowie mogli we wrze\u015bniu wej\u015b\u0107 do szko\u0142y. Wykonawca poinformowa\u0142 nas, \u017ce o miesi\u0105c musimy ten czas jeszcze tych takich trudnych prac przed\u0142u\u017cy\u0107. Uczniowie od 1 wrze\u015bnia b\u0119d\u0105 uczy\u0107 si\u0119 w Uniwersytecie WSB Merito.<\/p>\n<p style=\"text-align: justify;\">\n<p>&#13;<br \/>\n\t\t\t\t\t\t\t\t\t\tAby ods\u0142ucha\u0107 za\u0142\u0105czonego d\u017awi\u0119ku zaktualizuj przegl\u0105dark\u0119 lub\/i wtyczk\u0119 Adobe Flash Player.&#13;\n\t\t\t\t\t\t\t\t\t<\/p>\n<\/p>\n<p style=\"text-align: justify;\">Przesuni\u0119cie prac wynika z pojawienia si\u0119 wielowarstwowo\u015bci \u015bcian i odpadaj\u0105cego tynku, podczas wymiany instalacji elektrycznej i zabezpieczenia szko\u0142y przeciwpo\u017carowo.<\/p>\n<p>Dziesi\u0105tki milion\u00f3w na remonty<\/p>\n<p style=\"text-align: justify;\">W sezonie wakacyjnych rewitalizacj\u0119 przesz\u0142o 160 plac\u00f3wek. Pierwotnie w planie by\u0142 remont 140 szk\u00f3\u0142, przedszkoli i \u017c\u0142obk\u00f3w, ale jak m\u00f3wi Marcin Miedzi\u0144ski, zast\u0119pca dyrektora Departamentu Edukacji, uda\u0142o si\u0119 znale\u017a\u0107 \u015brodki na dodatkowe 20 obiekt\u00f3w szkolnych:<\/p>\n<p style=\"text-align: justify;\">&#8211; Uda\u0142o nam si\u0119 znale\u017a\u0107 oszcz\u0119dno\u015bci na innych zadaniach i te oszcz\u0119dno\u015bci zosta\u0142y przekazane na wydatki zwi\u0105zane z remontem infrastruktury edukacyjnej po to, aby polepszy\u0107 warunki dla uczni\u00f3w od tego wrze\u015bnia ju\u017c tego roku, a tak\u017ce \u017ceby zwi\u0119ksza\u0107 bezpiecze\u0144stwo czy \u017ceby oszcz\u0119dza\u0107 na wydatkach zwi\u0105zanych z utrzymaniem szk\u00f3\u0142, na przyk\u0142ad poprzez wymian\u0119 o\u015bwietlenia czy termomodernizacj\u0119 budynk\u00f3w.<\/p>\n<p style=\"text-align: justify;\">\n<p>&#13;<br \/>\n\t\t\t\t\t\t\t\t\t\tAby ods\u0142ucha\u0107 za\u0142\u0105czonego d\u017awi\u0119ku zaktualizuj przegl\u0105dark\u0119 lub\/i wtyczk\u0119 Adobe Flash Player.&#13;\n\t\t\t\t\t\t\t\t\t<\/p>\n<\/p>\n<p style=\"text-align: justify;\">W\u015br\u00f3d wyremontowanych plac\u00f3wek s\u0105 m.in. najstarsza szko\u0142a podstawowa we Wroc\u0142awiu, czyli historyczna jedynka przy ul. Nowowiejskiej 78 czy wszystkie 18 miejskich \u017c\u0142obk\u00f3w, kt\u00f3rych koszt rewitalizacji wyni\u00f3s\u0142 ponad milion z\u0142otych.<\/p>\n","protected":false},"excerpt":{"rendered":"Pierwszy dzwonek po wielkich remontach! Wroc\u0142aw wyda\u0142 rekordowe 183 mln z\u0142 na edukacj\u0119, Fot: Marek Bia\u0142ow\u0105s\/ RW Rekordowe&hellip;\n","protected":false},"author":2,"featured_media":649563,"comment_status":"","ping_status":"","sticky":false,"template":"","format":"standard","meta":{"footnotes":"","_share_on_mastodon":"0"},"categories":[51607],"tags":[117008,80124,55261,92113,71660,31604,42,127106,6022,38,40,39,41,127107,127109,68441,6160,127108,1853,59693,56290,49833],"class_list":["post-649562","post","type-post","status-publish","format-standard","has-post-thumbnail","category-wroclaw","tag-117008","tag-80124","tag-do","tag-jednak","tag-mln","tag-nie","tag-pl","tag-placowek","tag-po","tag-poland","tag-polish","tag-polska","tag-polski","tag-remontach","tag-swoich","tag-szkol","tag-uczniowie","tag-wroca","tag-wroclaw","tag-wszyscy","tag-za","tag-zl"],"share_on_mastodon":{"url":"","error":""},"_links":{"self":[{"href":"https:\/\/www.europesays.com\/pl\/wp-json\/wp\/v2\/posts\/649562","targetHints":{"allow":["GET"]}}],"collection":[{"href":"https:\/\/www.europesays.com\/pl\/wp-json\/wp\/v2\/posts"}],"about":[{"href":"https:\/\/www.europesays.com\/pl\/wp-json\/wp\/v2\/types\/post"}],"author":[{"embeddable":true,"href":"https:\/\/www.europesays.com\/pl\/wp-json\/wp\/v2\/users\/2"}],"replies":[{"embeddable":true,"href":"https:\/\/www.europesays.com\/pl\/wp-json\/wp\/v2\/comments?post=649562"}],"version-history":[{"count":0,"href":"https:\/\/www.europesays.com\/pl\/wp-json\/wp\/v2\/posts\/649562\/revisions"}],"wp:featuredmedia":[{"embeddable":true,"href":"https:\/\/www.europesays.com\/pl\/wp-json\/wp\/v2\/media\/649563"}],"wp:attachment":[{"href":"https:\/\/www.europesays.com\/pl\/wp-json\/wp\/v2\/media?parent=649562"}],"wp:term":[{"taxonomy":"category","embeddable":true,"href":"https:\/\/www.europesays.com\/pl\/wp-json\/wp\/v2\/categories?post=649562"},{"taxonomy":"post_tag","embeddable":true,"href":"https:\/\/www.europesays.com\/pl\/wp-json\/wp\/v2\/tags?post=649562"}],"curies":[{"name":"wp","href":"https:\/\/api.w.org\/{rel}","templated":true}]}}