{"id":649676,"date":"2026-08-27T11:05:25","date_gmt":"2026-08-27T11:05:25","guid":{"rendered":"https:\/\/www.europesays.com\/pl\/649676\/"},"modified":"2026-08-27T11:05:25","modified_gmt":"2026-08-27T11:05:25","slug":"gen-drewniak-o-wizycie-szefa-cia-w-moskwie-mogli-dostac-sygnal","status":"publish","type":"post","link":"https:\/\/www.europesays.com\/pl\/649676\/","title":{"rendered":"Gen. Drewniak o wizycie szefa CIA w Moskwie. &#8222;Mogli dosta\u0107 sygna\u0142&#8221;"},"content":{"rendered":"<p>Gen. Drewniak komentuje <a href=\"https:\/\/wiadomosci.onet.pl\/kraj\/po-co-szef-cia-polecial-do-moskwy-polski-rzad-dostal-informacje-z-usa\/d8fg0rx\" id=\"d014a2c9-45bf-4744-b534-989a756d9661\" rel=\"nofollow noopener\" target=\"_blank\">wizyt\u0119 szefa CIA Johna Ratcliffe&#8217;a w Moskwie.<\/a> Go\u015b\u0107 Onetu pytany by\u0142 o cel rozm\u00f3w. \u2014 Z tego, co uda\u0142o si\u0119 dowiedzie\u0107 z r\u00f3\u017cnych doniesie\u0144, raczej by\u0142 to jasny sygna\u0142 od USA o tym, o czym si\u0119 m\u00f3wi w przestrzeni medialnej od kilku tygodni, czyli o pr\u00f3bie eskalacji rosyjskiej. My\u015bl\u0119, \u017ce USA jasno przekaza\u0142y swoje stanowisko, \u017ce pr\u00f3by jakiejkolwiek eskalacji w kierunku kraj\u00f3w ba\u0142tyckich czy Morza Ba\u0142tyckiego b\u0119d\u0105 mocno oceniane przez Stany Zjednoczone \u2014 wskazuje ekspert.\u2014 Te r\u00f3\u017cne sytuacje, \u017ce mo\u017ce Rosja liczy\u0107, \u017ce mo\u017ce NATO jest s\u0142absze, \u017ce <a href=\"https:\/\/wiadomosci.onet.pl\/swiat\/panstwa-nato-otrzymaly-prosbe-z-usa-maja-ocenic-polityke-donalda-trumpa\/blf7ttd\" id=\"b10c9fa6-ae16-42c0-9f19-468be20c6ccd\" rel=\"nofollow noopener\" target=\"_blank\">trwaj\u0105 pewne rozmowy wewn\u0105trz NATO<\/a>, nie wp\u0142ywaj\u0105 na to, jak Amerykanie postrzegaj\u0105 bezpiecze\u0144stwo w Europie. \u2014 My\u015bl\u0119, \u017ce to by\u0142 jasny przekaz dla Rosji \u2014 dodaje Drewniak.Nowe doniesienia o celu wizyty szefa CIA w Rosji. &#8222;S\u0142u\u017cy\u0142a ostrze\u017ceniu przed atakiem na NATO&#8221;<img class=\"ods-a-photo ods-a-photo--background\" src=\"https:\/\/www.europesays.com\/pl\/wp-content\/uploads\/2026\/08\/IkNk9lBaHR0cHM6Ly9vY2RuLmV1L3B1bHNjbXMvTURBXy9hMjdkODBhNjY1MTVjYWIzNThmOGE5ZWU1Y2MwZTNhNC5qcGeRlQLNA.jpeg\" height=\"297\" width=\"450\" alt=\"John Ratcliffe; Kreml w tle\" loading=\"lazy\" fetchpriority=\"low\" decoding=\"async\"\/>Amerykanie wiedz\u0105 wi\u0119cej? &#8222;Mogli dosta\u0107 sygna\u0142y&#8221;<\/p>\n<p>By\u0142y inspektor Si\u0142 Powietrznych dopytywany by\u0142 o to, czy wizyta ta jest znakiem, \u017ce USA wiedz\u0105 wi\u0119cej o planach Rosji. Genera\u0142 przyznaje, \u017ce jest to mo\u017cliwe. \u2014 Amerykanie maj\u0105 chyba najbardziej rozbudowany system wywiadowczy na \u015bwiecie i mog\u0105 posiada\u0107 informacje, kt\u00f3rych europejska cz\u0119\u015b\u0107 NATO nie ma i ta szybka, niespodziewana wizyta szefa CIA mo\u017ce si\u0119 z tym wi\u0105za\u0107 \u2014 stwierdza.<\/p>\n<p>Ocenia, \u017ce mo\u017ce by\u0107 tak, \u017ce Amerykanie &#8222;dostali jakie\u015b sygna\u0142y ze swoich aktyw\u00f3w rozpoznawczych i szef CIA jasno powiedzia\u0142 Kremlowi: nie r\u00f3bcie tego, nie id\u017acie t\u0105 drog\u0105, bo to si\u0119 spotka z nasz\u0105 zdecydowan\u0105 odpowiedzi\u0105&#8221;.<\/p>\n<p>Po co szef CIA by\u0142 w Moskwie? &#8222;Dla \u015bwiata by\u0142oby gorzej, gdyby nie rozmawiali&#8221;<img class=\"ods-a-photo ods-a-photo--background\" src=\"https:\/\/www.europesays.com\/pl\/wp-content\/uploads\/2026\/08\/7-Dk9lBaHR0cHM6Ly9vY2RuLmV1L3B1bHNjbXMvTURBXy81Njc1NGUyMDc1ZGJiM2ZlNjAyYjk4ZjA3ZDg4NTEzZS5wbmeRlQLNA.jpeg\" height=\"253\" width=\"450\" alt=\"Kreml i szef CIA John Ratcliffe\" loading=\"lazy\" fetchpriority=\"low\" decoding=\"async\"\/>W NATO jest konsensus? Chodzi o dzia\u0142ania wobec Rosji<\/p>\n<p>Gen. ocenia tak\u017ce gotowo\u015b\u0107 NATO na potencjaln\u0105 eskalacj\u0119 ze strony Rosji. \u2014 Je\u017celi plani\u015bci wojskowi [Sojuszu] ju\u017c nad tym pracuj\u0105 i ujmuj\u0105 to w planach wojskowych, to znaczy, \u017ce jest zgoda polityczna, bo Sojusz jest struktur\u0105 polityczno-wojskow\u0105 i \u017ceby wojsko zacz\u0119\u0142o planowa\u0107 jakiekolwiek dzia\u0142ania o takim wymiarze, musi by\u0107 konsensus polityczny \u2014 m\u00f3wi ekspert.<\/p>\n<p>Zaznacza, \u017ce du\u017cym sukcesem jest, \u017ce osi\u0105gni\u0119to &#8222;konsensus polityczny, \u017ce po ataku rosyjskim przyst\u0119pujemy do obrony i obni\u017cenia potencja\u0142u rosyjskiego na danym kierunku&#8221;. Wyja\u015bnia, \u017ce chodzi o ataki na infrastruktur\u0119 krytyczn\u0105, centra dowodzenia czy obiekty energetyczne na zapleczu frontu.<\/p>\n","protected":false},"excerpt":{"rendered":"Gen. Drewniak komentuje wizyt\u0119 szefa CIA Johna Ratcliffe&#8217;a w Moskwie. Go\u015b\u0107 Onetu pytany by\u0142 o cel rozm\u00f3w. \u2014&hellip;\n","protected":false},"author":2,"featured_media":649677,"comment_status":"","ping_status":"","sticky":false,"template":"","format":"standard","meta":{"footnotes":"","_share_on_mastodon":"0"},"categories":[14],"tags":[61195,32,33,14131,27,20036,49,34,35,28,31,48,160,25,46,13673,40,41,87,47,80,29,30,71,26,82,83,84],"class_list":["post-649676","post","type-post","status-publish","format-standard","has-post-thumbnail","category-swiat","tag-bottomfeed_styl","tag-breaking-news","tag-breakingnews","tag-cia","tag-headlines","tag-john_ratcliffe","tag-kraj","tag-latest-news","tag-latestnews","tag-naglowki","tag-najwazniejsze-artykuly","tag-nat_styl","tag-nato","tag-news","tag-omp","tag-onet_rano_wiem","tag-polish","tag-polski","tag-rosja","tag-screening_general","tag-swiat","tag-top-stories","tag-topstories","tag-usa","tag-wiadomosci","tag-world","tag-world-news","tag-worldnews"],"share_on_mastodon":{"url":"https:\/\/pubeurope.com\/@pl\/117167151531446345","error":""},"_links":{"self":[{"href":"https:\/\/www.europesays.com\/pl\/wp-json\/wp\/v2\/posts\/649676","targetHints":{"allow":["GET"]}}],"collection":[{"href":"https:\/\/www.europesays.com\/pl\/wp-json\/wp\/v2\/posts"}],"about":[{"href":"https:\/\/www.europesays.com\/pl\/wp-json\/wp\/v2\/types\/post"}],"author":[{"embeddable":true,"href":"https:\/\/www.europesays.com\/pl\/wp-json\/wp\/v2\/users\/2"}],"replies":[{"embeddable":true,"href":"https:\/\/www.europesays.com\/pl\/wp-json\/wp\/v2\/comments?post=649676"}],"version-history":[{"count":0,"href":"https:\/\/www.europesays.com\/pl\/wp-json\/wp\/v2\/posts\/649676\/revisions"}],"wp:featuredmedia":[{"embeddable":true,"href":"https:\/\/www.europesays.com\/pl\/wp-json\/wp\/v2\/media\/649677"}],"wp:attachment":[{"href":"https:\/\/www.europesays.com\/pl\/wp-json\/wp\/v2\/media?parent=649676"}],"wp:term":[{"taxonomy":"category","embeddable":true,"href":"https:\/\/www.europesays.com\/pl\/wp-json\/wp\/v2\/categories?post=649676"},{"taxonomy":"post_tag","embeddable":true,"href":"https:\/\/www.europesays.com\/pl\/wp-json\/wp\/v2\/tags?post=649676"}],"curies":[{"name":"wp","href":"https:\/\/api.w.org\/{rel}","templated":true}]}}